{"id":11110,"date":"2019-10-01T11:51:33","date_gmt":"2019-10-01T11:51:33","guid":{"rendered":"https:\/\/tuttosprint.ch\/?p=11110"},"modified":"2019-10-01T12:09:48","modified_gmt":"2019-10-01T12:09:48","slug":"mercedes-benz-und-der-internationale-tag-des-kaffees","status":"publish","type":"post","link":"https:\/\/tuttosprint.ch\/de\/mercedes-benz-und-der-internationale-tag-des-kaffees\/","title":{"rendered":"Mercedes-Benz und der Internationale Tag des Kaffees"},"content":{"rendered":"<h3>KAFI-PAUSE!\u00a0DER ATTENTION ASSIST FEIERT ZEHNJ\u00c4HRIGES JUBIL\u00c4UM \u2013<\/h3>\n<div>\n<p><a href=\"https:\/\/tuttosprint.ch\/wp-admin\/post.php?post=11110&amp;action=edit&amp;lang=de#_ednref1\" name=\"_edn1\"><\/a>Stuttgart. Ob mit Milch und Zucker oder schwarz, ob gebr\u00fcht oder mit Hochdruck zubereitet, ob aus einem gro\u00dfen Pott oder einem winzigen T\u00e4sschen: Kaffee hat Fans in der ganzen Welt. Auch die Deutschen lieben das Getr\u00e4nk. Rund 164 Liter Kaffee trinkt jeder Bundesb\u00fcrger j\u00e4hrlich im Schnitt. Als Hommage an die aromatischen Bohnen veranstaltet die International Coffee Organization (ICO) heute den Tag des Kaffees. Den Wachmacher-Effekt des Kaffees nutzt auch die Marke mit dem Stern: Vor zehn Jahren hat Mercedes-Benz den M\u00fcdigkeitswarner ATTENTION ASSIST als Weltpremiere vorgestellt.<\/p>\n<\/div>\n<div><\/div>\n<div>\n<figure id=\"attachment_11105\" aria-describedby=\"caption-attachment-11105\" style=\"width: 650px\" class=\"wp-caption aligncenter\"><img loading=\"lazy\" decoding=\"async\" class=\"wp-image-11105 size-large\" src=\"https:\/\/tuttosprint.ch\/wp-content\/uploads\/2019\/10\/11C966_034-1024x768.jpg\" alt=\"\" width=\"660\" height=\"495\" srcset=\"https:\/\/tuttosprint.ch\/wp-content\/uploads\/2019\/10\/11C966_034-1024x768.jpg 1024w, https:\/\/tuttosprint.ch\/wp-content\/uploads\/2019\/10\/11C966_034-300x225.jpg 300w, https:\/\/tuttosprint.ch\/wp-content\/uploads\/2019\/10\/11C966_034-768x576.jpg 768w\" sizes=\"auto, (max-width: 660px) 100vw, 660px\" \/><figcaption id=\"caption-attachment-11105\" class=\"wp-caption-text\">Mercedes-Benz B-Klasse: M\u00fcdigkeitserkennung ATTENTION ASSIST<\/figcaption><\/figure>\n<\/div>\n<div><strong>\u201eEinfacher und international verst\u00e4ndlicher als mit einer Kaffeetasse l\u00e4sst sich \u201amach mal Pause\u2018 nicht illustrieren\u201c<\/strong>, sagt Klaus Frenzel, Leiter UX Design, zust\u00e4ndig unter anderem auch f\u00fcr das Design der Benutzeroberfl\u00e4chen in Mercedes-Benz Fahrzeugen. \u201eHinzu kommt der freundliche Charakter dieser Aufforderung. Unsere Vision ist ja ein gesamtheitliches Erlebnis im Auto. Der Fahrer soll sich wohl und wie zuhause f\u00fchlen. Schlie\u00dflich ist es entscheidend, dass die komplexe digitale Welt einfach und verst\u00e4ndlich erscheint.\u201c<\/div>\n<div><\/div>\n<div><\/div>\n<div><\/div>\n<div><strong>Das Assistenzsystem kann typische Anzeichen von M\u00fcdigkeit erkennen und zu einer Pause auffordern.<\/strong> Intuitiv erfassbares Symbol daf\u00fcr ist eine stilisierte Kaffeetasse im Kombiinstrument. Der ATTENTION ASSIST ist inzwischen in allen Pkw-Baureihen von Mercedes-Benz serienm\u00e4\u00dfig. \u00dcber 14 Millionen Fahrzeuge wurden damit bereits an Kunden ausgeliefert. Inzwischen ist er in allen Pkw der Marke serienm\u00e4\u00dfig. Und er ist damit wesentlich fr\u00fcher an Bord als gesetzlich vorgeschrieben: Ab 2022 m\u00fcssen Neuwagen in der EU \u00fcber ein solches System verf\u00fcgen. Ab 2022 m\u00fcssen Neuwagen in der EU \u00fcber ein solches System verf\u00fcgen.<\/div>\n<div><\/div>\n<div><\/div>\n<div><\/div>\n<div>\n<p>&nbsp;<\/p>\n<p><strong>So funktioniert der ATTENTION ASSIST<\/strong><\/p>\n<p>Mit dem ATTENTION ASSIST hat Mercedes-Benz 2009 ein Assistenzsystem eingef\u00fchrt, das typische Anzeichen von M\u00fcdigkeit erkennt und entsprechend warnt. Die Sensoren des Systems beobachten das Verhalten des Autofahrers und k\u00f6nnen vor allem anhand seiner Lenkradbewegungen einsch\u00e4tzen, ob er m\u00fcde wird. Erkennt das System entsprechende Anzeichen, ert\u00f6nt ein akustisches Warnsignal und eine Anzeige im Kombi-Instrument gibt dem Fahrer den unmissverst\u00e4ndlichen Rat: \u201eATTENTION ASSIST. Pause!\u201c Der ATTENTION ASSIST ist heute bei einer Geschwindigkeit zwischen 60 und 200 km\/h aktiv.<\/p>\n<\/div>\n<div><\/div>\n<div><\/div>\n<div><strong>Der ATTENTION ASSIST erfasst \u00fcber 70 Parameter, die f\u00fcr die M\u00fcdigkeits-Detektion ausgewertet werden.<\/strong> Diese kontinuierliche Beobachtung ist wichtig, um den gleitenden \u00dcbergang vom Wachzustand zur Erm\u00fcdung erkennen und den Autofahrer fr\u00fchzeitig warnen zu k\u00f6nnen. Auf Basis dieser Vielzahl von Daten ermittelt der ATTENTION ASSIST w\u00e4hrend der ersten Minuten jeder Fahrt ein individuelles Fahrerprofil, das in dem elektronischen Steuerger\u00e4t des Fahrzeugs mit aktuellen Sensordaten und der jeweiligen Fahrsituation verglichen wird. Neben der Geschwindigkeit, der L\u00e4ngs- und Querbeschleunigung erfasst das System zum Beispiel auch Blinker- und Pedalbet\u00e4tigungen und \u00e4u\u00dfere Einfl\u00fcsse wie Seitenwind oder Fahrbahnunebenheiten.<\/div>\n<p>&nbsp;<\/p>\n<div>\n<p><strong>Im Rahmen der mehrj\u00e4hrigen Entwicklungs- und Erprobungsarbeit<\/strong> mit dem ATTENTION ASSIST hat sich das Lenkverhalten als ein besonders aussagekr\u00e4ftiger Indikator f\u00fcr \u00dcberm\u00fcdung erwiesen. Bei Tests mit fast 700 Autofahrerinnen und Autofahrern stellten die Mercedes-Benz Wissenschaftler fest, dass ein \u00fcberm\u00fcdeter Autofahrer M\u00fche hat, die Spur pr\u00e4zise einzuhalten. Er macht kleinere Lenkfehler, die oft schnell und in charakteristischer Weise korrigiert werden. Dieser Effekt kann bereits in einer fr\u00fchen Phase der beginnenden M\u00fcdigkeit auftreten \u2013 in der Regel vor dem gef\u00e4hrlichen Sekundenschlaf.<\/p>\n<\/div>\n<div><\/div>\n","protected":false},"excerpt":{"rendered":"<p>KAFI-PAUSE!\u00a0DER ATTENTION ASSIST FEIERT ZEHNJ\u00c4HRIGES JUBIL\u00c4UM \u2013 Stuttgart. Ob mit Milch und\u2026<\/p>\n","protected":false},"author":1,"featured_media":11107,"comment_status":"open","ping_status":"open","sticky":false,"template":"","format":"video","meta":{"footnotes":""},"categories":[21,30],"tags":[],"class_list":["post-11110","post","type-post","status-publish","format-video","has-post-thumbnail","hentry","category-news","category-digitaltime-de","post_format-post-format-video"],"yoast_head":"<!-- This site is optimized with the Yoast SEO plugin v27.4 - https:\/\/yoast.com\/product\/yoast-seo-wordpress\/ -->\n<title>Mercedes-Benz und der Internationale Tag des Kaffees - Tuttosprint<\/title>\n<meta name=\"robots\" content=\"index, follow, max-snippet:-1, max-image-preview:large, max-video-preview:-1\" \/>\n<link rel=\"canonical\" href=\"https:\/\/tuttosprint.ch\/de\/mercedes-benz-und-der-internationale-tag-des-kaffees\/\" \/>\n<meta property=\"og:locale\" content=\"de_DE\" \/>\n<meta property=\"og:type\" content=\"article\" \/>\n<meta property=\"og:title\" content=\"Mercedes-Benz und der Internationale Tag des Kaffees - Tuttosprint\" \/>\n<meta property=\"og:description\" content=\"KAFI-PAUSE!\u00a0DER ATTENTION ASSIST FEIERT ZEHNJ\u00c4HRIGES JUBIL\u00c4UM \u2013 Stuttgart. Ob mit Milch und\u2026\" \/>\n<meta property=\"og:url\" content=\"https:\/\/tuttosprint.ch\/de\/mercedes-benz-und-der-internationale-tag-des-kaffees\/\" \/>\n<meta property=\"og:site_name\" content=\"Tuttosprint\" \/>\n<meta property=\"article:published_time\" content=\"2019-10-01T11:51:33+00:00\" \/>\n<meta property=\"article:modified_time\" content=\"2019-10-01T12:09:48+00:00\" \/>\n<meta property=\"og:image\" content=\"https:\/\/tuttosprint.ch\/wp-content\/uploads\/2019\/10\/19C0800.jpg\" \/>\n\t<meta property=\"og:image:width\" content=\"1920\" \/>\n\t<meta property=\"og:image:height\" content=\"720\" \/>\n\t<meta property=\"og:image:type\" content=\"image\/jpeg\" \/>\n<meta name=\"author\" content=\"Red. TSP\" \/>\n<meta name=\"twitter:card\" content=\"summary_large_image\" \/>\n<meta name=\"twitter:label1\" content=\"Verfasst von\" \/>\n\t<meta name=\"twitter:data1\" content=\"Red. TSP\" \/>\n\t<meta name=\"twitter:label2\" content=\"Gesch\u00e4tzte Lesezeit\" \/>\n\t<meta name=\"twitter:data2\" content=\"3 Minuten\" \/>\n<script type=\"application\/ld+json\" class=\"yoast-schema-graph\">{\"@context\":\"https:\\\/\\\/schema.org\",\"@graph\":[{\"@type\":\"Article\",\"@id\":\"https:\\\/\\\/tuttosprint.ch\\\/de\\\/mercedes-benz-und-der-internationale-tag-des-kaffees\\\/#article\",\"isPartOf\":{\"@id\":\"https:\\\/\\\/tuttosprint.ch\\\/de\\\/mercedes-benz-und-der-internationale-tag-des-kaffees\\\/\"},\"author\":{\"name\":\"Red. TSP\",\"@id\":\"https:\\\/\\\/tuttosprint.ch\\\/#\\\/schema\\\/person\\\/84dfe95b43201d701bfdc5df5b4fa1f4\"},\"headline\":\"Mercedes-Benz und der Internationale Tag des Kaffees\",\"datePublished\":\"2019-10-01T11:51:33+00:00\",\"dateModified\":\"2019-10-01T12:09:48+00:00\",\"mainEntityOfPage\":{\"@id\":\"https:\\\/\\\/tuttosprint.ch\\\/de\\\/mercedes-benz-und-der-internationale-tag-des-kaffees\\\/\"},\"wordCount\":572,\"commentCount\":0,\"publisher\":{\"@id\":\"https:\\\/\\\/tuttosprint.ch\\\/#organization\"},\"image\":{\"@id\":\"https:\\\/\\\/tuttosprint.ch\\\/de\\\/mercedes-benz-und-der-internationale-tag-des-kaffees\\\/#primaryimage\"},\"thumbnailUrl\":\"https:\\\/\\\/tuttosprint.ch\\\/wp-content\\\/uploads\\\/2019\\\/10\\\/19C0800.jpg\",\"articleSection\":[\"News\",\"VITABELLA\"],\"inLanguage\":\"de-DE\"},{\"@type\":\"WebPage\",\"@id\":\"https:\\\/\\\/tuttosprint.ch\\\/de\\\/mercedes-benz-und-der-internationale-tag-des-kaffees\\\/\",\"url\":\"https:\\\/\\\/tuttosprint.ch\\\/de\\\/mercedes-benz-und-der-internationale-tag-des-kaffees\\\/\",\"name\":\"Mercedes-Benz und der Internationale Tag des Kaffees - Tuttosprint\",\"isPartOf\":{\"@id\":\"https:\\\/\\\/tuttosprint.ch\\\/#website\"},\"primaryImageOfPage\":{\"@id\":\"https:\\\/\\\/tuttosprint.ch\\\/de\\\/mercedes-benz-und-der-internationale-tag-des-kaffees\\\/#primaryimage\"},\"image\":{\"@id\":\"https:\\\/\\\/tuttosprint.ch\\\/de\\\/mercedes-benz-und-der-internationale-tag-des-kaffees\\\/#primaryimage\"},\"thumbnailUrl\":\"https:\\\/\\\/tuttosprint.ch\\\/wp-content\\\/uploads\\\/2019\\\/10\\\/19C0800.jpg\",\"datePublished\":\"2019-10-01T11:51:33+00:00\",\"dateModified\":\"2019-10-01T12:09:48+00:00\",\"inLanguage\":\"de-DE\",\"potentialAction\":[{\"@type\":\"ReadAction\",\"target\":[\"https:\\\/\\\/tuttosprint.ch\\\/de\\\/mercedes-benz-und-der-internationale-tag-des-kaffees\\\/\"]}]},{\"@type\":\"ImageObject\",\"inLanguage\":\"de-DE\",\"@id\":\"https:\\\/\\\/tuttosprint.ch\\\/de\\\/mercedes-benz-und-der-internationale-tag-des-kaffees\\\/#primaryimage\",\"url\":\"https:\\\/\\\/tuttosprint.ch\\\/wp-content\\\/uploads\\\/2019\\\/10\\\/19C0800.jpg\",\"contentUrl\":\"https:\\\/\\\/tuttosprint.ch\\\/wp-content\\\/uploads\\\/2019\\\/10\\\/19C0800.jpg\",\"width\":1920,\"height\":720,\"caption\":\"Vor zehn Jahren hat Mercedes-Benz den M\u00fcdigkeitswarner ATTENTION ASSIST als Weltpremiere vorgestellt. Das Assistenzsystem kann typische Anzeichen von M\u00fcdigkeit erkennen und zu einer Pause auffordern.\"},{\"@type\":\"WebSite\",\"@id\":\"https:\\\/\\\/tuttosprint.ch\\\/#website\",\"url\":\"https:\\\/\\\/tuttosprint.ch\\\/\",\"name\":\"Tuttosprint\",\"description\":\"\",\"publisher\":{\"@id\":\"https:\\\/\\\/tuttosprint.ch\\\/#organization\"},\"potentialAction\":[{\"@type\":\"SearchAction\",\"target\":{\"@type\":\"EntryPoint\",\"urlTemplate\":\"https:\\\/\\\/tuttosprint.ch\\\/?s={search_term_string}\"},\"query-input\":{\"@type\":\"PropertyValueSpecification\",\"valueRequired\":true,\"valueName\":\"search_term_string\"}}],\"inLanguage\":\"de-DE\"},{\"@type\":\"Organization\",\"@id\":\"https:\\\/\\\/tuttosprint.ch\\\/#organization\",\"name\":\"Tuttosprint\",\"url\":\"https:\\\/\\\/tuttosprint.ch\\\/\",\"logo\":{\"@type\":\"ImageObject\",\"inLanguage\":\"de-DE\",\"@id\":\"https:\\\/\\\/tuttosprint.ch\\\/#\\\/schema\\\/logo\\\/image\\\/\",\"url\":\"https:\\\/\\\/tuttosprint.ch\\\/wp-content\\\/uploads\\\/2018\\\/05\\\/Logo_pos_Tuttosprint-2.png\",\"contentUrl\":\"https:\\\/\\\/tuttosprint.ch\\\/wp-content\\\/uploads\\\/2018\\\/05\\\/Logo_pos_Tuttosprint-2.png\",\"width\":350,\"height\":55,\"caption\":\"Tuttosprint\"},\"image\":{\"@id\":\"https:\\\/\\\/tuttosprint.ch\\\/#\\\/schema\\\/logo\\\/image\\\/\"}},{\"@type\":\"Person\",\"@id\":\"https:\\\/\\\/tuttosprint.ch\\\/#\\\/schema\\\/person\\\/84dfe95b43201d701bfdc5df5b4fa1f4\",\"name\":\"Red. TSP\",\"image\":{\"@type\":\"ImageObject\",\"inLanguage\":\"de-DE\",\"@id\":\"https:\\\/\\\/secure.gravatar.com\\\/avatar\\\/cf0c9e614551eb65b068b8ae2042e0ec60c802bc0fb815d4ebbd1eff13a2e9ad?s=96&d=mm&r=g\",\"url\":\"https:\\\/\\\/secure.gravatar.com\\\/avatar\\\/cf0c9e614551eb65b068b8ae2042e0ec60c802bc0fb815d4ebbd1eff13a2e9ad?s=96&d=mm&r=g\",\"contentUrl\":\"https:\\\/\\\/secure.gravatar.com\\\/avatar\\\/cf0c9e614551eb65b068b8ae2042e0ec60c802bc0fb815d4ebbd1eff13a2e9ad?s=96&d=mm&r=g\",\"caption\":\"Red. TSP\"},\"url\":\"https:\\\/\\\/tuttosprint.ch\\\/de\\\/author\\\/info_vb03q6f2\\\/\"}]}<\/script>\n<!-- \/ Yoast SEO plugin. -->","yoast_head_json":{"title":"Mercedes-Benz und der Internationale Tag des Kaffees - Tuttosprint","robots":{"index":"index","follow":"follow","max-snippet":"max-snippet:-1","max-image-preview":"max-image-preview:large","max-video-preview":"max-video-preview:-1"},"canonical":"https:\/\/tuttosprint.ch\/de\/mercedes-benz-und-der-internationale-tag-des-kaffees\/","og_locale":"de_DE","og_type":"article","og_title":"Mercedes-Benz und der Internationale Tag des Kaffees - Tuttosprint","og_description":"KAFI-PAUSE!\u00a0DER ATTENTION ASSIST FEIERT ZEHNJ\u00c4HRIGES JUBIL\u00c4UM \u2013 Stuttgart. Ob mit Milch und\u2026","og_url":"https:\/\/tuttosprint.ch\/de\/mercedes-benz-und-der-internationale-tag-des-kaffees\/","og_site_name":"Tuttosprint","article_published_time":"2019-10-01T11:51:33+00:00","article_modified_time":"2019-10-01T12:09:48+00:00","og_image":[{"width":1920,"height":720,"url":"https:\/\/tuttosprint.ch\/wp-content\/uploads\/2019\/10\/19C0800.jpg","type":"image\/jpeg"}],"author":"Red. TSP","twitter_card":"summary_large_image","twitter_misc":{"Verfasst von":"Red. TSP","Gesch\u00e4tzte Lesezeit":"3 Minuten"},"schema":{"@context":"https:\/\/schema.org","@graph":[{"@type":"Article","@id":"https:\/\/tuttosprint.ch\/de\/mercedes-benz-und-der-internationale-tag-des-kaffees\/#article","isPartOf":{"@id":"https:\/\/tuttosprint.ch\/de\/mercedes-benz-und-der-internationale-tag-des-kaffees\/"},"author":{"name":"Red. TSP","@id":"https:\/\/tuttosprint.ch\/#\/schema\/person\/84dfe95b43201d701bfdc5df5b4fa1f4"},"headline":"Mercedes-Benz und der Internationale Tag des Kaffees","datePublished":"2019-10-01T11:51:33+00:00","dateModified":"2019-10-01T12:09:48+00:00","mainEntityOfPage":{"@id":"https:\/\/tuttosprint.ch\/de\/mercedes-benz-und-der-internationale-tag-des-kaffees\/"},"wordCount":572,"commentCount":0,"publisher":{"@id":"https:\/\/tuttosprint.ch\/#organization"},"image":{"@id":"https:\/\/tuttosprint.ch\/de\/mercedes-benz-und-der-internationale-tag-des-kaffees\/#primaryimage"},"thumbnailUrl":"https:\/\/tuttosprint.ch\/wp-content\/uploads\/2019\/10\/19C0800.jpg","articleSection":["News","VITABELLA"],"inLanguage":"de-DE"},{"@type":"WebPage","@id":"https:\/\/tuttosprint.ch\/de\/mercedes-benz-und-der-internationale-tag-des-kaffees\/","url":"https:\/\/tuttosprint.ch\/de\/mercedes-benz-und-der-internationale-tag-des-kaffees\/","name":"Mercedes-Benz und der Internationale Tag des Kaffees - Tuttosprint","isPartOf":{"@id":"https:\/\/tuttosprint.ch\/#website"},"primaryImageOfPage":{"@id":"https:\/\/tuttosprint.ch\/de\/mercedes-benz-und-der-internationale-tag-des-kaffees\/#primaryimage"},"image":{"@id":"https:\/\/tuttosprint.ch\/de\/mercedes-benz-und-der-internationale-tag-des-kaffees\/#primaryimage"},"thumbnailUrl":"https:\/\/tuttosprint.ch\/wp-content\/uploads\/2019\/10\/19C0800.jpg","datePublished":"2019-10-01T11:51:33+00:00","dateModified":"2019-10-01T12:09:48+00:00","inLanguage":"de-DE","potentialAction":[{"@type":"ReadAction","target":["https:\/\/tuttosprint.ch\/de\/mercedes-benz-und-der-internationale-tag-des-kaffees\/"]}]},{"@type":"ImageObject","inLanguage":"de-DE","@id":"https:\/\/tuttosprint.ch\/de\/mercedes-benz-und-der-internationale-tag-des-kaffees\/#primaryimage","url":"https:\/\/tuttosprint.ch\/wp-content\/uploads\/2019\/10\/19C0800.jpg","contentUrl":"https:\/\/tuttosprint.ch\/wp-content\/uploads\/2019\/10\/19C0800.jpg","width":1920,"height":720,"caption":"Vor zehn Jahren hat Mercedes-Benz den M\u00fcdigkeitswarner ATTENTION ASSIST als Weltpremiere vorgestellt. Das Assistenzsystem kann typische Anzeichen von M\u00fcdigkeit erkennen und zu einer Pause auffordern."},{"@type":"WebSite","@id":"https:\/\/tuttosprint.ch\/#website","url":"https:\/\/tuttosprint.ch\/","name":"Tuttosprint","description":"","publisher":{"@id":"https:\/\/tuttosprint.ch\/#organization"},"potentialAction":[{"@type":"SearchAction","target":{"@type":"EntryPoint","urlTemplate":"https:\/\/tuttosprint.ch\/?s={search_term_string}"},"query-input":{"@type":"PropertyValueSpecification","valueRequired":true,"valueName":"search_term_string"}}],"inLanguage":"de-DE"},{"@type":"Organization","@id":"https:\/\/tuttosprint.ch\/#organization","name":"Tuttosprint","url":"https:\/\/tuttosprint.ch\/","logo":{"@type":"ImageObject","inLanguage":"de-DE","@id":"https:\/\/tuttosprint.ch\/#\/schema\/logo\/image\/","url":"https:\/\/tuttosprint.ch\/wp-content\/uploads\/2018\/05\/Logo_pos_Tuttosprint-2.png","contentUrl":"https:\/\/tuttosprint.ch\/wp-content\/uploads\/2018\/05\/Logo_pos_Tuttosprint-2.png","width":350,"height":55,"caption":"Tuttosprint"},"image":{"@id":"https:\/\/tuttosprint.ch\/#\/schema\/logo\/image\/"}},{"@type":"Person","@id":"https:\/\/tuttosprint.ch\/#\/schema\/person\/84dfe95b43201d701bfdc5df5b4fa1f4","name":"Red. TSP","image":{"@type":"ImageObject","inLanguage":"de-DE","@id":"https:\/\/secure.gravatar.com\/avatar\/cf0c9e614551eb65b068b8ae2042e0ec60c802bc0fb815d4ebbd1eff13a2e9ad?s=96&d=mm&r=g","url":"https:\/\/secure.gravatar.com\/avatar\/cf0c9e614551eb65b068b8ae2042e0ec60c802bc0fb815d4ebbd1eff13a2e9ad?s=96&d=mm&r=g","contentUrl":"https:\/\/secure.gravatar.com\/avatar\/cf0c9e614551eb65b068b8ae2042e0ec60c802bc0fb815d4ebbd1eff13a2e9ad?s=96&d=mm&r=g","caption":"Red. TSP"},"url":"https:\/\/tuttosprint.ch\/de\/author\/info_vb03q6f2\/"}]}},"_links":{"self":[{"href":"https:\/\/tuttosprint.ch\/de\/wp-json\/wp\/v2\/posts\/11110","targetHints":{"allow":["GET"]}}],"collection":[{"href":"https:\/\/tuttosprint.ch\/de\/wp-json\/wp\/v2\/posts"}],"about":[{"href":"https:\/\/tuttosprint.ch\/de\/wp-json\/wp\/v2\/types\/post"}],"author":[{"embeddable":true,"href":"https:\/\/tuttosprint.ch\/de\/wp-json\/wp\/v2\/users\/1"}],"replies":[{"embeddable":true,"href":"https:\/\/tuttosprint.ch\/de\/wp-json\/wp\/v2\/comments?post=11110"}],"version-history":[{"count":6,"href":"https:\/\/tuttosprint.ch\/de\/wp-json\/wp\/v2\/posts\/11110\/revisions"}],"predecessor-version":[{"id":11116,"href":"https:\/\/tuttosprint.ch\/de\/wp-json\/wp\/v2\/posts\/11110\/revisions\/11116"}],"wp:featuredmedia":[{"embeddable":true,"href":"https:\/\/tuttosprint.ch\/de\/wp-json\/wp\/v2\/media\/11107"}],"wp:attachment":[{"href":"https:\/\/tuttosprint.ch\/de\/wp-json\/wp\/v2\/media?parent=11110"}],"wp:term":[{"taxonomy":"category","embeddable":true,"href":"https:\/\/tuttosprint.ch\/de\/wp-json\/wp\/v2\/categories?post=11110"},{"taxonomy":"post_tag","embeddable":true,"href":"https:\/\/tuttosprint.ch\/de\/wp-json\/wp\/v2\/tags?post=11110"}],"curies":[{"name":"wp","href":"https:\/\/api.w.org\/{rel}","templated":true}]}}