{"id":11390,"date":"2019-10-18T09:53:56","date_gmt":"2019-10-18T09:53:56","guid":{"rendered":"https:\/\/tuttosprint.ch\/?p=11390"},"modified":"2019-10-18T09:53:56","modified_gmt":"2019-10-18T09:53:56","slug":"mitsubishi-pajero-abschied-einer-ikone","status":"publish","type":"post","link":"https:\/\/tuttosprint.ch\/de\/mitsubishi-pajero-abschied-einer-ikone\/","title":{"rendered":"Mitsubishi Pajero &#8211; Abschied einer Ikone"},"content":{"rendered":"<h3>EMIL FREY CLASSIC CAR MUSEUM NIMMT DEN DAKAR-REKORDSIEGER IN SEINER SAMMLUNG AUF \u2013<\/h3>\n<p>Nach 37 Jahren voller Abenteuer und Erfolge verabschiedet sich die Ikone unter den Gel\u00e4ndewagen \u2013 der Pajero \u2013 in Europa und damit auch in der Schweiz vom Markt. Nur wenige Fahrzeuge erreichten so wie er den Status einer Legende. Der Dakar-Rekordsieger brachte \u00fcberlegene Allradtechnik mit unschlagbarer Kraft, Robustheit und einem zeitlosen \u00c4usseren zusammen. In der Schweiz wird der Abschied mit der \u00dcbergabe eines Pajero aus der letzten Produktionsreihe an das Emil Frey Classic Car Museum zelebriert.<\/p>\n<p>Der 1982 lancierte Pajero ist weltweit eine unbestrittene Legende. Schon die erste Generation bot die zeitgem\u00e4sse Kombination aus konsequentem Nutzwert und Komfort. Details wie die Einzelradaufh\u00e4ngung vorne und die Scheinwerferreinigungsanlage waren damals alles andere als selbstverst\u00e4ndlich. Die urspr\u00fcngliche Modellphilosophie wurde \u00fcber vier erfolgreiche Modellgenerationen (1982, 1991, 1999, 2017) beibehalten \u2013 ein technisch wie optisch anspruchsvolles und robustes Fahrzeug, dem man seine Bestimmung, ein unverf\u00e4lschter Offroader ohne modische Attit\u00fcde zu sein, aus jedem Blickwinkel ansieht.<\/p>\n<p>Zu einer wahren Ikone im Offroad-Bereich wurde der Pajero bei der wohl h\u00e4rtesten Motorsport-Rallye der Welt. Insgesamt 12 Siege bei der Rallye Dakar gehen auf sein Konto. Im Pajero gewann auch die deutsche Rallye Fahrerin Jutta Kleinschmidt als erste Frau die Rallye Dakar.<\/p>\n<p><img loading=\"lazy\" decoding=\"async\" class=\"aligncenter wp-image-11388 size-full\" src=\"https:\/\/tuttosprint.ch\/wp-content\/uploads\/2019\/10\/MM_\u00c3\u009cbergabe-Pajero-Classic-Center_2.jpg\" alt=\"\" width=\"640\" height=\"427\" srcset=\"https:\/\/tuttosprint.ch\/wp-content\/uploads\/2019\/10\/MM_\u00c3\u009cbergabe-Pajero-Classic-Center_2.jpg 640w, https:\/\/tuttosprint.ch\/wp-content\/uploads\/2019\/10\/MM_\u00c3\u009cbergabe-Pajero-Classic-Center_2-300x200.jpg 300w, https:\/\/tuttosprint.ch\/wp-content\/uploads\/2019\/10\/MM_\u00c3\u009cbergabe-Pajero-Classic-Center_2-435x290.jpg 435w, https:\/\/tuttosprint.ch\/wp-content\/uploads\/2019\/10\/MM_\u00c3\u009cbergabe-Pajero-Classic-Center_2-150x100.jpg 150w, https:\/\/tuttosprint.ch\/wp-content\/uploads\/2019\/10\/MM_\u00c3\u009cbergabe-Pajero-Classic-Center_2-370x247.jpg 370w\" sizes=\"auto, (max-width: 640px) 100vw, 640px\" \/><\/p>\n<p><strong>In der Schweiz ist der Pajero eine feste Gr\u00f6sse im Offroad-Segment<\/strong><\/p>\n<p>Knapp 21&#8217;500 Mal wurde er hierzulande verkauft, weltweit waren es mehr als 2,6 Millionen Fahrzeuge. Der Abschied vom Schweizer Markt wird mit der \u00dcbergabe des Mitsubishi Klassikers an das Emil Frey Classic Car Museum gefeiert. Stephan V\u00f6geli, Direktor des Emil Frey Classic Car Centers, nimmt das j\u00fcngste Mitglied der Sammlung voller Stolz entgegen: \u00abDer Mitsubishi Pajero ist jedem ein Begriff. Selten hat es ein Fahrzeug geschafft weltweit solch einen Bekanntheitsgrad zu erlangen und eine derart grosse Fangemeinde zu begeistern. Diese Legende ist ein wahrer Zugewinn f\u00fcr unsere Classic Car Sammlung\u00bb.<\/p>\n<p>F\u00fcr Bernd Hoch, Managing Director der MM Automobile Schweiz AG, ist der Verkaufsstopp des Mitsubishi Klassikers eng mit dem Wandel der Marke verbunden. \u00abDer Pajero ist seit langer Zeit Sinnbild der Marke Mitsubishi. Er gilt als Inbegriff von dem, wof\u00fcr die Marke steht: hohe Zuverl\u00e4ssigkeit und \u00fcberlegene Allradtechnik. Es ist nun an der Zeit Abschied zu nehmen und als Marke eine neue \u00c4ra einzuleiten. Sayonara Pajero! Mitsubishi wird sich in Zukunft unter anderem mit dem Outlander PHEV als neuem Flaggschiff im Plug-in-Hybrid und EV Segment profilieren und weiter festigen\u00bb, erkl\u00e4rt Bernd Hoch.<\/p>\n","protected":false},"excerpt":{"rendered":"<p>EMIL FREY CLASSIC CAR MUSEUM NIMMT DEN DAKAR-REKORDSIEGER IN SEINER SAMMLUNG AUF\u2026<\/p>\n","protected":false},"author":1,"featured_media":11386,"comment_status":"open","ping_status":"open","sticky":false,"template":"","format":"image","meta":{"footnotes":""},"categories":[22,21],"tags":[],"class_list":["post-11390","post","type-post","status-publish","format-image","has-post-thumbnail","hentry","category-auto-moto-de","category-news","post_format-post-format-image"],"yoast_head":"<!-- This site is optimized with the Yoast SEO plugin v27.4 - https:\/\/yoast.com\/product\/yoast-seo-wordpress\/ -->\n<title>Mitsubishi Pajero - Abschied einer Ikone - Tuttosprint<\/title>\n<meta name=\"robots\" content=\"index, follow, max-snippet:-1, max-image-preview:large, max-video-preview:-1\" \/>\n<link rel=\"canonical\" href=\"https:\/\/tuttosprint.ch\/de\/mitsubishi-pajero-abschied-einer-ikone\/\" \/>\n<meta property=\"og:locale\" content=\"de_DE\" \/>\n<meta property=\"og:type\" content=\"article\" \/>\n<meta property=\"og:title\" content=\"Mitsubishi Pajero - Abschied einer Ikone - Tuttosprint\" \/>\n<meta property=\"og:description\" content=\"EMIL FREY CLASSIC CAR MUSEUM NIMMT DEN DAKAR-REKORDSIEGER IN SEINER SAMMLUNG AUF\u2026\" \/>\n<meta property=\"og:url\" content=\"https:\/\/tuttosprint.ch\/de\/mitsubishi-pajero-abschied-einer-ikone\/\" \/>\n<meta property=\"og:site_name\" content=\"Tuttosprint\" \/>\n<meta property=\"article:published_time\" content=\"2019-10-18T09:53:56+00:00\" \/>\n<meta property=\"og:image\" content=\"https:\/\/tuttosprint.ch\/wp-content\/uploads\/2019\/10\/MM_\u00c3\u009cbergabe-Pajero-Classic-Center_1.jpg\" \/>\n\t<meta property=\"og:image:width\" content=\"768\" \/>\n\t<meta property=\"og:image:height\" content=\"512\" \/>\n\t<meta property=\"og:image:type\" content=\"image\/jpeg\" \/>\n<meta name=\"author\" content=\"Red. TSP\" \/>\n<meta name=\"twitter:card\" content=\"summary_large_image\" \/>\n<meta name=\"twitter:label1\" content=\"Verfasst von\" \/>\n\t<meta name=\"twitter:data1\" content=\"Red. TSP\" \/>\n\t<meta name=\"twitter:label2\" content=\"Gesch\u00e4tzte Lesezeit\" \/>\n\t<meta name=\"twitter:data2\" content=\"2 Minuten\" \/>\n<script type=\"application\/ld+json\" class=\"yoast-schema-graph\">{\"@context\":\"https:\\\/\\\/schema.org\",\"@graph\":[{\"@type\":\"Article\",\"@id\":\"https:\\\/\\\/tuttosprint.ch\\\/de\\\/mitsubishi-pajero-abschied-einer-ikone\\\/#article\",\"isPartOf\":{\"@id\":\"https:\\\/\\\/tuttosprint.ch\\\/de\\\/mitsubishi-pajero-abschied-einer-ikone\\\/\"},\"author\":{\"name\":\"Red. TSP\",\"@id\":\"https:\\\/\\\/tuttosprint.ch\\\/#\\\/schema\\\/person\\\/84dfe95b43201d701bfdc5df5b4fa1f4\"},\"headline\":\"Mitsubishi Pajero &#8211; Abschied einer Ikone\",\"datePublished\":\"2019-10-18T09:53:56+00:00\",\"mainEntityOfPage\":{\"@id\":\"https:\\\/\\\/tuttosprint.ch\\\/de\\\/mitsubishi-pajero-abschied-einer-ikone\\\/\"},\"wordCount\":408,\"commentCount\":0,\"publisher\":{\"@id\":\"https:\\\/\\\/tuttosprint.ch\\\/#organization\"},\"image\":{\"@id\":\"https:\\\/\\\/tuttosprint.ch\\\/de\\\/mitsubishi-pajero-abschied-einer-ikone\\\/#primaryimage\"},\"thumbnailUrl\":\"https:\\\/\\\/tuttosprint.ch\\\/wp-content\\\/uploads\\\/2019\\\/10\\\/MM_\u00c3\u009cbergabe-Pajero-Classic-Center_1.jpg\",\"articleSection\":[\"Auto\\\/Moto\",\"News\"],\"inLanguage\":\"de-DE\"},{\"@type\":\"WebPage\",\"@id\":\"https:\\\/\\\/tuttosprint.ch\\\/de\\\/mitsubishi-pajero-abschied-einer-ikone\\\/\",\"url\":\"https:\\\/\\\/tuttosprint.ch\\\/de\\\/mitsubishi-pajero-abschied-einer-ikone\\\/\",\"name\":\"Mitsubishi Pajero - Abschied einer Ikone - Tuttosprint\",\"isPartOf\":{\"@id\":\"https:\\\/\\\/tuttosprint.ch\\\/#website\"},\"primaryImageOfPage\":{\"@id\":\"https:\\\/\\\/tuttosprint.ch\\\/de\\\/mitsubishi-pajero-abschied-einer-ikone\\\/#primaryimage\"},\"image\":{\"@id\":\"https:\\\/\\\/tuttosprint.ch\\\/de\\\/mitsubishi-pajero-abschied-einer-ikone\\\/#primaryimage\"},\"thumbnailUrl\":\"https:\\\/\\\/tuttosprint.ch\\\/wp-content\\\/uploads\\\/2019\\\/10\\\/MM_\u00c3\u009cbergabe-Pajero-Classic-Center_1.jpg\",\"datePublished\":\"2019-10-18T09:53:56+00:00\",\"inLanguage\":\"de-DE\",\"potentialAction\":[{\"@type\":\"ReadAction\",\"target\":[\"https:\\\/\\\/tuttosprint.ch\\\/de\\\/mitsubishi-pajero-abschied-einer-ikone\\\/\"]}]},{\"@type\":\"ImageObject\",\"inLanguage\":\"de-DE\",\"@id\":\"https:\\\/\\\/tuttosprint.ch\\\/de\\\/mitsubishi-pajero-abschied-einer-ikone\\\/#primaryimage\",\"url\":\"https:\\\/\\\/tuttosprint.ch\\\/wp-content\\\/uploads\\\/2019\\\/10\\\/MM_\u00c3\u009cbergabe-Pajero-Classic-Center_1.jpg\",\"contentUrl\":\"https:\\\/\\\/tuttosprint.ch\\\/wp-content\\\/uploads\\\/2019\\\/10\\\/MM_\u00c3\u009cbergabe-Pajero-Classic-Center_1.jpg\",\"width\":768,\"height\":512,\"caption\":\"Stephan V\u00f6geli, Direktor Emil Frey Classic Car Museum; Bernd Hoch, Managing Director MM Automobile Schweiz AG\"},{\"@type\":\"WebSite\",\"@id\":\"https:\\\/\\\/tuttosprint.ch\\\/#website\",\"url\":\"https:\\\/\\\/tuttosprint.ch\\\/\",\"name\":\"Tuttosprint\",\"description\":\"\",\"publisher\":{\"@id\":\"https:\\\/\\\/tuttosprint.ch\\\/#organization\"},\"potentialAction\":[{\"@type\":\"SearchAction\",\"target\":{\"@type\":\"EntryPoint\",\"urlTemplate\":\"https:\\\/\\\/tuttosprint.ch\\\/?s={search_term_string}\"},\"query-input\":{\"@type\":\"PropertyValueSpecification\",\"valueRequired\":true,\"valueName\":\"search_term_string\"}}],\"inLanguage\":\"de-DE\"},{\"@type\":\"Organization\",\"@id\":\"https:\\\/\\\/tuttosprint.ch\\\/#organization\",\"name\":\"Tuttosprint\",\"url\":\"https:\\\/\\\/tuttosprint.ch\\\/\",\"logo\":{\"@type\":\"ImageObject\",\"inLanguage\":\"de-DE\",\"@id\":\"https:\\\/\\\/tuttosprint.ch\\\/#\\\/schema\\\/logo\\\/image\\\/\",\"url\":\"https:\\\/\\\/tuttosprint.ch\\\/wp-content\\\/uploads\\\/2018\\\/05\\\/Logo_pos_Tuttosprint-2.png\",\"contentUrl\":\"https:\\\/\\\/tuttosprint.ch\\\/wp-content\\\/uploads\\\/2018\\\/05\\\/Logo_pos_Tuttosprint-2.png\",\"width\":350,\"height\":55,\"caption\":\"Tuttosprint\"},\"image\":{\"@id\":\"https:\\\/\\\/tuttosprint.ch\\\/#\\\/schema\\\/logo\\\/image\\\/\"}},{\"@type\":\"Person\",\"@id\":\"https:\\\/\\\/tuttosprint.ch\\\/#\\\/schema\\\/person\\\/84dfe95b43201d701bfdc5df5b4fa1f4\",\"name\":\"Red. TSP\",\"image\":{\"@type\":\"ImageObject\",\"inLanguage\":\"de-DE\",\"@id\":\"https:\\\/\\\/secure.gravatar.com\\\/avatar\\\/cf0c9e614551eb65b068b8ae2042e0ec60c802bc0fb815d4ebbd1eff13a2e9ad?s=96&d=mm&r=g\",\"url\":\"https:\\\/\\\/secure.gravatar.com\\\/avatar\\\/cf0c9e614551eb65b068b8ae2042e0ec60c802bc0fb815d4ebbd1eff13a2e9ad?s=96&d=mm&r=g\",\"contentUrl\":\"https:\\\/\\\/secure.gravatar.com\\\/avatar\\\/cf0c9e614551eb65b068b8ae2042e0ec60c802bc0fb815d4ebbd1eff13a2e9ad?s=96&d=mm&r=g\",\"caption\":\"Red. TSP\"},\"url\":\"https:\\\/\\\/tuttosprint.ch\\\/de\\\/author\\\/info_vb03q6f2\\\/\"}]}<\/script>\n<!-- \/ Yoast SEO plugin. -->","yoast_head_json":{"title":"Mitsubishi Pajero - Abschied einer Ikone - Tuttosprint","robots":{"index":"index","follow":"follow","max-snippet":"max-snippet:-1","max-image-preview":"max-image-preview:large","max-video-preview":"max-video-preview:-1"},"canonical":"https:\/\/tuttosprint.ch\/de\/mitsubishi-pajero-abschied-einer-ikone\/","og_locale":"de_DE","og_type":"article","og_title":"Mitsubishi Pajero - Abschied einer Ikone - Tuttosprint","og_description":"EMIL FREY CLASSIC CAR MUSEUM NIMMT DEN DAKAR-REKORDSIEGER IN SEINER SAMMLUNG AUF\u2026","og_url":"https:\/\/tuttosprint.ch\/de\/mitsubishi-pajero-abschied-einer-ikone\/","og_site_name":"Tuttosprint","article_published_time":"2019-10-18T09:53:56+00:00","og_image":[{"width":768,"height":512,"url":"https:\/\/tuttosprint.ch\/wp-content\/uploads\/2019\/10\/MM_\u00c3\u009cbergabe-Pajero-Classic-Center_1.jpg","type":"image\/jpeg"}],"author":"Red. TSP","twitter_card":"summary_large_image","twitter_misc":{"Verfasst von":"Red. TSP","Gesch\u00e4tzte Lesezeit":"2 Minuten"},"schema":{"@context":"https:\/\/schema.org","@graph":[{"@type":"Article","@id":"https:\/\/tuttosprint.ch\/de\/mitsubishi-pajero-abschied-einer-ikone\/#article","isPartOf":{"@id":"https:\/\/tuttosprint.ch\/de\/mitsubishi-pajero-abschied-einer-ikone\/"},"author":{"name":"Red. TSP","@id":"https:\/\/tuttosprint.ch\/#\/schema\/person\/84dfe95b43201d701bfdc5df5b4fa1f4"},"headline":"Mitsubishi Pajero &#8211; Abschied einer Ikone","datePublished":"2019-10-18T09:53:56+00:00","mainEntityOfPage":{"@id":"https:\/\/tuttosprint.ch\/de\/mitsubishi-pajero-abschied-einer-ikone\/"},"wordCount":408,"commentCount":0,"publisher":{"@id":"https:\/\/tuttosprint.ch\/#organization"},"image":{"@id":"https:\/\/tuttosprint.ch\/de\/mitsubishi-pajero-abschied-einer-ikone\/#primaryimage"},"thumbnailUrl":"https:\/\/tuttosprint.ch\/wp-content\/uploads\/2019\/10\/MM_\u00c3\u009cbergabe-Pajero-Classic-Center_1.jpg","articleSection":["Auto\/Moto","News"],"inLanguage":"de-DE"},{"@type":"WebPage","@id":"https:\/\/tuttosprint.ch\/de\/mitsubishi-pajero-abschied-einer-ikone\/","url":"https:\/\/tuttosprint.ch\/de\/mitsubishi-pajero-abschied-einer-ikone\/","name":"Mitsubishi Pajero - Abschied einer Ikone - Tuttosprint","isPartOf":{"@id":"https:\/\/tuttosprint.ch\/#website"},"primaryImageOfPage":{"@id":"https:\/\/tuttosprint.ch\/de\/mitsubishi-pajero-abschied-einer-ikone\/#primaryimage"},"image":{"@id":"https:\/\/tuttosprint.ch\/de\/mitsubishi-pajero-abschied-einer-ikone\/#primaryimage"},"thumbnailUrl":"https:\/\/tuttosprint.ch\/wp-content\/uploads\/2019\/10\/MM_\u00c3\u009cbergabe-Pajero-Classic-Center_1.jpg","datePublished":"2019-10-18T09:53:56+00:00","inLanguage":"de-DE","potentialAction":[{"@type":"ReadAction","target":["https:\/\/tuttosprint.ch\/de\/mitsubishi-pajero-abschied-einer-ikone\/"]}]},{"@type":"ImageObject","inLanguage":"de-DE","@id":"https:\/\/tuttosprint.ch\/de\/mitsubishi-pajero-abschied-einer-ikone\/#primaryimage","url":"https:\/\/tuttosprint.ch\/wp-content\/uploads\/2019\/10\/MM_\u00c3\u009cbergabe-Pajero-Classic-Center_1.jpg","contentUrl":"https:\/\/tuttosprint.ch\/wp-content\/uploads\/2019\/10\/MM_\u00c3\u009cbergabe-Pajero-Classic-Center_1.jpg","width":768,"height":512,"caption":"Stephan V\u00f6geli, Direktor Emil Frey Classic Car Museum; Bernd Hoch, Managing Director MM Automobile Schweiz AG"},{"@type":"WebSite","@id":"https:\/\/tuttosprint.ch\/#website","url":"https:\/\/tuttosprint.ch\/","name":"Tuttosprint","description":"","publisher":{"@id":"https:\/\/tuttosprint.ch\/#organization"},"potentialAction":[{"@type":"SearchAction","target":{"@type":"EntryPoint","urlTemplate":"https:\/\/tuttosprint.ch\/?s={search_term_string}"},"query-input":{"@type":"PropertyValueSpecification","valueRequired":true,"valueName":"search_term_string"}}],"inLanguage":"de-DE"},{"@type":"Organization","@id":"https:\/\/tuttosprint.ch\/#organization","name":"Tuttosprint","url":"https:\/\/tuttosprint.ch\/","logo":{"@type":"ImageObject","inLanguage":"de-DE","@id":"https:\/\/tuttosprint.ch\/#\/schema\/logo\/image\/","url":"https:\/\/tuttosprint.ch\/wp-content\/uploads\/2018\/05\/Logo_pos_Tuttosprint-2.png","contentUrl":"https:\/\/tuttosprint.ch\/wp-content\/uploads\/2018\/05\/Logo_pos_Tuttosprint-2.png","width":350,"height":55,"caption":"Tuttosprint"},"image":{"@id":"https:\/\/tuttosprint.ch\/#\/schema\/logo\/image\/"}},{"@type":"Person","@id":"https:\/\/tuttosprint.ch\/#\/schema\/person\/84dfe95b43201d701bfdc5df5b4fa1f4","name":"Red. TSP","image":{"@type":"ImageObject","inLanguage":"de-DE","@id":"https:\/\/secure.gravatar.com\/avatar\/cf0c9e614551eb65b068b8ae2042e0ec60c802bc0fb815d4ebbd1eff13a2e9ad?s=96&d=mm&r=g","url":"https:\/\/secure.gravatar.com\/avatar\/cf0c9e614551eb65b068b8ae2042e0ec60c802bc0fb815d4ebbd1eff13a2e9ad?s=96&d=mm&r=g","contentUrl":"https:\/\/secure.gravatar.com\/avatar\/cf0c9e614551eb65b068b8ae2042e0ec60c802bc0fb815d4ebbd1eff13a2e9ad?s=96&d=mm&r=g","caption":"Red. TSP"},"url":"https:\/\/tuttosprint.ch\/de\/author\/info_vb03q6f2\/"}]}},"_links":{"self":[{"href":"https:\/\/tuttosprint.ch\/de\/wp-json\/wp\/v2\/posts\/11390","targetHints":{"allow":["GET"]}}],"collection":[{"href":"https:\/\/tuttosprint.ch\/de\/wp-json\/wp\/v2\/posts"}],"about":[{"href":"https:\/\/tuttosprint.ch\/de\/wp-json\/wp\/v2\/types\/post"}],"author":[{"embeddable":true,"href":"https:\/\/tuttosprint.ch\/de\/wp-json\/wp\/v2\/users\/1"}],"replies":[{"embeddable":true,"href":"https:\/\/tuttosprint.ch\/de\/wp-json\/wp\/v2\/comments?post=11390"}],"version-history":[{"count":1,"href":"https:\/\/tuttosprint.ch\/de\/wp-json\/wp\/v2\/posts\/11390\/revisions"}],"predecessor-version":[{"id":11391,"href":"https:\/\/tuttosprint.ch\/de\/wp-json\/wp\/v2\/posts\/11390\/revisions\/11391"}],"wp:featuredmedia":[{"embeddable":true,"href":"https:\/\/tuttosprint.ch\/de\/wp-json\/wp\/v2\/media\/11386"}],"wp:attachment":[{"href":"https:\/\/tuttosprint.ch\/de\/wp-json\/wp\/v2\/media?parent=11390"}],"wp:term":[{"taxonomy":"category","embeddable":true,"href":"https:\/\/tuttosprint.ch\/de\/wp-json\/wp\/v2\/categories?post=11390"},{"taxonomy":"post_tag","embeddable":true,"href":"https:\/\/tuttosprint.ch\/de\/wp-json\/wp\/v2\/tags?post=11390"}],"curies":[{"name":"wp","href":"https:\/\/api.w.org\/{rel}","templated":true}]}}