{"id":11460,"date":"2019-10-20T10:55:54","date_gmt":"2019-10-20T10:55:54","guid":{"rendered":"https:\/\/tuttosprint.ch\/?p=11460"},"modified":"2019-10-20T10:55:54","modified_gmt":"2019-10-20T10:55:54","slug":"moto2-gp-of-japan-domi-punktet-wieder","status":"publish","type":"post","link":"https:\/\/tuttosprint.ch\/de\/moto2-gp-of-japan-domi-punktet-wieder\/","title":{"rendered":"Moto2 GP of Japan- Domi punktet wieder"},"content":{"rendered":"<h3>NACH LANGER DURSTSTRECKE DURFTE SICH DOMINIQUE AEGERTER AM SONNTAG \u00dcBER EINES SEINER ST\u00c4RKSTEN RENNEN MIT DER MV AGUSTA F2 FREUEN \u2013<\/h3>\n<p>FIM MotoGP World Championship Moto2 &#8211; Twin Ring Motegi (Motegi, Japan), Sonntag 20. Oktober 2019 &#8211; Auf den verregneten Samstag zeigte sich Japans Herbstwetter am Renntag wieder von seiner herrlichsten Seite. Gleichermassen mit der Sonne um die Wetter strahlend, packte Dominique Aegerter seine Rennutensilien f\u00fcr die Weiterreise zum n\u00e4chsten Rennen. Mit zwei Punkten vom 16. Saisonlauf im Gep\u00e4ck geht es gleich nach Australien weiter.<\/p>\n<p><figure id=\"attachment_11461\" aria-describedby=\"caption-attachment-11461\" style=\"width: 650px\" class=\"wp-caption aligncenter\"><img loading=\"lazy\" decoding=\"async\" class=\"wp-image-11461 size-large\" src=\"https:\/\/tuttosprint.ch\/wp-content\/uploads\/2019\/10\/191020motegi_1087x1500-1024x683.jpg\" alt=\"\" width=\"660\" height=\"440\" srcset=\"https:\/\/tuttosprint.ch\/wp-content\/uploads\/2019\/10\/191020motegi_1087x1500-1024x683.jpg 1024w, https:\/\/tuttosprint.ch\/wp-content\/uploads\/2019\/10\/191020motegi_1087x1500-300x200.jpg 300w, https:\/\/tuttosprint.ch\/wp-content\/uploads\/2019\/10\/191020motegi_1087x1500-768x512.jpg 768w, https:\/\/tuttosprint.ch\/wp-content\/uploads\/2019\/10\/191020motegi_1087x1500-435x290.jpg 435w, https:\/\/tuttosprint.ch\/wp-content\/uploads\/2019\/10\/191020motegi_1087x1500-150x100.jpg 150w, https:\/\/tuttosprint.ch\/wp-content\/uploads\/2019\/10\/191020motegi_1087x1500-370x247.jpg 370w, https:\/\/tuttosprint.ch\/wp-content\/uploads\/2019\/10\/191020motegi_1087x1500.jpg 1500w\" sizes=\"auto, (max-width: 660px) 100vw, 660px\" \/><figcaption id=\"caption-attachment-11461\" class=\"wp-caption-text\">Dominique Aegerter &#8211; Foto \u00a9 [2019] MV Agusta Temporary<\/figcaption><\/figure><br \/>\n<strong><a href=\"https:\/\/domi77.ch\/de\/dominique-aegerter\/portrait.html\">#77 Dominique AEGERTER<\/a> (MV Agusta Temporary Forward, MV Agusta F2), P14:<\/strong><\/p>\n<p>&#8222;Der Renntag hat nicht nur wegen des sch\u00f6nen Wetters gut begonnen. Im Warm-Up ist es uns gelungen, das Bike weiter zu verbessern. Einige \u00c4nderungen haben sich wirklich ausgezahlt und brachten uns auf den richtigen Weg. Im Rennen musste ich aber wieder von weit hinten losfahren. Das gestrige Qualifying war wegen der Mischverh\u00e4ltnisse ein Desaster. Mein Rennen verlief aber von Anfang an recht erfreulich. Ich konnte viele Positionen aus eigener Kraft gutmachen und im Ziel fehlten nur 15 Sekunden auf die Siegerzeit. Nach vielen entt\u00e4uschenden Rennen haben wir heute endlich wieder einmal gepunktet. Ich denke, es war eines unserer st\u00e4rksten Rennen in diesem Jahr mit der MV Agusta F2. Ich bin mit dieser Leistung sehr zufrieden. Wir m\u00fcssen aber endlich den Sprung in die ersten f\u00fcnf, sechs Startreihen schaffen. Das w\u00fcrde uns die Sache am Sonntag ungemein erleichtern, um mit den Top-Jungs mithalten zu k\u00f6nnen.&#8220;<\/p>\n<p>&#8222;Seit den letzten Rennen haben wir kontinuierlich Fortschritte gemacht. Zudem bringen CRC und unsere Ingenieure immer wieder neue Teile, dank denen wir unser Gesamtpaket st\u00e4ndig verbessern k\u00f6nnen. Das ist wirklich sehr zufriedenstellend und es ist auch sch\u00f6n f\u00fcr mich, f\u00fcr das gesamte Team und alle die im Hintergrund an diesem Projekt mitarbeiten. Nicht zuletzt auch f\u00fcr unsere Sponsoren, die dieses Projekt so tatkr\u00e4ftig unterst\u00fctzen. Ich freue mich auch \u00fcber unsere heutige Teamleistung. Mein Teamkollege Stefano fuhr in die Top-Zehn. Es hat wirklich wieder jeder einen super Job gemacht. Danke an alle. Vielen Dank auch an alle japanischen Fans. Es ist unglaublich, wie viel Respekt sie zeigen und trotzdem so enthusiastisch sind. Sie geben mir enorm viel Kraft. Es ist daher immer sch\u00f6n hier ein Rennen zu fahren. Zum Schluss m\u00f6chte ich noch erw\u00e4hnen, dass ich hoffentlich bald meine Zukunft f\u00fcr n\u00e4chste Jahr sichern kann. Es ist h\u00f6chste Zeit, alles fixiert zu haben.&#8220;<\/p>\n<p><strong>#JapaneseGP Moto2\u2122 &#8211; Rennergebnis nach 22 Runden:<\/strong><br \/>\n1 Luca MARINI \/ ITA \/ SKY Racing Team VR46 \/ KALEX \/ 40\u00b457.239<br \/>\n2 Thomas L\u00dcTHI \/SWI \/ Dynavolt Intact GP \/ KALEX \/ +0.560<br \/>\n3 Jorge MARTIN \/ SPA \/ Red Bull KTM Ajo \/ KTM \/ +3.593<br \/>\n14 #77 Dominique AEGERTER \/ SWI \/ MV Agusta Temporary Forward \/ MV Agusta \/ +15.778<\/p>\n<p><strong>Moto2\u2122 WM-Stand:<br \/>\n<\/strong>1 Alex MARQUEZ \/ SPA \/ KALEX \/ 234<br \/>\n2 Thomas L\u00dcTHI \/ SWI \/ KALEX \/ 198<br \/>\n3 Augusto FERNANDEZ \/ SPA \/ KALEX \/ 192<br \/>\n23 #77 Dominique AEGERTER \/ SWI \/ MV Agusta \/ 14<\/p>\n<p>&nbsp;<\/p>\n","protected":false},"excerpt":{"rendered":"<p>NACH LANGER DURSTSTRECKE DURFTE SICH DOMINIQUE AEGERTER AM SONNTAG \u00dcBER EINES SEINER\u2026<\/p>\n","protected":false},"author":1,"featured_media":11463,"comment_status":"open","ping_status":"open","sticky":false,"template":"","format":"image","meta":{"footnotes":""},"categories":[23,21],"tags":[],"class_list":["post-11460","post","type-post","status-publish","format-image","has-post-thumbnail","hentry","category-motorsport-de","category-news","post_format-post-format-image"],"yoast_head":"<!-- This site is optimized with the Yoast SEO plugin v27.4 - https:\/\/yoast.com\/product\/yoast-seo-wordpress\/ -->\n<title>Moto2 GP of Japan- Domi punktet wieder - Tuttosprint<\/title>\n<meta name=\"robots\" content=\"index, follow, max-snippet:-1, max-image-preview:large, max-video-preview:-1\" \/>\n<link rel=\"canonical\" href=\"https:\/\/tuttosprint.ch\/de\/moto2-gp-of-japan-domi-punktet-wieder\/\" \/>\n<meta property=\"og:locale\" content=\"de_DE\" \/>\n<meta property=\"og:type\" content=\"article\" \/>\n<meta property=\"og:title\" content=\"Moto2 GP of Japan- Domi punktet wieder - Tuttosprint\" \/>\n<meta property=\"og:description\" content=\"NACH LANGER DURSTSTRECKE DURFTE SICH DOMINIQUE AEGERTER AM SONNTAG \u00dcBER EINES SEINER\u2026\" \/>\n<meta property=\"og:url\" content=\"https:\/\/tuttosprint.ch\/de\/moto2-gp-of-japan-domi-punktet-wieder\/\" \/>\n<meta property=\"og:site_name\" content=\"Tuttosprint\" \/>\n<meta property=\"article:published_time\" content=\"2019-10-20T10:55:54+00:00\" \/>\n<meta property=\"og:image\" content=\"https:\/\/tuttosprint.ch\/wp-content\/uploads\/2019\/10\/191020motegi_7656x1500.jpg\" \/>\n\t<meta property=\"og:image:width\" content=\"1500\" \/>\n\t<meta property=\"og:image:height\" content=\"1000\" \/>\n\t<meta property=\"og:image:type\" content=\"image\/jpeg\" \/>\n<meta name=\"author\" content=\"Red. TSP\" \/>\n<meta name=\"twitter:card\" content=\"summary_large_image\" \/>\n<meta name=\"twitter:label1\" content=\"Verfasst von\" \/>\n\t<meta name=\"twitter:data1\" content=\"Red. TSP\" \/>\n\t<meta name=\"twitter:label2\" content=\"Gesch\u00e4tzte Lesezeit\" \/>\n\t<meta name=\"twitter:data2\" content=\"2 Minuten\" \/>\n<script type=\"application\/ld+json\" class=\"yoast-schema-graph\">{\"@context\":\"https:\\\/\\\/schema.org\",\"@graph\":[{\"@type\":\"Article\",\"@id\":\"https:\\\/\\\/tuttosprint.ch\\\/de\\\/moto2-gp-of-japan-domi-punktet-wieder\\\/#article\",\"isPartOf\":{\"@id\":\"https:\\\/\\\/tuttosprint.ch\\\/de\\\/moto2-gp-of-japan-domi-punktet-wieder\\\/\"},\"author\":{\"name\":\"Red. TSP\",\"@id\":\"https:\\\/\\\/tuttosprint.ch\\\/#\\\/schema\\\/person\\\/84dfe95b43201d701bfdc5df5b4fa1f4\"},\"headline\":\"Moto2 GP of Japan- Domi punktet wieder\",\"datePublished\":\"2019-10-20T10:55:54+00:00\",\"mainEntityOfPage\":{\"@id\":\"https:\\\/\\\/tuttosprint.ch\\\/de\\\/moto2-gp-of-japan-domi-punktet-wieder\\\/\"},\"wordCount\":493,\"commentCount\":0,\"publisher\":{\"@id\":\"https:\\\/\\\/tuttosprint.ch\\\/#organization\"},\"image\":{\"@id\":\"https:\\\/\\\/tuttosprint.ch\\\/de\\\/moto2-gp-of-japan-domi-punktet-wieder\\\/#primaryimage\"},\"thumbnailUrl\":\"https:\\\/\\\/tuttosprint.ch\\\/wp-content\\\/uploads\\\/2019\\\/10\\\/191020motegi_7656x1500.jpg\",\"articleSection\":[\"Motorsport\",\"News\"],\"inLanguage\":\"de-DE\"},{\"@type\":\"WebPage\",\"@id\":\"https:\\\/\\\/tuttosprint.ch\\\/de\\\/moto2-gp-of-japan-domi-punktet-wieder\\\/\",\"url\":\"https:\\\/\\\/tuttosprint.ch\\\/de\\\/moto2-gp-of-japan-domi-punktet-wieder\\\/\",\"name\":\"Moto2 GP of Japan- Domi punktet wieder - Tuttosprint\",\"isPartOf\":{\"@id\":\"https:\\\/\\\/tuttosprint.ch\\\/#website\"},\"primaryImageOfPage\":{\"@id\":\"https:\\\/\\\/tuttosprint.ch\\\/de\\\/moto2-gp-of-japan-domi-punktet-wieder\\\/#primaryimage\"},\"image\":{\"@id\":\"https:\\\/\\\/tuttosprint.ch\\\/de\\\/moto2-gp-of-japan-domi-punktet-wieder\\\/#primaryimage\"},\"thumbnailUrl\":\"https:\\\/\\\/tuttosprint.ch\\\/wp-content\\\/uploads\\\/2019\\\/10\\\/191020motegi_7656x1500.jpg\",\"datePublished\":\"2019-10-20T10:55:54+00:00\",\"inLanguage\":\"de-DE\",\"potentialAction\":[{\"@type\":\"ReadAction\",\"target\":[\"https:\\\/\\\/tuttosprint.ch\\\/de\\\/moto2-gp-of-japan-domi-punktet-wieder\\\/\"]}]},{\"@type\":\"ImageObject\",\"inLanguage\":\"de-DE\",\"@id\":\"https:\\\/\\\/tuttosprint.ch\\\/de\\\/moto2-gp-of-japan-domi-punktet-wieder\\\/#primaryimage\",\"url\":\"https:\\\/\\\/tuttosprint.ch\\\/wp-content\\\/uploads\\\/2019\\\/10\\\/191020motegi_7656x1500.jpg\",\"contentUrl\":\"https:\\\/\\\/tuttosprint.ch\\\/wp-content\\\/uploads\\\/2019\\\/10\\\/191020motegi_7656x1500.jpg\",\"width\":1500,\"height\":1000,\"caption\":\"Dominique Aegerter - Foto \u00a9 [2019] MV Agusta Temporary Forward\"},{\"@type\":\"WebSite\",\"@id\":\"https:\\\/\\\/tuttosprint.ch\\\/#website\",\"url\":\"https:\\\/\\\/tuttosprint.ch\\\/\",\"name\":\"Tuttosprint\",\"description\":\"\",\"publisher\":{\"@id\":\"https:\\\/\\\/tuttosprint.ch\\\/#organization\"},\"potentialAction\":[{\"@type\":\"SearchAction\",\"target\":{\"@type\":\"EntryPoint\",\"urlTemplate\":\"https:\\\/\\\/tuttosprint.ch\\\/?s={search_term_string}\"},\"query-input\":{\"@type\":\"PropertyValueSpecification\",\"valueRequired\":true,\"valueName\":\"search_term_string\"}}],\"inLanguage\":\"de-DE\"},{\"@type\":\"Organization\",\"@id\":\"https:\\\/\\\/tuttosprint.ch\\\/#organization\",\"name\":\"Tuttosprint\",\"url\":\"https:\\\/\\\/tuttosprint.ch\\\/\",\"logo\":{\"@type\":\"ImageObject\",\"inLanguage\":\"de-DE\",\"@id\":\"https:\\\/\\\/tuttosprint.ch\\\/#\\\/schema\\\/logo\\\/image\\\/\",\"url\":\"https:\\\/\\\/tuttosprint.ch\\\/wp-content\\\/uploads\\\/2018\\\/05\\\/Logo_pos_Tuttosprint-2.png\",\"contentUrl\":\"https:\\\/\\\/tuttosprint.ch\\\/wp-content\\\/uploads\\\/2018\\\/05\\\/Logo_pos_Tuttosprint-2.png\",\"width\":350,\"height\":55,\"caption\":\"Tuttosprint\"},\"image\":{\"@id\":\"https:\\\/\\\/tuttosprint.ch\\\/#\\\/schema\\\/logo\\\/image\\\/\"}},{\"@type\":\"Person\",\"@id\":\"https:\\\/\\\/tuttosprint.ch\\\/#\\\/schema\\\/person\\\/84dfe95b43201d701bfdc5df5b4fa1f4\",\"name\":\"Red. TSP\",\"image\":{\"@type\":\"ImageObject\",\"inLanguage\":\"de-DE\",\"@id\":\"https:\\\/\\\/secure.gravatar.com\\\/avatar\\\/cf0c9e614551eb65b068b8ae2042e0ec60c802bc0fb815d4ebbd1eff13a2e9ad?s=96&d=mm&r=g\",\"url\":\"https:\\\/\\\/secure.gravatar.com\\\/avatar\\\/cf0c9e614551eb65b068b8ae2042e0ec60c802bc0fb815d4ebbd1eff13a2e9ad?s=96&d=mm&r=g\",\"contentUrl\":\"https:\\\/\\\/secure.gravatar.com\\\/avatar\\\/cf0c9e614551eb65b068b8ae2042e0ec60c802bc0fb815d4ebbd1eff13a2e9ad?s=96&d=mm&r=g\",\"caption\":\"Red. TSP\"},\"url\":\"https:\\\/\\\/tuttosprint.ch\\\/de\\\/author\\\/info_vb03q6f2\\\/\"}]}<\/script>\n<!-- \/ Yoast SEO plugin. -->","yoast_head_json":{"title":"Moto2 GP of Japan- Domi punktet wieder - Tuttosprint","robots":{"index":"index","follow":"follow","max-snippet":"max-snippet:-1","max-image-preview":"max-image-preview:large","max-video-preview":"max-video-preview:-1"},"canonical":"https:\/\/tuttosprint.ch\/de\/moto2-gp-of-japan-domi-punktet-wieder\/","og_locale":"de_DE","og_type":"article","og_title":"Moto2 GP of Japan- Domi punktet wieder - Tuttosprint","og_description":"NACH LANGER DURSTSTRECKE DURFTE SICH DOMINIQUE AEGERTER AM SONNTAG \u00dcBER EINES SEINER\u2026","og_url":"https:\/\/tuttosprint.ch\/de\/moto2-gp-of-japan-domi-punktet-wieder\/","og_site_name":"Tuttosprint","article_published_time":"2019-10-20T10:55:54+00:00","og_image":[{"width":1500,"height":1000,"url":"https:\/\/tuttosprint.ch\/wp-content\/uploads\/2019\/10\/191020motegi_7656x1500.jpg","type":"image\/jpeg"}],"author":"Red. TSP","twitter_card":"summary_large_image","twitter_misc":{"Verfasst von":"Red. TSP","Gesch\u00e4tzte Lesezeit":"2 Minuten"},"schema":{"@context":"https:\/\/schema.org","@graph":[{"@type":"Article","@id":"https:\/\/tuttosprint.ch\/de\/moto2-gp-of-japan-domi-punktet-wieder\/#article","isPartOf":{"@id":"https:\/\/tuttosprint.ch\/de\/moto2-gp-of-japan-domi-punktet-wieder\/"},"author":{"name":"Red. TSP","@id":"https:\/\/tuttosprint.ch\/#\/schema\/person\/84dfe95b43201d701bfdc5df5b4fa1f4"},"headline":"Moto2 GP of Japan- Domi punktet wieder","datePublished":"2019-10-20T10:55:54+00:00","mainEntityOfPage":{"@id":"https:\/\/tuttosprint.ch\/de\/moto2-gp-of-japan-domi-punktet-wieder\/"},"wordCount":493,"commentCount":0,"publisher":{"@id":"https:\/\/tuttosprint.ch\/#organization"},"image":{"@id":"https:\/\/tuttosprint.ch\/de\/moto2-gp-of-japan-domi-punktet-wieder\/#primaryimage"},"thumbnailUrl":"https:\/\/tuttosprint.ch\/wp-content\/uploads\/2019\/10\/191020motegi_7656x1500.jpg","articleSection":["Motorsport","News"],"inLanguage":"de-DE"},{"@type":"WebPage","@id":"https:\/\/tuttosprint.ch\/de\/moto2-gp-of-japan-domi-punktet-wieder\/","url":"https:\/\/tuttosprint.ch\/de\/moto2-gp-of-japan-domi-punktet-wieder\/","name":"Moto2 GP of Japan- Domi punktet wieder - Tuttosprint","isPartOf":{"@id":"https:\/\/tuttosprint.ch\/#website"},"primaryImageOfPage":{"@id":"https:\/\/tuttosprint.ch\/de\/moto2-gp-of-japan-domi-punktet-wieder\/#primaryimage"},"image":{"@id":"https:\/\/tuttosprint.ch\/de\/moto2-gp-of-japan-domi-punktet-wieder\/#primaryimage"},"thumbnailUrl":"https:\/\/tuttosprint.ch\/wp-content\/uploads\/2019\/10\/191020motegi_7656x1500.jpg","datePublished":"2019-10-20T10:55:54+00:00","inLanguage":"de-DE","potentialAction":[{"@type":"ReadAction","target":["https:\/\/tuttosprint.ch\/de\/moto2-gp-of-japan-domi-punktet-wieder\/"]}]},{"@type":"ImageObject","inLanguage":"de-DE","@id":"https:\/\/tuttosprint.ch\/de\/moto2-gp-of-japan-domi-punktet-wieder\/#primaryimage","url":"https:\/\/tuttosprint.ch\/wp-content\/uploads\/2019\/10\/191020motegi_7656x1500.jpg","contentUrl":"https:\/\/tuttosprint.ch\/wp-content\/uploads\/2019\/10\/191020motegi_7656x1500.jpg","width":1500,"height":1000,"caption":"Dominique Aegerter - Foto \u00a9 [2019] MV Agusta Temporary Forward"},{"@type":"WebSite","@id":"https:\/\/tuttosprint.ch\/#website","url":"https:\/\/tuttosprint.ch\/","name":"Tuttosprint","description":"","publisher":{"@id":"https:\/\/tuttosprint.ch\/#organization"},"potentialAction":[{"@type":"SearchAction","target":{"@type":"EntryPoint","urlTemplate":"https:\/\/tuttosprint.ch\/?s={search_term_string}"},"query-input":{"@type":"PropertyValueSpecification","valueRequired":true,"valueName":"search_term_string"}}],"inLanguage":"de-DE"},{"@type":"Organization","@id":"https:\/\/tuttosprint.ch\/#organization","name":"Tuttosprint","url":"https:\/\/tuttosprint.ch\/","logo":{"@type":"ImageObject","inLanguage":"de-DE","@id":"https:\/\/tuttosprint.ch\/#\/schema\/logo\/image\/","url":"https:\/\/tuttosprint.ch\/wp-content\/uploads\/2018\/05\/Logo_pos_Tuttosprint-2.png","contentUrl":"https:\/\/tuttosprint.ch\/wp-content\/uploads\/2018\/05\/Logo_pos_Tuttosprint-2.png","width":350,"height":55,"caption":"Tuttosprint"},"image":{"@id":"https:\/\/tuttosprint.ch\/#\/schema\/logo\/image\/"}},{"@type":"Person","@id":"https:\/\/tuttosprint.ch\/#\/schema\/person\/84dfe95b43201d701bfdc5df5b4fa1f4","name":"Red. TSP","image":{"@type":"ImageObject","inLanguage":"de-DE","@id":"https:\/\/secure.gravatar.com\/avatar\/cf0c9e614551eb65b068b8ae2042e0ec60c802bc0fb815d4ebbd1eff13a2e9ad?s=96&d=mm&r=g","url":"https:\/\/secure.gravatar.com\/avatar\/cf0c9e614551eb65b068b8ae2042e0ec60c802bc0fb815d4ebbd1eff13a2e9ad?s=96&d=mm&r=g","contentUrl":"https:\/\/secure.gravatar.com\/avatar\/cf0c9e614551eb65b068b8ae2042e0ec60c802bc0fb815d4ebbd1eff13a2e9ad?s=96&d=mm&r=g","caption":"Red. TSP"},"url":"https:\/\/tuttosprint.ch\/de\/author\/info_vb03q6f2\/"}]}},"_links":{"self":[{"href":"https:\/\/tuttosprint.ch\/de\/wp-json\/wp\/v2\/posts\/11460","targetHints":{"allow":["GET"]}}],"collection":[{"href":"https:\/\/tuttosprint.ch\/de\/wp-json\/wp\/v2\/posts"}],"about":[{"href":"https:\/\/tuttosprint.ch\/de\/wp-json\/wp\/v2\/types\/post"}],"author":[{"embeddable":true,"href":"https:\/\/tuttosprint.ch\/de\/wp-json\/wp\/v2\/users\/1"}],"replies":[{"embeddable":true,"href":"https:\/\/tuttosprint.ch\/de\/wp-json\/wp\/v2\/comments?post=11460"}],"version-history":[{"count":1,"href":"https:\/\/tuttosprint.ch\/de\/wp-json\/wp\/v2\/posts\/11460\/revisions"}],"predecessor-version":[{"id":11465,"href":"https:\/\/tuttosprint.ch\/de\/wp-json\/wp\/v2\/posts\/11460\/revisions\/11465"}],"wp:featuredmedia":[{"embeddable":true,"href":"https:\/\/tuttosprint.ch\/de\/wp-json\/wp\/v2\/media\/11463"}],"wp:attachment":[{"href":"https:\/\/tuttosprint.ch\/de\/wp-json\/wp\/v2\/media?parent=11460"}],"wp:term":[{"taxonomy":"category","embeddable":true,"href":"https:\/\/tuttosprint.ch\/de\/wp-json\/wp\/v2\/categories?post=11460"},{"taxonomy":"post_tag","embeddable":true,"href":"https:\/\/tuttosprint.ch\/de\/wp-json\/wp\/v2\/tags?post=11460"}],"curies":[{"name":"wp","href":"https:\/\/api.w.org\/{rel}","templated":true}]}}