{"id":11507,"date":"2019-10-24T14:33:09","date_gmt":"2019-10-24T14:33:09","guid":{"rendered":"https:\/\/tuttosprint.ch\/?p=11507"},"modified":"2019-10-24T14:33:09","modified_gmt":"2019-10-24T14:33:09","slug":"schweizer-premiere-des-neuen-vw-california-6-1","status":"publish","type":"post","link":"https:\/\/tuttosprint.ch\/de\/schweizer-premiere-des-neuen-vw-california-6-1\/","title":{"rendered":"Schweizer Premiere des neuen VW California 6.1"},"content":{"rendered":"<h3>52\u00b0 SUISSE CARAVAN SALON IN BERN VOM 24. BIS 28. OKTOBER 2019 &#8211;<\/h3>\n<div>\n<div><span>Der California 6.1 wird am Suisse Caravan Salon 2019 das erste Mal dem Schweizer Publikum vorgestellt. Ein umfassendes Update, zum Beispiel mit neu gestalteten Armaturen, digitalen Instrumenten, neuem Online-Infotainment-System oder elektromechanischer Servolenkung, macht das beliebte Reisemobil noch einmal attraktiver. Ein Novum bietet auch die Version California Beach mit seiner neuen ausklappbaren Minik\u00fcche.<\/span><\/div>\n<div><\/div>\n<div><span> <img loading=\"lazy\" decoding=\"async\" class=\"aligncenter wp-image-11499 size-full\" src=\"https:\/\/tuttosprint.ch\/wp-content\/uploads\/2019\/10\/VWN_California6_2_SuisseCaravan_Versione-Beach-ora-con-mini-cucina-a-scomparsa.jpg\" alt=\"\" width=\"640\" height=\"427\" srcset=\"https:\/\/tuttosprint.ch\/wp-content\/uploads\/2019\/10\/VWN_California6_2_SuisseCaravan_Versione-Beach-ora-con-mini-cucina-a-scomparsa.jpg 640w, https:\/\/tuttosprint.ch\/wp-content\/uploads\/2019\/10\/VWN_California6_2_SuisseCaravan_Versione-Beach-ora-con-mini-cucina-a-scomparsa-300x200.jpg 300w, https:\/\/tuttosprint.ch\/wp-content\/uploads\/2019\/10\/VWN_California6_2_SuisseCaravan_Versione-Beach-ora-con-mini-cucina-a-scomparsa-435x290.jpg 435w, https:\/\/tuttosprint.ch\/wp-content\/uploads\/2019\/10\/VWN_California6_2_SuisseCaravan_Versione-Beach-ora-con-mini-cucina-a-scomparsa-150x100.jpg 150w, https:\/\/tuttosprint.ch\/wp-content\/uploads\/2019\/10\/VWN_California6_2_SuisseCaravan_Versione-Beach-ora-con-mini-cucina-a-scomparsa-370x247.jpg 370w\" sizes=\"auto, (max-width: 640px) 100vw, 640px\" \/><\/span><\/div>\n<div><\/div>\n<div><span>In Bern sind auch alle aktuellen Modelle der breiten Angebotspalette an Reise- und Freizeitfahrzeugen der Marke VW Nutzfahrzeuge zu sehen. Die gr\u00f6sste Schweizer Publikums- und Fachmesse f\u00fcr mobile Freizeit wird vom 24. bis 28. Oktober 2019 wiederum viele Camping- und Caravaning-Fans aus der ganzen Schweiz nach Bern locken. <\/span><\/div>\n<div><\/div>\n<div><strong>VW Nutzfahrzeuge zeigt in der Halle 3.0 (Stand A007) auf einer Fl\u00e4che von rund 700 m2 neben der Schweizer Premiere des <\/strong><span><strong>California 6.1 den Grand California 600, den Caddy Beach wie auch den neuen Multivan 6.1.<\/strong><br \/>\n<\/span><\/div>\n<div><\/div>\n<div><span>Das Highlight des diesj\u00e4hrigen Suisse Caravan Salon findet sich am VW\u00a0Nutzfahrzeuge Stand A007 in der Halle 3.0: der komplett \u00fcberarbeitete Klassiker California in der Version 6.1 als Schweizer Premiere. Der California ist der favorisierte Camper-Van von Globetrottern in aller Welt und wurde mehr als 175\u2019000 Mal verkauft. Das ist Weltrekord! F\u00fcr diesen Erfolg verantwortlich sind unter anderem die zahlreichen praktischen Detaill\u00f6sungen: Features wie das im Aufstelldach integrierte Bett, die in der Heckklappe verstauten Campingst\u00fchle oder der in der Schiebet\u00fcr eingeklickte Campingtisch machen den California zum Multitool unter den Reisemobilen.<\/span><\/div>\n<div><\/div>\n<div><img loading=\"lazy\" decoding=\"async\" class=\"aligncenter wp-image-11501 size-full\" src=\"https:\/\/tuttosprint.ch\/wp-content\/uploads\/2019\/10\/VWN_California61_Suisse-Caravan-2019_1_small.jpg\" alt=\"\" width=\"927\" height=\"566\" srcset=\"https:\/\/tuttosprint.ch\/wp-content\/uploads\/2019\/10\/VWN_California61_Suisse-Caravan-2019_1_small.jpg 927w, https:\/\/tuttosprint.ch\/wp-content\/uploads\/2019\/10\/VWN_California61_Suisse-Caravan-2019_1_small-300x183.jpg 300w, https:\/\/tuttosprint.ch\/wp-content\/uploads\/2019\/10\/VWN_California61_Suisse-Caravan-2019_1_small-768x469.jpg 768w\" sizes=\"auto, (max-width: 927px) 100vw, 927px\" \/><\/div>\n<div><\/div>\n<div><span><strong>Neu gestaltete Frontpartie<\/strong><br \/>\nDer California 6.1 wird wie seine Vorg\u00e4nger in den Ausstattungsversionen Beach, Coast und Ocean angeboten. Optisch unterscheiden sich die drei Modelle unter anderem durch die unterschiedlich konfigurierte neue Frontpartie und die leichten Ver\u00e4nderungen am Heck.<br \/>\n<\/span><\/div>\n<div><\/div>\n<div><span><strong>Neue multifunktionale Camper-Bedieneinheit<\/strong><br \/>\nGesteuert wird die Sonnenaufgang-Funktion \u2013 wie alle wesentlichen Camper-Einstellungen des California 6.1 \u2013 \u00fcber die neu entwickelte Bedieneinheit in der Dachkonsole. Hierbei wird das bisher eingesetzte monochrome Display durch einen grossen Touchscreen mit deutlich mehr Funktionen und einer farbigen Darstellung ersetzt. Zum Beispiel findet sich neu eine Niveauanzeige im Bedienteil, die \u00fcber den L\u00e4ngs- und Querwinkel informiert, in dem der California auf dem Stellplatz steht. Dadurch l\u00e4sst sich das Reisemobil sehr viel einfacher waagerecht ausrichten.<\/span><\/div>\n<div><\/div>\n<div><span><img loading=\"lazy\" decoding=\"async\" class=\"aligncenter wp-image-11497 size-full\" src=\"https:\/\/tuttosprint.ch\/wp-content\/uploads\/2019\/10\/VWN_California6_2_Suisse-Caravan-2019_2_small.jpg\" alt=\"\" width=\"1008\" height=\"672\" srcset=\"https:\/\/tuttosprint.ch\/wp-content\/uploads\/2019\/10\/VWN_California6_2_Suisse-Caravan-2019_2_small.jpg 1008w, https:\/\/tuttosprint.ch\/wp-content\/uploads\/2019\/10\/VWN_California6_2_Suisse-Caravan-2019_2_small-300x200.jpg 300w, https:\/\/tuttosprint.ch\/wp-content\/uploads\/2019\/10\/VWN_California6_2_Suisse-Caravan-2019_2_small-768x512.jpg 768w, https:\/\/tuttosprint.ch\/wp-content\/uploads\/2019\/10\/VWN_California6_2_Suisse-Caravan-2019_2_small-435x290.jpg 435w, https:\/\/tuttosprint.ch\/wp-content\/uploads\/2019\/10\/VWN_California6_2_Suisse-Caravan-2019_2_small-150x100.jpg 150w, https:\/\/tuttosprint.ch\/wp-content\/uploads\/2019\/10\/VWN_California6_2_Suisse-Caravan-2019_2_small-370x247.jpg 370w\" sizes=\"auto, (max-width: 1008px) 100vw, 1008px\" \/><strong>Neues \u00abDigital Cockpit\u00bb, MIB2, MIB3 und \u00abWe Connect\u00bb<\/strong><br \/>\n<\/span><\/div>\n<div><span>Optional kann der Camper erstmals mit volldigitalen Instrumenten bestellt werden: dem \u00abDigital Cockpit\u00bb. Neu konfiguriert wurde dar\u00fcber hinaus das Infotainment-Programm. Die gemeinsamen Features der neu lieferbaren MIB2- und MIB3-Systeme haben eine Verbindung mit der Online-Connectivity-Unit und der dort integrierten eSIM-Karte. \u00dcber diese Schnittstelle vernetzt sich der California 6.1 mit den mobilen Online-Diensten und -Funktionen von \u00abWe Connect\u00bb und \u00abWe Connect Plus\u00bb.<\/span><\/div>\n<div><\/div>\n<div><span><strong>Neue elektromechanische Lenkung und neue Assistenzsysteme<\/strong><br \/>\nDie wichtigste technische Ver\u00e4nderung auf der fahrdynamischen Seite ist der Wechsel von einer hydraulischen zu einer elektromechanischen Servolenkung. Dank dieser nun ansteuerbaren und im \u00dcbrigen energiesparenden Lenkung kommt der California 6.1 mit zahlreichen neuen Assistenzsystemen auf den Markt. Das erweiterte Spektrum beinhaltet unter anderem den Spurhalteassistenten \u00abLane Assist\u00bb, den Parklenkassistenten \u00abPark Assist\u00bb, einen Flankenschutz (warnt beim Rangieren vor Hindernissen) und den \u00abTrailer Assist\u00bb (vereinfacht das Rangieren mit Anh\u00e4nger). Neu an Bord wird zudem der Seitenwindassistent sein; er stabilisiert den Camper automatisch bei Windb\u00f6en. Optional wird dar\u00fcber hinaus die nun erstmals stufenlos einstellbare adaptive Fahrwerksregelung DCC angeboten.<\/span><\/div>\n<div><\/div>\n<div><span><strong>Vier TDI mit einem Leistungsspektrum von 110 bis 199 PS<\/strong><br \/>\nAngetrieben wird der California 6.1 von effizienten Turbodieseldirekt-einspritzern (TDI) in den Leistungsstufen 81 kW \/ 110 PS, 110 kW \/ 150 PS und 146 kW \/ 199 PS. Ab 150 PS k\u00f6nnen die TDI mit dem Allradantrieb 4MOTION und einem 7-Gang-Doppelkupplungsgetriebe (DSG) kombiniert werden. Die 199 PS starke Topmotorisierung hat das DSG serienm\u00e4ssig an Bord. Alle California 6.1 TDI erf\u00fcllen die neueste Abgasnorm Euro-6d-TEMP-EAVP-ISC. Die California Modelle in allen Ausf\u00fchrungen stehen ab Fr\u00fchling 2020 bei VW\u00a0Nutzfahrzeuge Partnern im Verkaufsraum.<\/span><\/div>\n<div><\/div>\n<div><span><strong><img loading=\"lazy\" decoding=\"async\" class=\"size-medium wp-image-11499 alignright\" src=\"https:\/\/tuttosprint.ch\/wp-content\/uploads\/2019\/10\/VWN_California6_2_SuisseCaravan_Versione-Beach-ora-con-mini-cucina-a-scomparsa-300x200.jpg\" alt=\"\" width=\"300\" height=\"200\" srcset=\"https:\/\/tuttosprint.ch\/wp-content\/uploads\/2019\/10\/VWN_California6_2_SuisseCaravan_Versione-Beach-ora-con-mini-cucina-a-scomparsa-300x200.jpg 300w, https:\/\/tuttosprint.ch\/wp-content\/uploads\/2019\/10\/VWN_California6_2_SuisseCaravan_Versione-Beach-ora-con-mini-cucina-a-scomparsa-435x290.jpg 435w, https:\/\/tuttosprint.ch\/wp-content\/uploads\/2019\/10\/VWN_California6_2_SuisseCaravan_Versione-Beach-ora-con-mini-cucina-a-scomparsa-150x100.jpg 150w, https:\/\/tuttosprint.ch\/wp-content\/uploads\/2019\/10\/VWN_California6_2_SuisseCaravan_Versione-Beach-ora-con-mini-cucina-a-scomparsa-370x247.jpg 370w, https:\/\/tuttosprint.ch\/wp-content\/uploads\/2019\/10\/VWN_California6_2_SuisseCaravan_Versione-Beach-ora-con-mini-cucina-a-scomparsa.jpg 640w\" sizes=\"auto, (max-width: 300px) 100vw, 300px\" \/>California 6.1 Beach mit neuer Minik\u00fcche<\/strong><br \/>\nBislang war dies den exklusiveren Ausstattungslinien Coast und Ocean vorbehalten. Das Novum dabei: Im Gegensatz zur grossen K\u00fcchenzeile des Coast und Ocean kommt im Beach eine komplett neu entwickelte, aus- und einklappbare Minik\u00fcche zum Einsatz. W\u00e4hrend Coast und Ocean aufgrund der breiteren K\u00fcche generell mit einer Zweiersitzbank im Fond angeboten werden, kann der California 6.1 Beach dank der schmaleren Minik\u00fcche optional auch mit einer Dreiersitzbank bestellt werden. Damit ergibt sich erstmals f\u00fcr f\u00fcnfk\u00f6pfige Familien die M\u00f6glichkeit, mit einem California 6.1 samt kleiner K\u00fcche an Bord campen zu fahren. Den neuen California 6.1 Beach in der Sondermodellausf\u00fchrung Liberty gibt es bereits ab CHF 43\u2019880.\u2013 inkl. MWST.<\/span><\/div>\n<div><\/div>\n<div><span><strong>Grand California<\/strong><br \/>\nDer erst in diesem Jahr eingef\u00fchrte grosse Bruder Grand California auf der Basis des Crafter Modells ist fast einen Meter l\u00e4nger als der California. Weitere Differenzierungsmerkmale zum California 6.1 sind ein ger\u00e4umiger Schlafbereich mit festem Bett im Heck, ein optionales Kinderbett samt Panoramadach im Alkoven und ein vollwertiges Bad. Optimal f\u00fcr Globetrotter: Alternativ zum Frontantrieb ist der Grand California 680 auch mit Allradantrieb (4MOTION) zu haben. Den Grand California gibt es in zwei Ausf\u00fchrungen: zum einen als Version 600 mit zwei Schlafbereichen f\u00fcr maximal vier Personen und zum anderen als l\u00e4ngere Version 680 mit einem Schlafbereich f\u00fcr zwei Personen mit L\u00e4ngsdoppelbett.<\/span><\/div>\n<div><\/div>\n<div><span><strong>Grand California 600<\/strong><br \/>\nDas 6 Meter lange Reisemobil bietet im Heck einen Schlafbereich mit quer integriertem Bett (1950 \u00b4 1400 mm). Optional kann dieses Modell zudem mit einem Bett f\u00fcr Kinder im neu entwickelten Hochdach bestellt werden und wird so zum idealen Reisemobil f\u00fcr Familien. Ist das Kinderbett an Bord, wird der Grand California automatisch mit einem grossen Panoramadach ausgeliefert. Die Markteinf\u00fchrung der Version Grand California 680 wird auf Ende Jahr erwartet. <\/span><\/div>\n<div><\/div>\n<div><span><strong>Camping-Kompetenz in jeder Gr\u00f6sse<\/strong><br \/>\nVolkswagen Nutzfahrzeuge zeigt die aktuelle Angebotspalette am Suisse Caravan Salon 2019: Den Einstieg bildet der Caddy Beach. Bei ihm f\u00e4hrt das Bett (ca. 2,0 \u00b4 1,1 m) f\u00fcr die Nacht, das sich mit wenigen Handgriffen aufbauen und auch wieder verstauen l\u00e4sst, stets mit. Der Caddy Beach ist somit sehr ger\u00e4umig und eignet sich bestens f\u00fcr den Alltag. <\/span><\/div>\n<div><span>S\u00e4mtliche Reisemobile und Freizeitfahrzeuge von VW Nutzfahrzeuge finden sich in der Halle 3.0 (Stand A007).<\/span><\/div>\n<\/div>\n","protected":false},"excerpt":{"rendered":"<p>52\u00b0 SUISSE CARAVAN SALON IN BERN VOM 24. BIS 28. OKTOBER 2019\u2026<\/p>\n","protected":false},"author":1,"featured_media":11503,"comment_status":"open","ping_status":"open","sticky":false,"template":"","format":"image","meta":{"footnotes":""},"categories":[21,26],"tags":[],"class_list":["post-11507","post","type-post","status-publish","format-image","has-post-thumbnail","hentry","category-news","category-tourismus","post_format-post-format-image"],"yoast_head":"<!-- This site is optimized with the Yoast SEO plugin v27.4 - https:\/\/yoast.com\/product\/yoast-seo-wordpress\/ -->\n<title>Schweizer Premiere des neuen VW California 6.1 - Tuttosprint<\/title>\n<meta name=\"robots\" content=\"index, follow, max-snippet:-1, max-image-preview:large, max-video-preview:-1\" \/>\n<link rel=\"canonical\" href=\"https:\/\/tuttosprint.ch\/de\/schweizer-premiere-des-neuen-vw-california-6-1\/\" \/>\n<meta property=\"og:locale\" content=\"de_DE\" \/>\n<meta property=\"og:type\" content=\"article\" \/>\n<meta property=\"og:title\" content=\"Schweizer Premiere des neuen VW California 6.1 - Tuttosprint\" \/>\n<meta property=\"og:description\" content=\"52\u00b0 SUISSE CARAVAN SALON IN BERN VOM 24. BIS 28. OKTOBER 2019\u2026\" \/>\n<meta property=\"og:url\" content=\"https:\/\/tuttosprint.ch\/de\/schweizer-premiere-des-neuen-vw-california-6-1\/\" \/>\n<meta property=\"og:site_name\" content=\"Tuttosprint\" \/>\n<meta property=\"article:published_time\" content=\"2019-10-24T14:33:09+00:00\" \/>\n<meta property=\"og:image\" content=\"https:\/\/tuttosprint.ch\/wp-content\/uploads\/2019\/10\/VWN_Grand-California_Suisse-Caravan-2019_4_small.jpg\" \/>\n\t<meta property=\"og:image:width\" content=\"768\" \/>\n\t<meta property=\"og:image:height\" content=\"512\" \/>\n\t<meta property=\"og:image:type\" content=\"image\/jpeg\" \/>\n<meta name=\"author\" content=\"Red. TSP\" \/>\n<meta name=\"twitter:card\" content=\"summary_large_image\" \/>\n<meta name=\"twitter:label1\" content=\"Verfasst von\" \/>\n\t<meta name=\"twitter:data1\" content=\"Red. TSP\" \/>\n\t<meta name=\"twitter:label2\" content=\"Gesch\u00e4tzte Lesezeit\" \/>\n\t<meta name=\"twitter:data2\" content=\"5 Minuten\" \/>\n<script type=\"application\/ld+json\" class=\"yoast-schema-graph\">{\"@context\":\"https:\\\/\\\/schema.org\",\"@graph\":[{\"@type\":\"Article\",\"@id\":\"https:\\\/\\\/tuttosprint.ch\\\/de\\\/schweizer-premiere-des-neuen-vw-california-6-1\\\/#article\",\"isPartOf\":{\"@id\":\"https:\\\/\\\/tuttosprint.ch\\\/de\\\/schweizer-premiere-des-neuen-vw-california-6-1\\\/\"},\"author\":{\"name\":\"Red. TSP\",\"@id\":\"https:\\\/\\\/tuttosprint.ch\\\/#\\\/schema\\\/person\\\/84dfe95b43201d701bfdc5df5b4fa1f4\"},\"headline\":\"Schweizer Premiere des neuen VW California 6.1\",\"datePublished\":\"2019-10-24T14:33:09+00:00\",\"mainEntityOfPage\":{\"@id\":\"https:\\\/\\\/tuttosprint.ch\\\/de\\\/schweizer-premiere-des-neuen-vw-california-6-1\\\/\"},\"wordCount\":982,\"commentCount\":0,\"publisher\":{\"@id\":\"https:\\\/\\\/tuttosprint.ch\\\/#organization\"},\"image\":{\"@id\":\"https:\\\/\\\/tuttosprint.ch\\\/de\\\/schweizer-premiere-des-neuen-vw-california-6-1\\\/#primaryimage\"},\"thumbnailUrl\":\"https:\\\/\\\/tuttosprint.ch\\\/wp-content\\\/uploads\\\/2019\\\/10\\\/VWN_Grand-California_Suisse-Caravan-2019_4_small.jpg\",\"articleSection\":[\"News\",\"Tourismus\"],\"inLanguage\":\"de-DE\"},{\"@type\":\"WebPage\",\"@id\":\"https:\\\/\\\/tuttosprint.ch\\\/de\\\/schweizer-premiere-des-neuen-vw-california-6-1\\\/\",\"url\":\"https:\\\/\\\/tuttosprint.ch\\\/de\\\/schweizer-premiere-des-neuen-vw-california-6-1\\\/\",\"name\":\"Schweizer Premiere des neuen VW California 6.1 - Tuttosprint\",\"isPartOf\":{\"@id\":\"https:\\\/\\\/tuttosprint.ch\\\/#website\"},\"primaryImageOfPage\":{\"@id\":\"https:\\\/\\\/tuttosprint.ch\\\/de\\\/schweizer-premiere-des-neuen-vw-california-6-1\\\/#primaryimage\"},\"image\":{\"@id\":\"https:\\\/\\\/tuttosprint.ch\\\/de\\\/schweizer-premiere-des-neuen-vw-california-6-1\\\/#primaryimage\"},\"thumbnailUrl\":\"https:\\\/\\\/tuttosprint.ch\\\/wp-content\\\/uploads\\\/2019\\\/10\\\/VWN_Grand-California_Suisse-Caravan-2019_4_small.jpg\",\"datePublished\":\"2019-10-24T14:33:09+00:00\",\"inLanguage\":\"de-DE\",\"potentialAction\":[{\"@type\":\"ReadAction\",\"target\":[\"https:\\\/\\\/tuttosprint.ch\\\/de\\\/schweizer-premiere-des-neuen-vw-california-6-1\\\/\"]}]},{\"@type\":\"ImageObject\",\"inLanguage\":\"de-DE\",\"@id\":\"https:\\\/\\\/tuttosprint.ch\\\/de\\\/schweizer-premiere-des-neuen-vw-california-6-1\\\/#primaryimage\",\"url\":\"https:\\\/\\\/tuttosprint.ch\\\/wp-content\\\/uploads\\\/2019\\\/10\\\/VWN_Grand-California_Suisse-Caravan-2019_4_small.jpg\",\"contentUrl\":\"https:\\\/\\\/tuttosprint.ch\\\/wp-content\\\/uploads\\\/2019\\\/10\\\/VWN_Grand-California_Suisse-Caravan-2019_4_small.jpg\",\"width\":768,\"height\":512,\"caption\":\"VWN Grand California 2019\"},{\"@type\":\"WebSite\",\"@id\":\"https:\\\/\\\/tuttosprint.ch\\\/#website\",\"url\":\"https:\\\/\\\/tuttosprint.ch\\\/\",\"name\":\"Tuttosprint\",\"description\":\"\",\"publisher\":{\"@id\":\"https:\\\/\\\/tuttosprint.ch\\\/#organization\"},\"potentialAction\":[{\"@type\":\"SearchAction\",\"target\":{\"@type\":\"EntryPoint\",\"urlTemplate\":\"https:\\\/\\\/tuttosprint.ch\\\/?s={search_term_string}\"},\"query-input\":{\"@type\":\"PropertyValueSpecification\",\"valueRequired\":true,\"valueName\":\"search_term_string\"}}],\"inLanguage\":\"de-DE\"},{\"@type\":\"Organization\",\"@id\":\"https:\\\/\\\/tuttosprint.ch\\\/#organization\",\"name\":\"Tuttosprint\",\"url\":\"https:\\\/\\\/tuttosprint.ch\\\/\",\"logo\":{\"@type\":\"ImageObject\",\"inLanguage\":\"de-DE\",\"@id\":\"https:\\\/\\\/tuttosprint.ch\\\/#\\\/schema\\\/logo\\\/image\\\/\",\"url\":\"https:\\\/\\\/tuttosprint.ch\\\/wp-content\\\/uploads\\\/2018\\\/05\\\/Logo_pos_Tuttosprint-2.png\",\"contentUrl\":\"https:\\\/\\\/tuttosprint.ch\\\/wp-content\\\/uploads\\\/2018\\\/05\\\/Logo_pos_Tuttosprint-2.png\",\"width\":350,\"height\":55,\"caption\":\"Tuttosprint\"},\"image\":{\"@id\":\"https:\\\/\\\/tuttosprint.ch\\\/#\\\/schema\\\/logo\\\/image\\\/\"}},{\"@type\":\"Person\",\"@id\":\"https:\\\/\\\/tuttosprint.ch\\\/#\\\/schema\\\/person\\\/84dfe95b43201d701bfdc5df5b4fa1f4\",\"name\":\"Red. TSP\",\"image\":{\"@type\":\"ImageObject\",\"inLanguage\":\"de-DE\",\"@id\":\"https:\\\/\\\/secure.gravatar.com\\\/avatar\\\/cf0c9e614551eb65b068b8ae2042e0ec60c802bc0fb815d4ebbd1eff13a2e9ad?s=96&d=mm&r=g\",\"url\":\"https:\\\/\\\/secure.gravatar.com\\\/avatar\\\/cf0c9e614551eb65b068b8ae2042e0ec60c802bc0fb815d4ebbd1eff13a2e9ad?s=96&d=mm&r=g\",\"contentUrl\":\"https:\\\/\\\/secure.gravatar.com\\\/avatar\\\/cf0c9e614551eb65b068b8ae2042e0ec60c802bc0fb815d4ebbd1eff13a2e9ad?s=96&d=mm&r=g\",\"caption\":\"Red. TSP\"},\"url\":\"https:\\\/\\\/tuttosprint.ch\\\/de\\\/author\\\/info_vb03q6f2\\\/\"}]}<\/script>\n<!-- \/ Yoast SEO plugin. -->","yoast_head_json":{"title":"Schweizer Premiere des neuen VW California 6.1 - Tuttosprint","robots":{"index":"index","follow":"follow","max-snippet":"max-snippet:-1","max-image-preview":"max-image-preview:large","max-video-preview":"max-video-preview:-1"},"canonical":"https:\/\/tuttosprint.ch\/de\/schweizer-premiere-des-neuen-vw-california-6-1\/","og_locale":"de_DE","og_type":"article","og_title":"Schweizer Premiere des neuen VW California 6.1 - Tuttosprint","og_description":"52\u00b0 SUISSE CARAVAN SALON IN BERN VOM 24. BIS 28. OKTOBER 2019\u2026","og_url":"https:\/\/tuttosprint.ch\/de\/schweizer-premiere-des-neuen-vw-california-6-1\/","og_site_name":"Tuttosprint","article_published_time":"2019-10-24T14:33:09+00:00","og_image":[{"width":768,"height":512,"url":"https:\/\/tuttosprint.ch\/wp-content\/uploads\/2019\/10\/VWN_Grand-California_Suisse-Caravan-2019_4_small.jpg","type":"image\/jpeg"}],"author":"Red. TSP","twitter_card":"summary_large_image","twitter_misc":{"Verfasst von":"Red. TSP","Gesch\u00e4tzte Lesezeit":"5 Minuten"},"schema":{"@context":"https:\/\/schema.org","@graph":[{"@type":"Article","@id":"https:\/\/tuttosprint.ch\/de\/schweizer-premiere-des-neuen-vw-california-6-1\/#article","isPartOf":{"@id":"https:\/\/tuttosprint.ch\/de\/schweizer-premiere-des-neuen-vw-california-6-1\/"},"author":{"name":"Red. TSP","@id":"https:\/\/tuttosprint.ch\/#\/schema\/person\/84dfe95b43201d701bfdc5df5b4fa1f4"},"headline":"Schweizer Premiere des neuen VW California 6.1","datePublished":"2019-10-24T14:33:09+00:00","mainEntityOfPage":{"@id":"https:\/\/tuttosprint.ch\/de\/schweizer-premiere-des-neuen-vw-california-6-1\/"},"wordCount":982,"commentCount":0,"publisher":{"@id":"https:\/\/tuttosprint.ch\/#organization"},"image":{"@id":"https:\/\/tuttosprint.ch\/de\/schweizer-premiere-des-neuen-vw-california-6-1\/#primaryimage"},"thumbnailUrl":"https:\/\/tuttosprint.ch\/wp-content\/uploads\/2019\/10\/VWN_Grand-California_Suisse-Caravan-2019_4_small.jpg","articleSection":["News","Tourismus"],"inLanguage":"de-DE"},{"@type":"WebPage","@id":"https:\/\/tuttosprint.ch\/de\/schweizer-premiere-des-neuen-vw-california-6-1\/","url":"https:\/\/tuttosprint.ch\/de\/schweizer-premiere-des-neuen-vw-california-6-1\/","name":"Schweizer Premiere des neuen VW California 6.1 - Tuttosprint","isPartOf":{"@id":"https:\/\/tuttosprint.ch\/#website"},"primaryImageOfPage":{"@id":"https:\/\/tuttosprint.ch\/de\/schweizer-premiere-des-neuen-vw-california-6-1\/#primaryimage"},"image":{"@id":"https:\/\/tuttosprint.ch\/de\/schweizer-premiere-des-neuen-vw-california-6-1\/#primaryimage"},"thumbnailUrl":"https:\/\/tuttosprint.ch\/wp-content\/uploads\/2019\/10\/VWN_Grand-California_Suisse-Caravan-2019_4_small.jpg","datePublished":"2019-10-24T14:33:09+00:00","inLanguage":"de-DE","potentialAction":[{"@type":"ReadAction","target":["https:\/\/tuttosprint.ch\/de\/schweizer-premiere-des-neuen-vw-california-6-1\/"]}]},{"@type":"ImageObject","inLanguage":"de-DE","@id":"https:\/\/tuttosprint.ch\/de\/schweizer-premiere-des-neuen-vw-california-6-1\/#primaryimage","url":"https:\/\/tuttosprint.ch\/wp-content\/uploads\/2019\/10\/VWN_Grand-California_Suisse-Caravan-2019_4_small.jpg","contentUrl":"https:\/\/tuttosprint.ch\/wp-content\/uploads\/2019\/10\/VWN_Grand-California_Suisse-Caravan-2019_4_small.jpg","width":768,"height":512,"caption":"VWN Grand California 2019"},{"@type":"WebSite","@id":"https:\/\/tuttosprint.ch\/#website","url":"https:\/\/tuttosprint.ch\/","name":"Tuttosprint","description":"","publisher":{"@id":"https:\/\/tuttosprint.ch\/#organization"},"potentialAction":[{"@type":"SearchAction","target":{"@type":"EntryPoint","urlTemplate":"https:\/\/tuttosprint.ch\/?s={search_term_string}"},"query-input":{"@type":"PropertyValueSpecification","valueRequired":true,"valueName":"search_term_string"}}],"inLanguage":"de-DE"},{"@type":"Organization","@id":"https:\/\/tuttosprint.ch\/#organization","name":"Tuttosprint","url":"https:\/\/tuttosprint.ch\/","logo":{"@type":"ImageObject","inLanguage":"de-DE","@id":"https:\/\/tuttosprint.ch\/#\/schema\/logo\/image\/","url":"https:\/\/tuttosprint.ch\/wp-content\/uploads\/2018\/05\/Logo_pos_Tuttosprint-2.png","contentUrl":"https:\/\/tuttosprint.ch\/wp-content\/uploads\/2018\/05\/Logo_pos_Tuttosprint-2.png","width":350,"height":55,"caption":"Tuttosprint"},"image":{"@id":"https:\/\/tuttosprint.ch\/#\/schema\/logo\/image\/"}},{"@type":"Person","@id":"https:\/\/tuttosprint.ch\/#\/schema\/person\/84dfe95b43201d701bfdc5df5b4fa1f4","name":"Red. TSP","image":{"@type":"ImageObject","inLanguage":"de-DE","@id":"https:\/\/secure.gravatar.com\/avatar\/cf0c9e614551eb65b068b8ae2042e0ec60c802bc0fb815d4ebbd1eff13a2e9ad?s=96&d=mm&r=g","url":"https:\/\/secure.gravatar.com\/avatar\/cf0c9e614551eb65b068b8ae2042e0ec60c802bc0fb815d4ebbd1eff13a2e9ad?s=96&d=mm&r=g","contentUrl":"https:\/\/secure.gravatar.com\/avatar\/cf0c9e614551eb65b068b8ae2042e0ec60c802bc0fb815d4ebbd1eff13a2e9ad?s=96&d=mm&r=g","caption":"Red. TSP"},"url":"https:\/\/tuttosprint.ch\/de\/author\/info_vb03q6f2\/"}]}},"_links":{"self":[{"href":"https:\/\/tuttosprint.ch\/de\/wp-json\/wp\/v2\/posts\/11507","targetHints":{"allow":["GET"]}}],"collection":[{"href":"https:\/\/tuttosprint.ch\/de\/wp-json\/wp\/v2\/posts"}],"about":[{"href":"https:\/\/tuttosprint.ch\/de\/wp-json\/wp\/v2\/types\/post"}],"author":[{"embeddable":true,"href":"https:\/\/tuttosprint.ch\/de\/wp-json\/wp\/v2\/users\/1"}],"replies":[{"embeddable":true,"href":"https:\/\/tuttosprint.ch\/de\/wp-json\/wp\/v2\/comments?post=11507"}],"version-history":[{"count":9,"href":"https:\/\/tuttosprint.ch\/de\/wp-json\/wp\/v2\/posts\/11507\/revisions"}],"predecessor-version":[{"id":11516,"href":"https:\/\/tuttosprint.ch\/de\/wp-json\/wp\/v2\/posts\/11507\/revisions\/11516"}],"wp:featuredmedia":[{"embeddable":true,"href":"https:\/\/tuttosprint.ch\/de\/wp-json\/wp\/v2\/media\/11503"}],"wp:attachment":[{"href":"https:\/\/tuttosprint.ch\/de\/wp-json\/wp\/v2\/media?parent=11507"}],"wp:term":[{"taxonomy":"category","embeddable":true,"href":"https:\/\/tuttosprint.ch\/de\/wp-json\/wp\/v2\/categories?post=11507"},{"taxonomy":"post_tag","embeddable":true,"href":"https:\/\/tuttosprint.ch\/de\/wp-json\/wp\/v2\/tags?post=11507"}],"curies":[{"name":"wp","href":"https:\/\/api.w.org\/{rel}","templated":true}]}}