{"id":12253,"date":"2019-11-30T15:21:53","date_gmt":"2019-11-30T15:21:53","guid":{"rendered":"https:\/\/tuttosprint.ch\/?p=12253"},"modified":"2019-11-30T15:21:53","modified_gmt":"2019-11-30T15:21:53","slug":"der-papst-braucht-kein-statussymbol","status":"publish","type":"post","link":"https:\/\/tuttosprint.ch\/de\/der-papst-braucht-kein-statussymbol\/","title":{"rendered":"Der Papst braucht kein Statussymbol"},"content":{"rendered":"<h3><span>Papst Franziskus ist seit Mittwoch 27. November in einem Dacia Duster unterwegs &#8211;<\/span><\/h3>\n<p><img loading=\"lazy\" decoding=\"async\" class=\"aligncenter size-full wp-image-12249\" src=\"https:\/\/tuttosprint.ch\/wp-content\/uploads\/2019\/11\/21236980-il-gruppo-renault-consegna-una-dacia-esclusiva-a-papa-francesco.jpg\" alt=\"\" width=\"640\" height=\"427\" srcset=\"https:\/\/tuttosprint.ch\/wp-content\/uploads\/2019\/11\/21236980-il-gruppo-renault-consegna-una-dacia-esclusiva-a-papa-francesco.jpg 640w, https:\/\/tuttosprint.ch\/wp-content\/uploads\/2019\/11\/21236980-il-gruppo-renault-consegna-una-dacia-esclusiva-a-papa-francesco-300x200.jpg 300w, https:\/\/tuttosprint.ch\/wp-content\/uploads\/2019\/11\/21236980-il-gruppo-renault-consegna-una-dacia-esclusiva-a-papa-francesco-435x290.jpg 435w, https:\/\/tuttosprint.ch\/wp-content\/uploads\/2019\/11\/21236980-il-gruppo-renault-consegna-una-dacia-esclusiva-a-papa-francesco-150x100.jpg 150w, https:\/\/tuttosprint.ch\/wp-content\/uploads\/2019\/11\/21236980-il-gruppo-renault-consegna-una-dacia-esclusiva-a-papa-francesco-370x247.jpg 370w\" sizes=\"auto, (max-width: 640px) 100vw, 640px\" \/><\/p>\n<p><span>Das Fahrzeug wurde speziell f\u00fcr die Mobilit\u00e4tsbed\u00fcrfnisse des Kirchenoberhaupts entwickelt. Das \u201ePapamobil&#8220; hat eine wei\u00dfe Au\u00dfenlackierung mit beigefarbenem Innenraum und wurde von der Prototypenabteilung in Zusammenarbeit mit dem Karosseriebauer Romturingia umgebaut. <\/span><\/p>\n<p><img loading=\"lazy\" decoding=\"async\" class=\"aligncenter size-full wp-image-12247\" src=\"https:\/\/tuttosprint.ch\/wp-content\/uploads\/2019\/11\/21236973-il-gruppo-renault-consegna-una-dacia-esclusiva-a-papa-francesco.jpg\" alt=\"\" width=\"640\" height=\"427\" srcset=\"https:\/\/tuttosprint.ch\/wp-content\/uploads\/2019\/11\/21236973-il-gruppo-renault-consegna-una-dacia-esclusiva-a-papa-francesco.jpg 640w, https:\/\/tuttosprint.ch\/wp-content\/uploads\/2019\/11\/21236973-il-gruppo-renault-consegna-una-dacia-esclusiva-a-papa-francesco-300x200.jpg 300w, https:\/\/tuttosprint.ch\/wp-content\/uploads\/2019\/11\/21236973-il-gruppo-renault-consegna-una-dacia-esclusiva-a-papa-francesco-435x290.jpg 435w, https:\/\/tuttosprint.ch\/wp-content\/uploads\/2019\/11\/21236973-il-gruppo-renault-consegna-una-dacia-esclusiva-a-papa-francesco-150x100.jpg 150w, https:\/\/tuttosprint.ch\/wp-content\/uploads\/2019\/11\/21236973-il-gruppo-renault-consegna-una-dacia-esclusiva-a-papa-francesco-370x247.jpg 370w\" sizes=\"auto, (max-width: 640px) 100vw, 640px\" \/><\/p>\n<p><span>Das Fahrzeug verf\u00fcgt \u00fcber f\u00fcnf Sitze, davon ein besonders komfortabler Sitz im Fond. Hinzu kommen zum Beispiel ein gro\u00dfes Schiebedach, ein abnehmbarer Glasaufbau und die um 30 Millimeter niedrigere Bodenfreiheit, um den Zugang an Bord zu erleichtern. <\/span><\/p>\n<p>&nbsp;<\/p>\n<p><span>Christophe Dridi, Vorstandsvorsitzender Dacia SA und Managing Director Groupe Renault Romania, sowie Xavier Martinet, General Manager Renault Italien, \u00fcbergaben Papst Franziskus den umgebauten Duster mit Allradantrieb heute im Vatikanstaat. (ampnet<\/span>)<\/p>\n","protected":false},"excerpt":{"rendered":"<p>Papst Franziskus ist seit Mittwoch 27. November in einem Dacia Duster unterwegs\u2026<\/p>\n","protected":false},"author":1,"featured_media":12251,"comment_status":"open","ping_status":"open","sticky":false,"template":"","format":"image","meta":{"footnotes":""},"categories":[22,21],"tags":[],"class_list":["post-12253","post","type-post","status-publish","format-image","has-post-thumbnail","hentry","category-auto-moto-de","category-news","post_format-post-format-image"],"yoast_head":"<!-- This site is optimized with the Yoast SEO plugin v27.4 - https:\/\/yoast.com\/product\/yoast-seo-wordpress\/ -->\n<title>Der Papst braucht kein Statussymbol - Tuttosprint<\/title>\n<meta name=\"robots\" content=\"index, follow, max-snippet:-1, max-image-preview:large, max-video-preview:-1\" \/>\n<link rel=\"canonical\" href=\"https:\/\/tuttosprint.ch\/de\/der-papst-braucht-kein-statussymbol\/\" \/>\n<meta property=\"og:locale\" content=\"de_DE\" \/>\n<meta property=\"og:type\" content=\"article\" \/>\n<meta property=\"og:title\" content=\"Der Papst braucht kein Statussymbol - Tuttosprint\" \/>\n<meta property=\"og:description\" content=\"Papst Franziskus ist seit Mittwoch 27. November in einem Dacia Duster unterwegs\u2026\" \/>\n<meta property=\"og:url\" content=\"https:\/\/tuttosprint.ch\/de\/der-papst-braucht-kein-statussymbol\/\" \/>\n<meta property=\"og:site_name\" content=\"Tuttosprint\" \/>\n<meta property=\"article:published_time\" content=\"2019-11-30T15:21:53+00:00\" \/>\n<meta property=\"og:image\" content=\"https:\/\/tuttosprint.ch\/wp-content\/uploads\/2019\/11\/gruppo-renault-consegna-duster-a-papa-francesco.jpg\" \/>\n\t<meta property=\"og:image:width\" content=\"768\" \/>\n\t<meta property=\"og:image:height\" content=\"512\" \/>\n\t<meta property=\"og:image:type\" content=\"image\/jpeg\" \/>\n<meta name=\"author\" content=\"Red. TSP\" \/>\n<meta name=\"twitter:card\" content=\"summary_large_image\" \/>\n<meta name=\"twitter:label1\" content=\"Verfasst von\" \/>\n\t<meta name=\"twitter:data1\" content=\"Red. TSP\" \/>\n\t<meta name=\"twitter:label2\" content=\"Gesch\u00e4tzte Lesezeit\" \/>\n\t<meta name=\"twitter:data2\" content=\"1 Minute\" \/>\n<script type=\"application\/ld+json\" class=\"yoast-schema-graph\">{\"@context\":\"https:\\\/\\\/schema.org\",\"@graph\":[{\"@type\":\"Article\",\"@id\":\"https:\\\/\\\/tuttosprint.ch\\\/de\\\/der-papst-braucht-kein-statussymbol\\\/#article\",\"isPartOf\":{\"@id\":\"https:\\\/\\\/tuttosprint.ch\\\/de\\\/der-papst-braucht-kein-statussymbol\\\/\"},\"author\":{\"name\":\"Red. TSP\",\"@id\":\"https:\\\/\\\/tuttosprint.ch\\\/#\\\/schema\\\/person\\\/84dfe95b43201d701bfdc5df5b4fa1f4\"},\"headline\":\"Der Papst braucht kein Statussymbol\",\"datePublished\":\"2019-11-30T15:21:53+00:00\",\"mainEntityOfPage\":{\"@id\":\"https:\\\/\\\/tuttosprint.ch\\\/de\\\/der-papst-braucht-kein-statussymbol\\\/\"},\"wordCount\":123,\"commentCount\":0,\"publisher\":{\"@id\":\"https:\\\/\\\/tuttosprint.ch\\\/#organization\"},\"image\":{\"@id\":\"https:\\\/\\\/tuttosprint.ch\\\/de\\\/der-papst-braucht-kein-statussymbol\\\/#primaryimage\"},\"thumbnailUrl\":\"https:\\\/\\\/tuttosprint.ch\\\/wp-content\\\/uploads\\\/2019\\\/11\\\/gruppo-renault-consegna-duster-a-papa-francesco.jpg\",\"articleSection\":[\"Auto\\\/Moto\",\"News\"],\"inLanguage\":\"de-DE\"},{\"@type\":\"WebPage\",\"@id\":\"https:\\\/\\\/tuttosprint.ch\\\/de\\\/der-papst-braucht-kein-statussymbol\\\/\",\"url\":\"https:\\\/\\\/tuttosprint.ch\\\/de\\\/der-papst-braucht-kein-statussymbol\\\/\",\"name\":\"Der Papst braucht kein Statussymbol - Tuttosprint\",\"isPartOf\":{\"@id\":\"https:\\\/\\\/tuttosprint.ch\\\/#website\"},\"primaryImageOfPage\":{\"@id\":\"https:\\\/\\\/tuttosprint.ch\\\/de\\\/der-papst-braucht-kein-statussymbol\\\/#primaryimage\"},\"image\":{\"@id\":\"https:\\\/\\\/tuttosprint.ch\\\/de\\\/der-papst-braucht-kein-statussymbol\\\/#primaryimage\"},\"thumbnailUrl\":\"https:\\\/\\\/tuttosprint.ch\\\/wp-content\\\/uploads\\\/2019\\\/11\\\/gruppo-renault-consegna-duster-a-papa-francesco.jpg\",\"datePublished\":\"2019-11-30T15:21:53+00:00\",\"inLanguage\":\"de-DE\",\"potentialAction\":[{\"@type\":\"ReadAction\",\"target\":[\"https:\\\/\\\/tuttosprint.ch\\\/de\\\/der-papst-braucht-kein-statussymbol\\\/\"]}]},{\"@type\":\"ImageObject\",\"inLanguage\":\"de-DE\",\"@id\":\"https:\\\/\\\/tuttosprint.ch\\\/de\\\/der-papst-braucht-kein-statussymbol\\\/#primaryimage\",\"url\":\"https:\\\/\\\/tuttosprint.ch\\\/wp-content\\\/uploads\\\/2019\\\/11\\\/gruppo-renault-consegna-duster-a-papa-francesco.jpg\",\"contentUrl\":\"https:\\\/\\\/tuttosprint.ch\\\/wp-content\\\/uploads\\\/2019\\\/11\\\/gruppo-renault-consegna-duster-a-papa-francesco.jpg\",\"width\":768,\"height\":512},{\"@type\":\"WebSite\",\"@id\":\"https:\\\/\\\/tuttosprint.ch\\\/#website\",\"url\":\"https:\\\/\\\/tuttosprint.ch\\\/\",\"name\":\"Tuttosprint\",\"description\":\"\",\"publisher\":{\"@id\":\"https:\\\/\\\/tuttosprint.ch\\\/#organization\"},\"potentialAction\":[{\"@type\":\"SearchAction\",\"target\":{\"@type\":\"EntryPoint\",\"urlTemplate\":\"https:\\\/\\\/tuttosprint.ch\\\/?s={search_term_string}\"},\"query-input\":{\"@type\":\"PropertyValueSpecification\",\"valueRequired\":true,\"valueName\":\"search_term_string\"}}],\"inLanguage\":\"de-DE\"},{\"@type\":\"Organization\",\"@id\":\"https:\\\/\\\/tuttosprint.ch\\\/#organization\",\"name\":\"Tuttosprint\",\"url\":\"https:\\\/\\\/tuttosprint.ch\\\/\",\"logo\":{\"@type\":\"ImageObject\",\"inLanguage\":\"de-DE\",\"@id\":\"https:\\\/\\\/tuttosprint.ch\\\/#\\\/schema\\\/logo\\\/image\\\/\",\"url\":\"https:\\\/\\\/tuttosprint.ch\\\/wp-content\\\/uploads\\\/2018\\\/05\\\/Logo_pos_Tuttosprint-2.png\",\"contentUrl\":\"https:\\\/\\\/tuttosprint.ch\\\/wp-content\\\/uploads\\\/2018\\\/05\\\/Logo_pos_Tuttosprint-2.png\",\"width\":350,\"height\":55,\"caption\":\"Tuttosprint\"},\"image\":{\"@id\":\"https:\\\/\\\/tuttosprint.ch\\\/#\\\/schema\\\/logo\\\/image\\\/\"}},{\"@type\":\"Person\",\"@id\":\"https:\\\/\\\/tuttosprint.ch\\\/#\\\/schema\\\/person\\\/84dfe95b43201d701bfdc5df5b4fa1f4\",\"name\":\"Red. TSP\",\"image\":{\"@type\":\"ImageObject\",\"inLanguage\":\"de-DE\",\"@id\":\"https:\\\/\\\/secure.gravatar.com\\\/avatar\\\/cf0c9e614551eb65b068b8ae2042e0ec60c802bc0fb815d4ebbd1eff13a2e9ad?s=96&d=mm&r=g\",\"url\":\"https:\\\/\\\/secure.gravatar.com\\\/avatar\\\/cf0c9e614551eb65b068b8ae2042e0ec60c802bc0fb815d4ebbd1eff13a2e9ad?s=96&d=mm&r=g\",\"contentUrl\":\"https:\\\/\\\/secure.gravatar.com\\\/avatar\\\/cf0c9e614551eb65b068b8ae2042e0ec60c802bc0fb815d4ebbd1eff13a2e9ad?s=96&d=mm&r=g\",\"caption\":\"Red. TSP\"},\"url\":\"https:\\\/\\\/tuttosprint.ch\\\/de\\\/author\\\/info_vb03q6f2\\\/\"}]}<\/script>\n<!-- \/ Yoast SEO plugin. -->","yoast_head_json":{"title":"Der Papst braucht kein Statussymbol - Tuttosprint","robots":{"index":"index","follow":"follow","max-snippet":"max-snippet:-1","max-image-preview":"max-image-preview:large","max-video-preview":"max-video-preview:-1"},"canonical":"https:\/\/tuttosprint.ch\/de\/der-papst-braucht-kein-statussymbol\/","og_locale":"de_DE","og_type":"article","og_title":"Der Papst braucht kein Statussymbol - Tuttosprint","og_description":"Papst Franziskus ist seit Mittwoch 27. November in einem Dacia Duster unterwegs\u2026","og_url":"https:\/\/tuttosprint.ch\/de\/der-papst-braucht-kein-statussymbol\/","og_site_name":"Tuttosprint","article_published_time":"2019-11-30T15:21:53+00:00","og_image":[{"width":768,"height":512,"url":"https:\/\/tuttosprint.ch\/wp-content\/uploads\/2019\/11\/gruppo-renault-consegna-duster-a-papa-francesco.jpg","type":"image\/jpeg"}],"author":"Red. TSP","twitter_card":"summary_large_image","twitter_misc":{"Verfasst von":"Red. TSP","Gesch\u00e4tzte Lesezeit":"1 Minute"},"schema":{"@context":"https:\/\/schema.org","@graph":[{"@type":"Article","@id":"https:\/\/tuttosprint.ch\/de\/der-papst-braucht-kein-statussymbol\/#article","isPartOf":{"@id":"https:\/\/tuttosprint.ch\/de\/der-papst-braucht-kein-statussymbol\/"},"author":{"name":"Red. TSP","@id":"https:\/\/tuttosprint.ch\/#\/schema\/person\/84dfe95b43201d701bfdc5df5b4fa1f4"},"headline":"Der Papst braucht kein Statussymbol","datePublished":"2019-11-30T15:21:53+00:00","mainEntityOfPage":{"@id":"https:\/\/tuttosprint.ch\/de\/der-papst-braucht-kein-statussymbol\/"},"wordCount":123,"commentCount":0,"publisher":{"@id":"https:\/\/tuttosprint.ch\/#organization"},"image":{"@id":"https:\/\/tuttosprint.ch\/de\/der-papst-braucht-kein-statussymbol\/#primaryimage"},"thumbnailUrl":"https:\/\/tuttosprint.ch\/wp-content\/uploads\/2019\/11\/gruppo-renault-consegna-duster-a-papa-francesco.jpg","articleSection":["Auto\/Moto","News"],"inLanguage":"de-DE"},{"@type":"WebPage","@id":"https:\/\/tuttosprint.ch\/de\/der-papst-braucht-kein-statussymbol\/","url":"https:\/\/tuttosprint.ch\/de\/der-papst-braucht-kein-statussymbol\/","name":"Der Papst braucht kein Statussymbol - Tuttosprint","isPartOf":{"@id":"https:\/\/tuttosprint.ch\/#website"},"primaryImageOfPage":{"@id":"https:\/\/tuttosprint.ch\/de\/der-papst-braucht-kein-statussymbol\/#primaryimage"},"image":{"@id":"https:\/\/tuttosprint.ch\/de\/der-papst-braucht-kein-statussymbol\/#primaryimage"},"thumbnailUrl":"https:\/\/tuttosprint.ch\/wp-content\/uploads\/2019\/11\/gruppo-renault-consegna-duster-a-papa-francesco.jpg","datePublished":"2019-11-30T15:21:53+00:00","inLanguage":"de-DE","potentialAction":[{"@type":"ReadAction","target":["https:\/\/tuttosprint.ch\/de\/der-papst-braucht-kein-statussymbol\/"]}]},{"@type":"ImageObject","inLanguage":"de-DE","@id":"https:\/\/tuttosprint.ch\/de\/der-papst-braucht-kein-statussymbol\/#primaryimage","url":"https:\/\/tuttosprint.ch\/wp-content\/uploads\/2019\/11\/gruppo-renault-consegna-duster-a-papa-francesco.jpg","contentUrl":"https:\/\/tuttosprint.ch\/wp-content\/uploads\/2019\/11\/gruppo-renault-consegna-duster-a-papa-francesco.jpg","width":768,"height":512},{"@type":"WebSite","@id":"https:\/\/tuttosprint.ch\/#website","url":"https:\/\/tuttosprint.ch\/","name":"Tuttosprint","description":"","publisher":{"@id":"https:\/\/tuttosprint.ch\/#organization"},"potentialAction":[{"@type":"SearchAction","target":{"@type":"EntryPoint","urlTemplate":"https:\/\/tuttosprint.ch\/?s={search_term_string}"},"query-input":{"@type":"PropertyValueSpecification","valueRequired":true,"valueName":"search_term_string"}}],"inLanguage":"de-DE"},{"@type":"Organization","@id":"https:\/\/tuttosprint.ch\/#organization","name":"Tuttosprint","url":"https:\/\/tuttosprint.ch\/","logo":{"@type":"ImageObject","inLanguage":"de-DE","@id":"https:\/\/tuttosprint.ch\/#\/schema\/logo\/image\/","url":"https:\/\/tuttosprint.ch\/wp-content\/uploads\/2018\/05\/Logo_pos_Tuttosprint-2.png","contentUrl":"https:\/\/tuttosprint.ch\/wp-content\/uploads\/2018\/05\/Logo_pos_Tuttosprint-2.png","width":350,"height":55,"caption":"Tuttosprint"},"image":{"@id":"https:\/\/tuttosprint.ch\/#\/schema\/logo\/image\/"}},{"@type":"Person","@id":"https:\/\/tuttosprint.ch\/#\/schema\/person\/84dfe95b43201d701bfdc5df5b4fa1f4","name":"Red. TSP","image":{"@type":"ImageObject","inLanguage":"de-DE","@id":"https:\/\/secure.gravatar.com\/avatar\/cf0c9e614551eb65b068b8ae2042e0ec60c802bc0fb815d4ebbd1eff13a2e9ad?s=96&d=mm&r=g","url":"https:\/\/secure.gravatar.com\/avatar\/cf0c9e614551eb65b068b8ae2042e0ec60c802bc0fb815d4ebbd1eff13a2e9ad?s=96&d=mm&r=g","contentUrl":"https:\/\/secure.gravatar.com\/avatar\/cf0c9e614551eb65b068b8ae2042e0ec60c802bc0fb815d4ebbd1eff13a2e9ad?s=96&d=mm&r=g","caption":"Red. TSP"},"url":"https:\/\/tuttosprint.ch\/de\/author\/info_vb03q6f2\/"}]}},"_links":{"self":[{"href":"https:\/\/tuttosprint.ch\/de\/wp-json\/wp\/v2\/posts\/12253","targetHints":{"allow":["GET"]}}],"collection":[{"href":"https:\/\/tuttosprint.ch\/de\/wp-json\/wp\/v2\/posts"}],"about":[{"href":"https:\/\/tuttosprint.ch\/de\/wp-json\/wp\/v2\/types\/post"}],"author":[{"embeddable":true,"href":"https:\/\/tuttosprint.ch\/de\/wp-json\/wp\/v2\/users\/1"}],"replies":[{"embeddable":true,"href":"https:\/\/tuttosprint.ch\/de\/wp-json\/wp\/v2\/comments?post=12253"}],"version-history":[{"count":1,"href":"https:\/\/tuttosprint.ch\/de\/wp-json\/wp\/v2\/posts\/12253\/revisions"}],"predecessor-version":[{"id":12254,"href":"https:\/\/tuttosprint.ch\/de\/wp-json\/wp\/v2\/posts\/12253\/revisions\/12254"}],"wp:featuredmedia":[{"embeddable":true,"href":"https:\/\/tuttosprint.ch\/de\/wp-json\/wp\/v2\/media\/12251"}],"wp:attachment":[{"href":"https:\/\/tuttosprint.ch\/de\/wp-json\/wp\/v2\/media?parent=12253"}],"wp:term":[{"taxonomy":"category","embeddable":true,"href":"https:\/\/tuttosprint.ch\/de\/wp-json\/wp\/v2\/categories?post=12253"},{"taxonomy":"post_tag","embeddable":true,"href":"https:\/\/tuttosprint.ch\/de\/wp-json\/wp\/v2\/tags?post=12253"}],"curies":[{"name":"wp","href":"https:\/\/api.w.org\/{rel}","templated":true}]}}