{"id":13198,"date":"2020-03-04T08:15:49","date_gmt":"2020-03-04T08:15:49","guid":{"rendered":"https:\/\/tuttosprint.ch\/?p=13198"},"modified":"2020-03-04T08:15:51","modified_gmt":"2020-03-04T08:15:51","slug":"suzuki-praesentiert-das-ignis-facelift","status":"publish","type":"post","link":"https:\/\/tuttosprint.ch\/de\/suzuki-praesentiert-das-ignis-facelift\/","title":{"rendered":"Suzuki pr\u00e4sentiert das Ignis-Facelift"},"content":{"rendered":"\n<h3 class=\"wp-block-heading\">DER IGNIS WURDE EINEM FACELIFTING UNTERZOGEN UND ZEIGT SICH IN NEUEM DESIGN UND MIT NEUEM ANTRIEBSSTRANG &#8211;<\/h3>\n\n\n\n<p>Der neue Ignis beh\u00e4lt die kultigen Designmerkmale des aktuellen Modells bei, st\u00e4rkt dabei aber als einziger ultra-kompakter SUV seine einzigartige Stellung im Markt durch einen neuen K\u00fchlergrill und neue Stossf\u00e4nger, raffinierte Innenraumfarben und einen effizienzsteigernden Motor durch die vergr\u00f6sserte Kapazit\u00e4t des Mild-Hybrid-Antriebs. Der neue Ignis ist ab sofort beim offiziellen Suzuki Fachh\u00e4ndler zur Probefahrt bereit. <\/p>\n\n\n\n<p>Nach seiner Einf\u00fchrung im Jahr 2016 wurde der Ignis bei der Verleihung der World Urban Car Awards 2017 unter die ersten drei Finalisten gew\u00e4hlt und hat seitdem weiter an Popularit\u00e4t gewonnen. Der neue Ignis baut das ikonische Design in einem kompakten und funktionalen Paket weiter aus und \u00fcberzeugt als aktraktives Micro-SUV, das Fahrspass und Funktionalit\u00e4t miteinander verbindet.<\/p>\n\n\n\n<p><strong>Highlights des neuen Ignis <\/strong> <\/p>\n\n\n\n<p>Ikonisches SUV-Design Markante \u00e4ussere Designmerkmale wie beispielsweise der f\u00fcr Suzuki charakteristische K\u00fchlergrill und die Stossf\u00e4nger vorne und hinten mit silbernem Schutz betonen den SUV-Charakter und die Einzigartigkeit dieses Autos. <\/p>\n\n\n\n<p>Futuristisch urbaner Innenraum Neue Akzentfarben f\u00fcr innen \u2013 Lazuli Medium Blue Pearl und Medium Gray Metallic \u2013 und ein k\u00fchn gestaltetes Armaturenbrett erg\u00e4nzen den stilvoll urbanen Charakter des Innenraums. <\/p>\n\n\n\n<p>Fortschrittliche Kraftstoffeffizienz Der neue K12D 1.2-DUALJET-Motor und der Mild-Hybrid-Antrieb SHVS mit einer deutlich leistungsf\u00e4higeren 10Ah-Lithiumionen-Batterie bieten eine verbesserte Kraftstoffeffizienz \u2013 jetzt mit CVTOption erh\u00e4ltlich. <\/p>\n\n\n\n<p><strong>\u00dcberarbeitetes Aussen- und Innendesign <\/strong><\/p>\n\n\n\n<p>Aussendesign Der Ignis weist die f\u00fcr Suzuki typischen Designelemente auf, einschliesslich schlitzf\u00f6rmiger CS\u00e4ule, geschw\u00e4rzter A- und B-S\u00e4ule, Kotfl\u00fcgelverkleidung und Clamshell-Motorhaube. Er steht f\u00fcr einfaches Design, das vertraut und freundlich erscheint und sich durch einzigartige Scheinwerfer, schwarze, verl\u00e4ngerte Radh\u00e4user und robuste Schultern auszeichnet.  Das Facelift-Modell beh\u00e4lt diese ikonischen Merkmale bei, f\u00fcgt jedoch gleichzeitig einen neuen Suzuki-SUV-K\u00fchlergrill sowie vordere und hintere Stossf\u00e4nger mit trapezf\u00f6rmigem, silberfarbenem Schutz hinzu, die den Gesamtcharakter und die Einzigartigkeit dieses SUV st\u00e4rken.<\/p>\n\n\n\n<p>   <\/p>\n\n\n\n<figure class=\"wp-block-image size-large\"><img loading=\"lazy\" decoding=\"async\" width=\"640\" height=\"427\" src=\"https:\/\/tuttosprint.ch\/wp-content\/uploads\/2020\/03\/IGNIS_2.jpg\" alt=\"\" class=\"wp-image-13201\" srcset=\"https:\/\/tuttosprint.ch\/wp-content\/uploads\/2020\/03\/IGNIS_2.jpg 640w, https:\/\/tuttosprint.ch\/wp-content\/uploads\/2020\/03\/IGNIS_2-300x200.jpg 300w, https:\/\/tuttosprint.ch\/wp-content\/uploads\/2020\/03\/IGNIS_2-435x290.jpg 435w, https:\/\/tuttosprint.ch\/wp-content\/uploads\/2020\/03\/IGNIS_2-150x100.jpg 150w, https:\/\/tuttosprint.ch\/wp-content\/uploads\/2020\/03\/IGNIS_2-370x247.jpg 370w\" sizes=\"auto, (max-width: 640px) 100vw, 640px\" \/><\/figure>\n\n\n\n<h4 class=\"wp-block-heading\">Fortschrittliche Kraftstoffeffizienz <\/h4>\n\n\n\n<p>K12D 1.2 DUALJET-Motor Der \u00fcberarbeitete K12D 1.2 DUALJET-Motor, der den neuen Ignis antreibt, verf\u00fcgt \u00fcber ein neues Doppeleinspritzsystem und bietet sowohl ein kraftvolles Ansprechverhalten als auch eine hohe Kraftstoffeffizienz. Die hochwertige Abstimmung war durch verschiedene Weiterentwicklungen m\u00f6glich, einschliesslich einer elektrischen variablen Einlassventilsteuerung (VVT), einer \u00d6lVerstellpumpe und elektrischen Kolbenk\u00fchld\u00fcsen. <\/p>\n\n\n\n<p>Fortschrittlicher Mild-Hybrid-Antrieb Die Kraftstoffeffizienz wird durch Kopplung mit dem Mild-HybridAntrieb weiter verbessert, der von einer Lithium-Ionen-Batterie mit einer von 3Ah auf 10Ah erweiterten Kapazit\u00e4t gespeist wird.  <\/p>\n\n\n\n<p>Der Mild-Hybrid-Antrieb wandelt die beim Bremsvorgang erzeugte kinetische Energie in elektrische Energie um, mit der die LithiumIonen-Batterie geladen wird, die wiederum von der Elektromotorfunktion dazu genutzt wird, den Motor beim Beschleunigen zu unterst\u00fctzen und damit die Kraftstoffeffizienz zu erh\u00f6hen.  <\/p>\n\n\n\n<p>Neu mit CVT-Option Jetzt als Option erh\u00e4ltlich, bietet das CVT kraftvolle Beschleunigung bei niedrigen Geschwindigkeiten und eine herausragende Kraftstoffeffizienz bei hohen Drehzahlen. <\/p>\n\n\n\n<p>Sonderserie Generation Hybrid Der Ignis ist auch in der neuen Sonderserie &#8222;Generation Hybrid&#8220; verf\u00fcgbar. Die Sondermodelle bestechen mit einer 5 Jahres Suzuki Premium-Garantie sowie einer Metallic-Lackierung ohne Aufpreis. Zudem enth\u00e4lt jedes &#8222;Generation Hybrid&#8220; Sondermodell, neben modellspezifischen Sonderausstattungen, das umfangreiche &#8222;Generation Hybrid&#8220; Paket, welches mit attraktiven Dekorelementen, einem Lenkraddekor, Einstiegsleisten vorne sowie Deluxe-Fussmatten gl\u00e4nzt. Als besonderes Goodie obendrauf gibt es zu jedem &#8222;Generation Hybrid&#8220; Modell eine umweltfreundliche Sport- und Freizeittasche der Firma EcoAlf. Diese verwendet zur Herstellung ihrer Produkte ausschliesslich wiederverwertete Materialien. F\u00fcr die Sporttasche &#8222;Generation Hybrid&#8220; wird ein Stoff verwendet, der aus PET-Flaschen hergestellt wird. <\/p>\n","protected":false},"excerpt":{"rendered":"<p>DER IGNIS WURDE EINEM FACELIFTING UNTERZOGEN UND ZEIGT SICH IN NEUEM DESIGN\u2026<\/p>\n","protected":false},"author":1,"featured_media":13199,"comment_status":"open","ping_status":"open","sticky":false,"template":"","format":"standard","meta":{"footnotes":""},"categories":[21],"tags":[],"class_list":["post-13198","post","type-post","status-publish","format-standard","has-post-thumbnail","hentry","category-news"],"yoast_head":"<!-- This site is optimized with the Yoast SEO plugin v27.4 - https:\/\/yoast.com\/product\/yoast-seo-wordpress\/ -->\n<title>Suzuki pr\u00e4sentiert das Ignis-Facelift - Tuttosprint<\/title>\n<meta name=\"robots\" content=\"index, follow, max-snippet:-1, max-image-preview:large, max-video-preview:-1\" \/>\n<link rel=\"canonical\" href=\"https:\/\/tuttosprint.ch\/de\/suzuki-praesentiert-das-ignis-facelift\/\" \/>\n<meta property=\"og:locale\" content=\"de_DE\" \/>\n<meta property=\"og:type\" content=\"article\" \/>\n<meta property=\"og:title\" content=\"Suzuki pr\u00e4sentiert das Ignis-Facelift - Tuttosprint\" \/>\n<meta property=\"og:description\" content=\"DER IGNIS WURDE EINEM FACELIFTING UNTERZOGEN UND ZEIGT SICH IN NEUEM DESIGN\u2026\" \/>\n<meta property=\"og:url\" content=\"https:\/\/tuttosprint.ch\/de\/suzuki-praesentiert-das-ignis-facelift\/\" \/>\n<meta property=\"og:site_name\" content=\"Tuttosprint\" \/>\n<meta property=\"article:published_time\" content=\"2020-03-04T08:15:49+00:00\" \/>\n<meta property=\"article:modified_time\" content=\"2020-03-04T08:15:51+00:00\" \/>\n<meta property=\"og:image\" content=\"https:\/\/tuttosprint.ch\/wp-content\/uploads\/2020\/03\/IGNIS_1.jpg\" \/>\n\t<meta property=\"og:image:width\" content=\"768\" \/>\n\t<meta property=\"og:image:height\" content=\"512\" \/>\n\t<meta property=\"og:image:type\" content=\"image\/jpeg\" \/>\n<meta name=\"author\" content=\"Red. TSP\" \/>\n<meta name=\"twitter:card\" content=\"summary_large_image\" \/>\n<meta name=\"twitter:label1\" content=\"Verfasst von\" \/>\n\t<meta name=\"twitter:data1\" content=\"Red. TSP\" \/>\n\t<meta name=\"twitter:label2\" content=\"Gesch\u00e4tzte Lesezeit\" \/>\n\t<meta name=\"twitter:data2\" content=\"3 Minuten\" \/>\n<script type=\"application\/ld+json\" class=\"yoast-schema-graph\">{\"@context\":\"https:\\\/\\\/schema.org\",\"@graph\":[{\"@type\":\"Article\",\"@id\":\"https:\\\/\\\/tuttosprint.ch\\\/de\\\/suzuki-praesentiert-das-ignis-facelift\\\/#article\",\"isPartOf\":{\"@id\":\"https:\\\/\\\/tuttosprint.ch\\\/de\\\/suzuki-praesentiert-das-ignis-facelift\\\/\"},\"author\":{\"name\":\"Red. TSP\",\"@id\":\"https:\\\/\\\/tuttosprint.ch\\\/#\\\/schema\\\/person\\\/84dfe95b43201d701bfdc5df5b4fa1f4\"},\"headline\":\"Suzuki pr\u00e4sentiert das Ignis-Facelift\",\"datePublished\":\"2020-03-04T08:15:49+00:00\",\"dateModified\":\"2020-03-04T08:15:51+00:00\",\"mainEntityOfPage\":{\"@id\":\"https:\\\/\\\/tuttosprint.ch\\\/de\\\/suzuki-praesentiert-das-ignis-facelift\\\/\"},\"wordCount\":571,\"commentCount\":0,\"publisher\":{\"@id\":\"https:\\\/\\\/tuttosprint.ch\\\/#organization\"},\"image\":{\"@id\":\"https:\\\/\\\/tuttosprint.ch\\\/de\\\/suzuki-praesentiert-das-ignis-facelift\\\/#primaryimage\"},\"thumbnailUrl\":\"https:\\\/\\\/tuttosprint.ch\\\/wp-content\\\/uploads\\\/2020\\\/03\\\/IGNIS_1.jpg\",\"articleSection\":[\"News\"],\"inLanguage\":\"de-DE\"},{\"@type\":\"WebPage\",\"@id\":\"https:\\\/\\\/tuttosprint.ch\\\/de\\\/suzuki-praesentiert-das-ignis-facelift\\\/\",\"url\":\"https:\\\/\\\/tuttosprint.ch\\\/de\\\/suzuki-praesentiert-das-ignis-facelift\\\/\",\"name\":\"Suzuki pr\u00e4sentiert das Ignis-Facelift - Tuttosprint\",\"isPartOf\":{\"@id\":\"https:\\\/\\\/tuttosprint.ch\\\/#website\"},\"primaryImageOfPage\":{\"@id\":\"https:\\\/\\\/tuttosprint.ch\\\/de\\\/suzuki-praesentiert-das-ignis-facelift\\\/#primaryimage\"},\"image\":{\"@id\":\"https:\\\/\\\/tuttosprint.ch\\\/de\\\/suzuki-praesentiert-das-ignis-facelift\\\/#primaryimage\"},\"thumbnailUrl\":\"https:\\\/\\\/tuttosprint.ch\\\/wp-content\\\/uploads\\\/2020\\\/03\\\/IGNIS_1.jpg\",\"datePublished\":\"2020-03-04T08:15:49+00:00\",\"dateModified\":\"2020-03-04T08:15:51+00:00\",\"inLanguage\":\"de-DE\",\"potentialAction\":[{\"@type\":\"ReadAction\",\"target\":[\"https:\\\/\\\/tuttosprint.ch\\\/de\\\/suzuki-praesentiert-das-ignis-facelift\\\/\"]}]},{\"@type\":\"ImageObject\",\"inLanguage\":\"de-DE\",\"@id\":\"https:\\\/\\\/tuttosprint.ch\\\/de\\\/suzuki-praesentiert-das-ignis-facelift\\\/#primaryimage\",\"url\":\"https:\\\/\\\/tuttosprint.ch\\\/wp-content\\\/uploads\\\/2020\\\/03\\\/IGNIS_1.jpg\",\"contentUrl\":\"https:\\\/\\\/tuttosprint.ch\\\/wp-content\\\/uploads\\\/2020\\\/03\\\/IGNIS_1.jpg\",\"width\":768,\"height\":512},{\"@type\":\"WebSite\",\"@id\":\"https:\\\/\\\/tuttosprint.ch\\\/#website\",\"url\":\"https:\\\/\\\/tuttosprint.ch\\\/\",\"name\":\"Tuttosprint\",\"description\":\"\",\"publisher\":{\"@id\":\"https:\\\/\\\/tuttosprint.ch\\\/#organization\"},\"potentialAction\":[{\"@type\":\"SearchAction\",\"target\":{\"@type\":\"EntryPoint\",\"urlTemplate\":\"https:\\\/\\\/tuttosprint.ch\\\/?s={search_term_string}\"},\"query-input\":{\"@type\":\"PropertyValueSpecification\",\"valueRequired\":true,\"valueName\":\"search_term_string\"}}],\"inLanguage\":\"de-DE\"},{\"@type\":\"Organization\",\"@id\":\"https:\\\/\\\/tuttosprint.ch\\\/#organization\",\"name\":\"Tuttosprint\",\"url\":\"https:\\\/\\\/tuttosprint.ch\\\/\",\"logo\":{\"@type\":\"ImageObject\",\"inLanguage\":\"de-DE\",\"@id\":\"https:\\\/\\\/tuttosprint.ch\\\/#\\\/schema\\\/logo\\\/image\\\/\",\"url\":\"https:\\\/\\\/tuttosprint.ch\\\/wp-content\\\/uploads\\\/2018\\\/05\\\/Logo_pos_Tuttosprint-2.png\",\"contentUrl\":\"https:\\\/\\\/tuttosprint.ch\\\/wp-content\\\/uploads\\\/2018\\\/05\\\/Logo_pos_Tuttosprint-2.png\",\"width\":350,\"height\":55,\"caption\":\"Tuttosprint\"},\"image\":{\"@id\":\"https:\\\/\\\/tuttosprint.ch\\\/#\\\/schema\\\/logo\\\/image\\\/\"}},{\"@type\":\"Person\",\"@id\":\"https:\\\/\\\/tuttosprint.ch\\\/#\\\/schema\\\/person\\\/84dfe95b43201d701bfdc5df5b4fa1f4\",\"name\":\"Red. TSP\",\"image\":{\"@type\":\"ImageObject\",\"inLanguage\":\"de-DE\",\"@id\":\"https:\\\/\\\/secure.gravatar.com\\\/avatar\\\/cf0c9e614551eb65b068b8ae2042e0ec60c802bc0fb815d4ebbd1eff13a2e9ad?s=96&d=mm&r=g\",\"url\":\"https:\\\/\\\/secure.gravatar.com\\\/avatar\\\/cf0c9e614551eb65b068b8ae2042e0ec60c802bc0fb815d4ebbd1eff13a2e9ad?s=96&d=mm&r=g\",\"contentUrl\":\"https:\\\/\\\/secure.gravatar.com\\\/avatar\\\/cf0c9e614551eb65b068b8ae2042e0ec60c802bc0fb815d4ebbd1eff13a2e9ad?s=96&d=mm&r=g\",\"caption\":\"Red. TSP\"},\"url\":\"https:\\\/\\\/tuttosprint.ch\\\/de\\\/author\\\/info_vb03q6f2\\\/\"}]}<\/script>\n<!-- \/ Yoast SEO plugin. -->","yoast_head_json":{"title":"Suzuki pr\u00e4sentiert das Ignis-Facelift - Tuttosprint","robots":{"index":"index","follow":"follow","max-snippet":"max-snippet:-1","max-image-preview":"max-image-preview:large","max-video-preview":"max-video-preview:-1"},"canonical":"https:\/\/tuttosprint.ch\/de\/suzuki-praesentiert-das-ignis-facelift\/","og_locale":"de_DE","og_type":"article","og_title":"Suzuki pr\u00e4sentiert das Ignis-Facelift - Tuttosprint","og_description":"DER IGNIS WURDE EINEM FACELIFTING UNTERZOGEN UND ZEIGT SICH IN NEUEM DESIGN\u2026","og_url":"https:\/\/tuttosprint.ch\/de\/suzuki-praesentiert-das-ignis-facelift\/","og_site_name":"Tuttosprint","article_published_time":"2020-03-04T08:15:49+00:00","article_modified_time":"2020-03-04T08:15:51+00:00","og_image":[{"width":768,"height":512,"url":"https:\/\/tuttosprint.ch\/wp-content\/uploads\/2020\/03\/IGNIS_1.jpg","type":"image\/jpeg"}],"author":"Red. TSP","twitter_card":"summary_large_image","twitter_misc":{"Verfasst von":"Red. TSP","Gesch\u00e4tzte Lesezeit":"3 Minuten"},"schema":{"@context":"https:\/\/schema.org","@graph":[{"@type":"Article","@id":"https:\/\/tuttosprint.ch\/de\/suzuki-praesentiert-das-ignis-facelift\/#article","isPartOf":{"@id":"https:\/\/tuttosprint.ch\/de\/suzuki-praesentiert-das-ignis-facelift\/"},"author":{"name":"Red. TSP","@id":"https:\/\/tuttosprint.ch\/#\/schema\/person\/84dfe95b43201d701bfdc5df5b4fa1f4"},"headline":"Suzuki pr\u00e4sentiert das Ignis-Facelift","datePublished":"2020-03-04T08:15:49+00:00","dateModified":"2020-03-04T08:15:51+00:00","mainEntityOfPage":{"@id":"https:\/\/tuttosprint.ch\/de\/suzuki-praesentiert-das-ignis-facelift\/"},"wordCount":571,"commentCount":0,"publisher":{"@id":"https:\/\/tuttosprint.ch\/#organization"},"image":{"@id":"https:\/\/tuttosprint.ch\/de\/suzuki-praesentiert-das-ignis-facelift\/#primaryimage"},"thumbnailUrl":"https:\/\/tuttosprint.ch\/wp-content\/uploads\/2020\/03\/IGNIS_1.jpg","articleSection":["News"],"inLanguage":"de-DE"},{"@type":"WebPage","@id":"https:\/\/tuttosprint.ch\/de\/suzuki-praesentiert-das-ignis-facelift\/","url":"https:\/\/tuttosprint.ch\/de\/suzuki-praesentiert-das-ignis-facelift\/","name":"Suzuki pr\u00e4sentiert das Ignis-Facelift - Tuttosprint","isPartOf":{"@id":"https:\/\/tuttosprint.ch\/#website"},"primaryImageOfPage":{"@id":"https:\/\/tuttosprint.ch\/de\/suzuki-praesentiert-das-ignis-facelift\/#primaryimage"},"image":{"@id":"https:\/\/tuttosprint.ch\/de\/suzuki-praesentiert-das-ignis-facelift\/#primaryimage"},"thumbnailUrl":"https:\/\/tuttosprint.ch\/wp-content\/uploads\/2020\/03\/IGNIS_1.jpg","datePublished":"2020-03-04T08:15:49+00:00","dateModified":"2020-03-04T08:15:51+00:00","inLanguage":"de-DE","potentialAction":[{"@type":"ReadAction","target":["https:\/\/tuttosprint.ch\/de\/suzuki-praesentiert-das-ignis-facelift\/"]}]},{"@type":"ImageObject","inLanguage":"de-DE","@id":"https:\/\/tuttosprint.ch\/de\/suzuki-praesentiert-das-ignis-facelift\/#primaryimage","url":"https:\/\/tuttosprint.ch\/wp-content\/uploads\/2020\/03\/IGNIS_1.jpg","contentUrl":"https:\/\/tuttosprint.ch\/wp-content\/uploads\/2020\/03\/IGNIS_1.jpg","width":768,"height":512},{"@type":"WebSite","@id":"https:\/\/tuttosprint.ch\/#website","url":"https:\/\/tuttosprint.ch\/","name":"Tuttosprint","description":"","publisher":{"@id":"https:\/\/tuttosprint.ch\/#organization"},"potentialAction":[{"@type":"SearchAction","target":{"@type":"EntryPoint","urlTemplate":"https:\/\/tuttosprint.ch\/?s={search_term_string}"},"query-input":{"@type":"PropertyValueSpecification","valueRequired":true,"valueName":"search_term_string"}}],"inLanguage":"de-DE"},{"@type":"Organization","@id":"https:\/\/tuttosprint.ch\/#organization","name":"Tuttosprint","url":"https:\/\/tuttosprint.ch\/","logo":{"@type":"ImageObject","inLanguage":"de-DE","@id":"https:\/\/tuttosprint.ch\/#\/schema\/logo\/image\/","url":"https:\/\/tuttosprint.ch\/wp-content\/uploads\/2018\/05\/Logo_pos_Tuttosprint-2.png","contentUrl":"https:\/\/tuttosprint.ch\/wp-content\/uploads\/2018\/05\/Logo_pos_Tuttosprint-2.png","width":350,"height":55,"caption":"Tuttosprint"},"image":{"@id":"https:\/\/tuttosprint.ch\/#\/schema\/logo\/image\/"}},{"@type":"Person","@id":"https:\/\/tuttosprint.ch\/#\/schema\/person\/84dfe95b43201d701bfdc5df5b4fa1f4","name":"Red. TSP","image":{"@type":"ImageObject","inLanguage":"de-DE","@id":"https:\/\/secure.gravatar.com\/avatar\/cf0c9e614551eb65b068b8ae2042e0ec60c802bc0fb815d4ebbd1eff13a2e9ad?s=96&d=mm&r=g","url":"https:\/\/secure.gravatar.com\/avatar\/cf0c9e614551eb65b068b8ae2042e0ec60c802bc0fb815d4ebbd1eff13a2e9ad?s=96&d=mm&r=g","contentUrl":"https:\/\/secure.gravatar.com\/avatar\/cf0c9e614551eb65b068b8ae2042e0ec60c802bc0fb815d4ebbd1eff13a2e9ad?s=96&d=mm&r=g","caption":"Red. TSP"},"url":"https:\/\/tuttosprint.ch\/de\/author\/info_vb03q6f2\/"}]}},"_links":{"self":[{"href":"https:\/\/tuttosprint.ch\/de\/wp-json\/wp\/v2\/posts\/13198","targetHints":{"allow":["GET"]}}],"collection":[{"href":"https:\/\/tuttosprint.ch\/de\/wp-json\/wp\/v2\/posts"}],"about":[{"href":"https:\/\/tuttosprint.ch\/de\/wp-json\/wp\/v2\/types\/post"}],"author":[{"embeddable":true,"href":"https:\/\/tuttosprint.ch\/de\/wp-json\/wp\/v2\/users\/1"}],"replies":[{"embeddable":true,"href":"https:\/\/tuttosprint.ch\/de\/wp-json\/wp\/v2\/comments?post=13198"}],"version-history":[{"count":2,"href":"https:\/\/tuttosprint.ch\/de\/wp-json\/wp\/v2\/posts\/13198\/revisions"}],"predecessor-version":[{"id":13204,"href":"https:\/\/tuttosprint.ch\/de\/wp-json\/wp\/v2\/posts\/13198\/revisions\/13204"}],"wp:featuredmedia":[{"embeddable":true,"href":"https:\/\/tuttosprint.ch\/de\/wp-json\/wp\/v2\/media\/13199"}],"wp:attachment":[{"href":"https:\/\/tuttosprint.ch\/de\/wp-json\/wp\/v2\/media?parent=13198"}],"wp:term":[{"taxonomy":"category","embeddable":true,"href":"https:\/\/tuttosprint.ch\/de\/wp-json\/wp\/v2\/categories?post=13198"},{"taxonomy":"post_tag","embeddable":true,"href":"https:\/\/tuttosprint.ch\/de\/wp-json\/wp\/v2\/tags?post=13198"}],"curies":[{"name":"wp","href":"https:\/\/api.w.org\/{rel}","templated":true}]}}