{"id":13207,"date":"2020-03-04T09:37:21","date_gmt":"2020-03-04T09:37:21","guid":{"rendered":"https:\/\/tuttosprint.ch\/?p=13207"},"modified":"2020-03-04T09:37:23","modified_gmt":"2020-03-04T09:37:23","slug":"das-jahr-2020-auf-den-sieben-schloessern","status":"publish","type":"post","link":"https:\/\/tuttosprint.ch\/de\/das-jahr-2020-auf-den-sieben-schloessern\/","title":{"rendered":"Das Jahr 2020 auf den Sieben Schl\u00f6ssern"},"content":{"rendered":"\n<h3 class=\"wp-block-heading\">JUBIL\u00c4UM, HOCHZEIT UND ERLEBNISTAG \u2013<\/h3>\n\n\n\n<p>B\u00fcckeburg, M\u00e4rz 2020 \u2013 Das Weserbergland mit seiner vielgestaltigen Kultur- und Naturlandschaft ist zunehmend beliebtes Kulturreiseziel f\u00fcr in- und ausl\u00e4ndische Touristen, die authentische Erfahrungen auf ihren Reisen sammeln m\u00f6chten. Begehrte Reiseziele sind auch die Sieben Schl\u00f6sser.  <\/p>\n\n\n\n<p>Die Schl\u00f6sser B\u00fcckeburg, Corvey, F\u00fcrstenberg, H\u00e4melschenburg, Pyrmont sowie das Weserrenaissance Schloss Bevern und das Schlosshotel M\u00fcnchhausen blicken teilweise auf mehr als 800 Jahre Geschichte, h\u00f6fische Kultur und ber\u00fchmte Pers\u00f6nlichkeiten zur\u00fcck. Andererseits unterhalten sie ihre Besucher zeitgem\u00e4\u00df mit erfrischenden Schlossf\u00fchrungen und herausragenden Veranstaltungen. Ihre Authentizit\u00e4t und der niveauvolle wie moderne Glanz ihrer Gegenwart machen die Anziehungskraft der magischen Sieben aus. Die kulturhistorischen Juwele rund um die Rattenf\u00e4ngerstadt Hameln haben im Jahr 2019 rund 688 000 G\u00e4ste (ohne \u00dcbernachtungen) aus aller Welt angezogen. Sie haben sich auf spannende Zeitreisen in h\u00f6fische Kultur und Architektur begeben, Konzerte, Lesungen und Ausstellungen besucht, Hochzeit gefeiert oder die Schlossgastronomie genossen. <\/p>\n\n\n\n<figure class=\"wp-block-gallery columns-3 is-cropped wp-block-gallery-1 is-layout-flex wp-block-gallery-is-layout-flex\"><ul class=\"blocks-gallery-grid\"><li class=\"blocks-gallery-item\"><figure><img loading=\"lazy\" decoding=\"async\" width=\"1024\" height=\"683\" src=\"https:\/\/tuttosprint.ch\/wp-content\/uploads\/2020\/03\/presse_pyrmont_09-1024x683.jpg\" alt=\"\" data-id=\"13226\" data-full-url=\"https:\/\/tuttosprint.ch\/wp-content\/uploads\/2020\/03\/presse_pyrmont_09-scaled.jpg\" data-link=\"https:\/\/tuttosprint.ch\/de\/?attachment_id=13226\" class=\"wp-image-13226\" srcset=\"https:\/\/tuttosprint.ch\/wp-content\/uploads\/2020\/03\/presse_pyrmont_09-1024x683.jpg 1024w, https:\/\/tuttosprint.ch\/wp-content\/uploads\/2020\/03\/presse_pyrmont_09-300x200.jpg 300w, https:\/\/tuttosprint.ch\/wp-content\/uploads\/2020\/03\/presse_pyrmont_09-768x512.jpg 768w, https:\/\/tuttosprint.ch\/wp-content\/uploads\/2020\/03\/presse_pyrmont_09-1536x1024.jpg 1536w, https:\/\/tuttosprint.ch\/wp-content\/uploads\/2020\/03\/presse_pyrmont_09-2048x1365.jpg 2048w, https:\/\/tuttosprint.ch\/wp-content\/uploads\/2020\/03\/presse_pyrmont_09-435x290.jpg 435w, https:\/\/tuttosprint.ch\/wp-content\/uploads\/2020\/03\/presse_pyrmont_09-150x100.jpg 150w, https:\/\/tuttosprint.ch\/wp-content\/uploads\/2020\/03\/presse_pyrmont_09-370x247.jpg 370w\" sizes=\"auto, (max-width: 1024px) 100vw, 1024px\" \/><figcaption class=\"blocks-gallery-item__caption\">Schloss Pyrmont<\/figcaption><\/figure><\/li><li class=\"blocks-gallery-item\"><figure><img loading=\"lazy\" decoding=\"async\" width=\"1024\" height=\"677\" src=\"https:\/\/tuttosprint.ch\/wp-content\/uploads\/2020\/03\/presse_corvey_01-1024x677.jpg\" alt=\"\" data-id=\"13220\" data-full-url=\"https:\/\/tuttosprint.ch\/wp-content\/uploads\/2020\/03\/presse_corvey_01-scaled.jpg\" data-link=\"https:\/\/tuttosprint.ch\/de\/?attachment_id=13220\" class=\"wp-image-13220\" srcset=\"https:\/\/tuttosprint.ch\/wp-content\/uploads\/2020\/03\/presse_corvey_01-1024x677.jpg 1024w, https:\/\/tuttosprint.ch\/wp-content\/uploads\/2020\/03\/presse_corvey_01-300x198.jpg 300w, https:\/\/tuttosprint.ch\/wp-content\/uploads\/2020\/03\/presse_corvey_01-768x508.jpg 768w, https:\/\/tuttosprint.ch\/wp-content\/uploads\/2020\/03\/presse_corvey_01-1536x1015.jpg 1536w, https:\/\/tuttosprint.ch\/wp-content\/uploads\/2020\/03\/presse_corvey_01-2048x1354.jpg 2048w, https:\/\/tuttosprint.ch\/wp-content\/uploads\/2020\/03\/presse_corvey_01-150x100.jpg 150w\" sizes=\"auto, (max-width: 1024px) 100vw, 1024px\" \/><figcaption class=\"blocks-gallery-item__caption\">Schloss Corvey<\/figcaption><\/figure><\/li><li class=\"blocks-gallery-item\"><figure><img loading=\"lazy\" decoding=\"async\" width=\"1024\" height=\"768\" src=\"https:\/\/tuttosprint.ch\/wp-content\/uploads\/2020\/03\/haemelschenburg11-1024x768.jpg\" alt=\"\" data-id=\"13210\" data-full-url=\"https:\/\/tuttosprint.ch\/wp-content\/uploads\/2020\/03\/haemelschenburg11-scaled.jpg\" data-link=\"https:\/\/tuttosprint.ch\/de\/?attachment_id=13210\" class=\"wp-image-13210\" srcset=\"https:\/\/tuttosprint.ch\/wp-content\/uploads\/2020\/03\/haemelschenburg11-1024x768.jpg 1024w, https:\/\/tuttosprint.ch\/wp-content\/uploads\/2020\/03\/haemelschenburg11-300x225.jpg 300w, https:\/\/tuttosprint.ch\/wp-content\/uploads\/2020\/03\/haemelschenburg11-768x576.jpg 768w, https:\/\/tuttosprint.ch\/wp-content\/uploads\/2020\/03\/haemelschenburg11-1536x1152.jpg 1536w, https:\/\/tuttosprint.ch\/wp-content\/uploads\/2020\/03\/haemelschenburg11-2048x1536.jpg 2048w\" sizes=\"auto, (max-width: 1024px) 100vw, 1024px\" \/><figcaption class=\"blocks-gallery-item__caption\">Schloss H\u00e4melschenburg<\/figcaption><\/figure><\/li><li class=\"blocks-gallery-item\"><figure><img loading=\"lazy\" decoding=\"async\" width=\"1024\" height=\"769\" src=\"https:\/\/tuttosprint.ch\/wp-content\/uploads\/2020\/03\/MUSEUM-SCHLOSS-FueRSTENBERG_Terrasse_2-1024x769.jpg\" alt=\"\" data-id=\"13214\" data-full-url=\"https:\/\/tuttosprint.ch\/wp-content\/uploads\/2020\/03\/MUSEUM-SCHLOSS-FueRSTENBERG_Terrasse_2.jpg\" data-link=\"https:\/\/tuttosprint.ch\/de\/?attachment_id=13214\" class=\"wp-image-13214\" srcset=\"https:\/\/tuttosprint.ch\/wp-content\/uploads\/2020\/03\/MUSEUM-SCHLOSS-FueRSTENBERG_Terrasse_2-1024x769.jpg 1024w, https:\/\/tuttosprint.ch\/wp-content\/uploads\/2020\/03\/MUSEUM-SCHLOSS-FueRSTENBERG_Terrasse_2-300x225.jpg 300w, https:\/\/tuttosprint.ch\/wp-content\/uploads\/2020\/03\/MUSEUM-SCHLOSS-FueRSTENBERG_Terrasse_2-768x577.jpg 768w, https:\/\/tuttosprint.ch\/wp-content\/uploads\/2020\/03\/MUSEUM-SCHLOSS-FueRSTENBERG_Terrasse_2.jpg 1200w\" sizes=\"auto, (max-width: 1024px) 100vw, 1024px\" \/><figcaption class=\"blocks-gallery-item__caption\">Schloss F\u00fcrstenberg<\/figcaption><\/figure><\/li><\/ul><\/figure>\n\n\n\n<p><strong>Spannendes Veranstaltungsprogramm der Sieben Schl\u00f6sser im Jahr 2020 <\/strong><\/p>\n\n\n\n<p>Auch in diesem Jahr bilden die Sieben Schl\u00f6sser wieder den grandiosen Rahmen f\u00fcr Konzerte, Open-Air-Veranstaltungen, Ausstellungen oder stimmungsvolle Weihnachtsm\u00e4rkte. Zahlreiche F\u00fchrungen mit Erlebnischarakter gew\u00e4hren nicht nur unerwartete Einblicke in die Geschichte, das Leben und die Kultur der Schl\u00f6sser, sondern auch in die Geheimnisse von K\u00f6nigen, F\u00fcrsten und Prinzessinnen sowie deren Hofstaat. Hier k\u00f6nnen nur einige H\u00f6hepunkte genannt werden.  <\/p>\n\n\n\n<figure class=\"wp-block-image size-large\"><img loading=\"lazy\" decoding=\"async\" width=\"567\" height=\"378\" src=\"https:\/\/tuttosprint.ch\/wp-content\/uploads\/2020\/03\/schlosshotel-muenchhausen-see_und_schlossteraass.jpg\" alt=\"\" class=\"wp-image-13228\" srcset=\"https:\/\/tuttosprint.ch\/wp-content\/uploads\/2020\/03\/schlosshotel-muenchhausen-see_und_schlossteraass.jpg 567w, https:\/\/tuttosprint.ch\/wp-content\/uploads\/2020\/03\/schlosshotel-muenchhausen-see_und_schlossteraass-300x200.jpg 300w, https:\/\/tuttosprint.ch\/wp-content\/uploads\/2020\/03\/schlosshotel-muenchhausen-see_und_schlossteraass-435x290.jpg 435w, https:\/\/tuttosprint.ch\/wp-content\/uploads\/2020\/03\/schlosshotel-muenchhausen-see_und_schlossteraass-150x100.jpg 150w, https:\/\/tuttosprint.ch\/wp-content\/uploads\/2020\/03\/schlosshotel-muenchhausen-see_und_schlossteraass-370x247.jpg 370w\" sizes=\"auto, (max-width: 567px) 100vw, 567px\" \/><figcaption>Schloss M\u00fcnchhausen<\/figcaption><\/figure>\n\n\n\n<p>4<strong>50 Jahre Schloss Schw\u00f6bber \u2013 das Schlosshotel M\u00fcnchhausen feiert <\/strong><\/p>\n\n\n\n<p>Ein wahres Feuerwerk wird ab dem 16. April im Schlosshotel M\u00fcnchhausen gez\u00fcndet. \u201e450 Jahre Schloss Schw\u00f6bber\u201c und das Sternejubil\u00e4um des K\u00fcchendirektors Achim Schwekendiek, der seit 1995 mit einem Michelin-Stern ausgezeichnet ist, bieten bis zum Oktober Anlass f\u00fcr ein \u00fcppiges Festprogramm. Das M\u00fcnchhausenschloss Schw\u00f6bber, ab 1570 von Hilmar von M\u00fcnchhausen, dem damals reichsten Mann im deutschsprachigen Raum erbaut, wird stolze 450 Jahre alt. Und ein prominenter Spross der Familie, der legend\u00e4re Hieronymus Carl Friedrich Freiherr von M\u00fcnchhausen, besser bekannt als der \u201eL\u00fcgenbaron\u201c, wurde vor 300 Jahren geboren. Das soll mit einer schillernden Buchpremiere gefeiert werden. In der Jubil\u00e4umswoche vom 30. August bis zum 6. September 2020 lockt ein Tag der Offenen T\u00fcr und Anfang September l\u00e4dt das Schlosshotel erstmals zu hochkar\u00e4tigen Open-Air-Konzerten ein. Im Rahmen der Nieders\u00e4chsischen Musiktage sind im festlich illuminierten Schlosshof die Brandenburgischen Konzerte und Beethovens 5. Sinfonie zu erleben. Die ereignisreiche Woche klingt mit dem kulinarischen Sterne-Jubil\u00e4um von Achim Schwekendiek aus, der zu seiner \u201eGourmetreise\u201c ebenfalls hoch-dekorierte Kollegen einl\u00e4dt. In Zusammenarbeit mit der Porzellanmanufaktur F\u00fcrstenberg wird Anfang Oktober ein Wochenende der Tafelkultur zelebriert. <a href=\"http:\/\/www.schlosshotel-muenchhausen.com\">www.schlosshotel-muenchhausen.com<\/a> <\/p>\n\n\n\n<p><strong>Christo &amp; Jeanne-Claude das grafische Werk auf dem Weserrenaissance Schloss Bevern<\/strong> <\/p>\n\n\n\n<figure class=\"wp-block-image size-large\"><img loading=\"lazy\" decoding=\"async\" width=\"840\" height=\"559\" src=\"https:\/\/tuttosprint.ch\/wp-content\/uploads\/2020\/03\/Bevern_Schloss_150726_DSC8023.jpg\" alt=\"\" class=\"wp-image-13208\" srcset=\"https:\/\/tuttosprint.ch\/wp-content\/uploads\/2020\/03\/Bevern_Schloss_150726_DSC8023.jpg 840w, https:\/\/tuttosprint.ch\/wp-content\/uploads\/2020\/03\/Bevern_Schloss_150726_DSC8023-300x200.jpg 300w, https:\/\/tuttosprint.ch\/wp-content\/uploads\/2020\/03\/Bevern_Schloss_150726_DSC8023-768x511.jpg 768w, https:\/\/tuttosprint.ch\/wp-content\/uploads\/2020\/03\/Bevern_Schloss_150726_DSC8023-435x290.jpg 435w, https:\/\/tuttosprint.ch\/wp-content\/uploads\/2020\/03\/Bevern_Schloss_150726_DSC8023-150x100.jpg 150w, https:\/\/tuttosprint.ch\/wp-content\/uploads\/2020\/03\/Bevern_Schloss_150726_DSC8023-370x247.jpg 370w\" sizes=\"auto, (max-width: 840px) 100vw, 840px\" \/><figcaption>Schloss Bevern<\/figcaption><\/figure>\n\n\n\n<p>Als Kontrastprogramm zur opulenten Renaissance- und Barockzeit auf dem M\u00fcnchhausenschloss pr\u00e4sentiert sich das Weserrenaissance Schloss Bevern mit zeitgen\u00f6ssischen Veranstaltungen: Vom 17. Mai bis 1. Juni stellt die Ausstellung \u201eChristo &amp; Jeanne-Claude das grafische Werk\u201c des legend\u00e4ren K\u00fcnstlerpaars in den Mittelpunkt. Die bremer shakespeare company kommt in diesem Sommer mit dem \u201eKaufmann von Venedig\u201c (23.06.2020) in den Schlosshof und bei der SchlossResonanz f\u00fchrt am 4. Juli eine Klangraum-Safari durch das Schloss. Spa\u00df haben werden Kinder bei der Mitmachausstellung \u201eBleib am Ball\u201c vom 21. Juni bis 30. August. Bevern, eines der repr\u00e4sentativsten Werke der Renaissance im Weserraum, erlebte einst den Aufstieg und Fall des Schlosserbauers Statius von M\u00fcnchhausen. <a href=\"http:\/\/www.schloss-bevern.de\">www.schloss-bevern.de <\/a><\/p>\n\n\n\n<figure class=\"wp-block-image size-large\"><img loading=\"lazy\" decoding=\"async\" width=\"1024\" height=\"681\" src=\"https:\/\/tuttosprint.ch\/wp-content\/uploads\/2020\/03\/presse_bevern_08-1024x681.jpg\" alt=\"\" class=\"wp-image-13216\" srcset=\"https:\/\/tuttosprint.ch\/wp-content\/uploads\/2020\/03\/presse_bevern_08-1024x681.jpg 1024w, https:\/\/tuttosprint.ch\/wp-content\/uploads\/2020\/03\/presse_bevern_08-300x199.jpg 300w, https:\/\/tuttosprint.ch\/wp-content\/uploads\/2020\/03\/presse_bevern_08-768x510.jpg 768w, https:\/\/tuttosprint.ch\/wp-content\/uploads\/2020\/03\/presse_bevern_08-1536x1021.jpg 1536w, https:\/\/tuttosprint.ch\/wp-content\/uploads\/2020\/03\/presse_bevern_08-2048x1361.jpg 2048w, https:\/\/tuttosprint.ch\/wp-content\/uploads\/2020\/03\/presse_bevern_08-435x290.jpg 435w, https:\/\/tuttosprint.ch\/wp-content\/uploads\/2020\/03\/presse_bevern_08-150x100.jpg 150w, https:\/\/tuttosprint.ch\/wp-content\/uploads\/2020\/03\/presse_bevern_08-370x247.jpg 370w\" sizes=\"auto, (max-width: 1024px) 100vw, 1024px\" \/><\/figure>\n\n\n\n<p><strong>Hochzeit auf Schloss B\u00fcckeburg<\/strong> <\/p>\n\n\n\n<p>Auf Schloss B\u00fcckeburg l\u00e4uten in diesem Jahr die Hochzeitsglocken. Im Sp\u00e4tsommer geben sich Schlossherr Alexander F\u00fcrst zu Schaumburg-Lippe und Mahkameh Navabi das Jawort. Doch vorher, noch bis zum 8. M\u00e4rz l\u00e4dt eine Sonderausstellung in die \u201eF\u00fcrstliche Privatgem\u00e4cher\u201c. Die beliebte Landpartie (11. bis 14.06.2020) im Schloss und im weitl\u00e4ufigen Schlosspark steht in diesem Jahr unter dem Motto \u201cWhite Partie\u201d. Liebhaber der stimmungsvollen Vorweihnachtszeit kommen beim \u201eWeihnachtszauber\u201c vom 26. November bis 06. Dezember wieder auf ihre Kosten. Schloss B\u00fcckeburg l\u00e4dt das ganze Jahr \u00fcber zum Besuch ein. Das Juwel der Weserrenaissance mit seinem Schlosspark nach englischem Vorbild bietet t\u00e4glich Schlossf\u00fchrungen an. Nicht zu vergessen, die Vorf\u00fchrungen in der Hofreitschule. <a href=\"http:\/\/www.schloss-bueckeburg.de\">www.schloss-bueckeburg.de<\/a> <\/p>\n\n\n\n<p><strong>Stars von morgen und Kunstfest im Weltkulturerbe-Schloss Corvey <\/strong><\/p>\n\n\n\n<p>Wer nach Corvey kommt, erlebt in einzigartiger Weise, wie das Sakrale mit dem Weltlichen verbunden wird. Das \u201eKarolingische Westwerk und die Civitas Corvey\u201c sind weltweit einmalig und geh\u00f6ren deshalb seit dem Jahr 2014 zum UNESCO-Weltkulturerbe. Die fast 1200-j\u00e4hrige Geschichte des ehemaligen Klosters ist auch bei den erlesenen Veranstaltungen zu sp\u00fcren. <\/p>\n\n\n\n<p>Erste Veranstaltungsh\u00f6hepunkte sind bei den Corveyer Sommerkonzerten zu erwarten. Zwischen Mai und August sind junge aufstrebende Musiker &#8211; teils bereits preisgekr\u00f6nt, unter anderem mit der Nordwestdeutschen Philharmonie &#8211; und Stars von heute im pr\u00e4chtigen Kaisersaal zu erleben. Der herzogliche Garten bildet den zauberhaften Rahmen f\u00fcr das Gartenfest Corvey. Vom 7. bis 9. August pr\u00e4sentieren die Aussteller exotisch Pflanzen, praktische Gartenhelfer, ausgefallene Wohnaccessoires und Kulinarisches. Das auf mehrere Jahre angelegte \u201eVia Nova \u2013 Kunstfest Corvey\u201c findet vom September bis Oktober statt. Es macht das Welterbe Corvey sinnlich erfahrbar und steht in diesem Jahr unter dem Motto \u201eWild.Wald.Welt\u201c, bei dem das Bild der Deutschen und ihres Waldes in den Mittelpunkt gestellt wird. Unter der k\u00fcnstlerischen Leitung der  Literaturwissenschaftlerin und Altgermanistin Brigitte Labs-Ehlert bietet die hochkar\u00e4tige Reihe inszenierte Lesungen, musikalischen Darbietungen, Gespr\u00e4che und Performances, die in Corvey kopierte Analen des Tacitus zum Thema haben. <a href=\"http:\/\/www.schloss-corvey.de\">www.schloss-corvey.de <\/a><\/p>\n\n\n\n<figure class=\"wp-block-image size-large\"><img loading=\"lazy\" decoding=\"async\" width=\"1024\" height=\"690\" src=\"https:\/\/tuttosprint.ch\/wp-content\/uploads\/2020\/03\/presse_fuerstenberg_08-1024x690.jpg\" alt=\"\" class=\"wp-image-13222\" srcset=\"https:\/\/tuttosprint.ch\/wp-content\/uploads\/2020\/03\/presse_fuerstenberg_08-1024x690.jpg 1024w, https:\/\/tuttosprint.ch\/wp-content\/uploads\/2020\/03\/presse_fuerstenberg_08-300x202.jpg 300w, https:\/\/tuttosprint.ch\/wp-content\/uploads\/2020\/03\/presse_fuerstenberg_08-768x518.jpg 768w, https:\/\/tuttosprint.ch\/wp-content\/uploads\/2020\/03\/presse_fuerstenberg_08-1536x1035.jpg 1536w, https:\/\/tuttosprint.ch\/wp-content\/uploads\/2020\/03\/presse_fuerstenberg_08-150x100.jpg 150w, https:\/\/tuttosprint.ch\/wp-content\/uploads\/2020\/03\/presse_fuerstenberg_08.jpg 1800w\" sizes=\"auto, (max-width: 1024px) 100vw, 1024px\" \/><\/figure>\n\n\n\n<p><strong>Faszination Porzellan <\/strong><\/p>\n\n\n\n<p>Deutschlands zweit\u00e4lteste Porzellanmanufaktur, das Weserrenaissanceschloss F\u00fcrstenberg begeistert nicht nur Freunde des wei\u00dfen Goldes. Das MUSEUM SCHLOSS F\u00dcRSTENBERG erfreut sich bei Besuchern und der Fachwelt gro\u00dfer Beliebtheit und Anerkennung. Seit der Wiederer\u00f6ffnung vor zwei Jahren macht das neue, innovative Ausstellungskonzept die Faszination des F\u00dcRSTENBERG Porzellans von 1747 bis heute erlebbar. Die neue Besucherwerkstatt, Mitmach-Stationen, Porzellan-Workshop-Angebote und ein attraktives Kinder- und Familienangebot \u2013 alles barrierefrei \u2013 machen den Besuch zu einem Erlebnis. <\/p>\n\n\n\n<p>Zu Ostern dreht sich alles um den F\u00fcrstenberg-Hasen, der im Manufaktur Werksverkauf eigenh\u00e4ndig gegossen und sp\u00e4ter bemalt werden kann. Sein 15. Jubil\u00e4um feiert der Freundeskreis F\u00fcrstenberger Porzellan e. V. und l\u00e4dt dazu im Jahresverlauf zu verschiedenen Veranstaltungen, wie Konzerte und Vortragsabende, ein. Zum Auftakt steht am 17. April ein Klavierabend mit dem renommierten Pianisten Pervez Mody auf dem Programm. <\/p>\n\n\n\n<p>Die bedeutendste Ausstellung des Jahres \u201eSense and Sensibility. Porzellan und die f\u00fcnf Sinne\u201c (20.06. bis 01.11.2020) vermittelt einen v\u00f6llig neuen Zugang zum Material Porzellan. Beeindruckende Inszenierungen in extra errichteten Ausstellungskabinetten lassen eine Ahnung aufkommen, warum Porzellan die Menschen seit \u00fcber 1000 Jahren fasziniert.  <a href=\"http:\/\/www.fuerstenberg-schloss.com\">www.fuerstenberg-schloss.com <\/a><\/p>\n\n\n\n<figure class=\"wp-block-image size-large\"><img loading=\"lazy\" decoding=\"async\" width=\"1024\" height=\"683\" src=\"https:\/\/tuttosprint.ch\/wp-content\/uploads\/2020\/03\/presse_hameln_16-1024x683.jpg\" alt=\"\" class=\"wp-image-13224\" srcset=\"https:\/\/tuttosprint.ch\/wp-content\/uploads\/2020\/03\/presse_hameln_16-1024x683.jpg 1024w, https:\/\/tuttosprint.ch\/wp-content\/uploads\/2020\/03\/presse_hameln_16-300x200.jpg 300w, https:\/\/tuttosprint.ch\/wp-content\/uploads\/2020\/03\/presse_hameln_16-768x512.jpg 768w, https:\/\/tuttosprint.ch\/wp-content\/uploads\/2020\/03\/presse_hameln_16-1536x1024.jpg 1536w, https:\/\/tuttosprint.ch\/wp-content\/uploads\/2020\/03\/presse_hameln_16-2048x1365.jpg 2048w, https:\/\/tuttosprint.ch\/wp-content\/uploads\/2020\/03\/presse_hameln_16-435x290.jpg 435w, https:\/\/tuttosprint.ch\/wp-content\/uploads\/2020\/03\/presse_hameln_16-150x100.jpg 150w, https:\/\/tuttosprint.ch\/wp-content\/uploads\/2020\/03\/presse_hameln_16-370x247.jpg 370w\" sizes=\"auto, (max-width: 1024px) 100vw, 1024px\" \/><\/figure>\n\n\n\n<p><strong>Fassadenrestaurierung und Kunst auf Schloss H\u00e4melschenburg <\/strong><\/p>\n\n\n\n<p>Schloss H\u00e4melschenburg im Emmertal verbindet man mit idyllischer Natur und prachtvoller Weserrenaissance. Auf der m\u00e4rchenhaften Schlossanlage blickt die welfische Familie von Klencke auf 550 Jahre wechselvolle Geschichte zur\u00fcck.  <\/p>\n\n\n\n<p>Die S\u00fcdfassade gilt als die Prachtfassade des Schlosses. Doch die Erhaltung ihrer Sch\u00f6nheit hat ihren Preis. Ab dem Fr\u00fchjahr beginnt der zweite Bauabschnitt der Fassadenrestaurierung. Dabei werden f\u00fcnf Stockwerke der S\u00fcdfassade gereinigt, die Befestigungen der Sandsteinornamente erneuert und die Gesimse abgedichtet.  <\/p>\n\n\n\n<p>Neben den regelm\u00e4\u00dfigen F\u00fchrungen durch die historischen R\u00e4ume des Schlosses, die von April bis Oktober angeboten werden, laden verschiedene Veranstaltungen zum Besuch ein. Dazu geh\u00f6rt die traditionelle Fohlenschau des Trakehnergest\u00fcts Langels am 24. Mai. Tradition hat auch der Pfingstgottesdienst auf dem Schlosshof. <\/p>\n\n\n\n<p>Bereits zum vierten Mal \u00f6ffnet in der Zehntscheune die Kunstausstellung ARTES WESERA mit Werken zeitgen\u00f6ssischer K\u00fcnstler aus dem Weserbergland ihre Tore (02. bis 04.10.2020). Ein Geheimtipp ist die Erlebnisf\u00fchrung \u201eH\u00e4melschenburg im Geist der Reformation\u201c am 31. Oktober. Vom 27. November bis 29. November ist der festlich geschm\u00fcckte Gutshof mit seinen Geb\u00e4uden unterhalb des m\u00e4chtigen Schlosses wieder Schauplatz des lauschigen Adventsmarktes mit ausgesuchten Ausstellern, vorweihnachtlicher Musik und romantischer Illumination. <a href=\"http:\/\/www.schloss-haemelschenburg.de\">www.schloss-haemelschenburg.de <\/a><\/p>\n\n\n\n<p><strong>Schloss Pyrmont ganz im Zeichen des Stadtjubil\u00e4ums<\/strong> <\/p>\n\n\n\n<p>Im Schloss Pyrmont ist das Museum f\u00fcr seine vorz\u00fcglichen Ausstellungen bekannt. Zudem beherbergt es die \u201cKulturinsel\u201d, die zahlreichen K\u00fcnsten eine B\u00fchne bietet. Sie ist kultureller Mittelpunkt des traditionsreichen Badeortes.  <\/p>\n\n\n\n<p>In diesem Jahr steht das Ausstellungsprogramm des Museums ganz im Zeichen des 300-j\u00e4hringen Stadtjubil\u00e4ums. Dabei soll es nicht nur um die Geschichte gehen, sondern auch ein Blick auf das vielf\u00e4ltige Leben in der ber\u00fchmten Kurstadt geworfen werden. Im Mittelpunkt steht dabei die Ausstellung \u201eKunst sei unser Ziel\u201c in Kooperation mit niederl\u00e4ndischen K\u00fcnstlervereinigungen (19.03. bis 31.05.2020). Insgesamt 18 Maler, Bildhauer, Designer und Fotografen, darunter zahlreiche K\u00fcnstler aus der Partnerstadt Heemstede haben sich mit dem Thema Wasser als verbindendes Element der beiden Partnerst\u00e4dte auseinandergesetzt.  Es folgt eine Ausstellung zur Geschichte der Stadt und ihrer Entwicklung sowie eine Retrospektive zu Georg Hoppenstedt, ein Sohn der Stadt und Maler, der in diesem Jahr seinen 75. Geburtstag feiert. <\/p>\n\n\n\n<p>Im Gro\u00dfen Schlosshof bringt die Pyrmonter Theater Companie ab dem 17. Juli die Revue \u201cDie Unwiderstehliche\u201d auf die B\u00fchne. Weitere H\u00f6hepunkte der open air-Saison sind am 8. August das Konzert \u201cStill Collins\u201d mit \u201cCologne String Quartet\u201c als Special guest und das Gastpiel der Manfred Mans Earth Band am 21. August. <a href=\"http:\/\/www.museum-pyrmont.de und www.badpyrmont.de\">www.museum-pyrmont.de und www.badpyrmont.de <\/a><\/p>\n\n\n\n<p><strong>Hameln \u2013 mystisch und musikalisch  <\/strong><\/p>\n\n\n\n<p>In Hameln schl\u00e4gt das Herz des magischen Schl\u00f6sserdreiecks. Hier ist auch einer der bekanntesten Gesellen der Deutschen M\u00e4rchenstra\u00dfe zu Hause. Der Rattenf\u00e4nger hat die Weserrenaissance-Stadt weltber\u00fchmt gemacht. Im Jahr 2014 wurde die Sage in das deutsche Verzeichnis des Immateriellen Kulturerbes der UNESCO aufgenommen.  <\/p>\n\n\n\n<p>Schon Anfang M\u00e4rz geht es bei \u201cMystica Hamelon\u201d (06. bis 08.03.2020) in der Altstadt mittelalterlich zu.  Wer die Stadt besucht, hat die Qual der Wahl unter den vielen verschiedenen Veranstaltungen und touristischen Angeboten. Vor dem bekannten Hochzeitshaus spielen von Mai bis September das Rattenf\u00e4nger-Freilichtspiel und das Musical \u201cRats\u201d.   <\/p>\n\n\n\n<p>Vom 25. November bis 30. Dezember erstrahlt Hamelns historische Altstadt mit ihren sch\u00f6nen Fachwerkh\u00e4usern im festlichen Lichterschein. Der Hamelner Weihnachtsmarkt geh\u00f6rt zu den sch\u00f6nsten Weihnachtsm\u00e4rkten Norddeutschlands. In den letzten Jahren hat sich Hameln zur Musical-Hochburg gemausert. Neben den Musicals \u201eDie P\u00e4pstin\u201c, \u201eFriedrich \u2013 Mythos und Trag\u00f6die\u201c und \u201eDer Medicus\u201c war auch \u201eDie Schatzinsel\u201c im Jahr 2016 ein B\u00fchnenhit. Vom 12. Dezember bis 3. Januar 2021 kommt das Erfolgsteam von Spotlight Musicals wieder mit hervorragenden Darstellern an das Theater Hameln. <a href=\"http:\/\/www.hameln.de\/tourismus\">www.hameln.de\/tourismus <\/a><\/p>\n\n\n\n<h3 class=\"wp-block-heading\">Sieben Schl\u00f6sser Erlebnistag am 2. August 2020 <\/h3>\n\n\n\n<p>Am 2. August 2020 laden die Sieben Schl\u00f6sser zum \u201eSieben Schl\u00f6sser Erlebnistag\u201c ein. In diesem Jahr steht der Tag unter dem Motto \u201cM\u00e4rchen, Sagen, Legenden\u201c Sechs der Sieben Schl\u00f6sser stellen dazu ein besonderes Programm f\u00fcr Jung und Alt zusammen. Sei es der Blick hinter die Kulissen, die Bekanntschaft mit historischen Figuren, ein exklusiver Parkspaziergang oder Aktionen und Workshops f\u00fcr Kinder. Einige Programmpunkte sind zudem an diesem Tag preisg\u00fcnstiger als gewohnt oder kostenlos. Hier ein erster Blick auf den Erlebnistag: <\/p>\n\n\n\n<p>Das Weserrenaissance Schloss Bevern \u00f6ffnet am Erlebnistag seine historische Bibliothek und bietet zwei besondere F\u00fchrungen an: &#8222;Vom Dachboden bis in den Gew\u00f6lbekeller&#8220; und &#8222;Ein Tag aus dem Leben des Korrigenten Ludwig Stoppel im Schloss Bevern&#8220;. Schloss B\u00fcckeburg konzipiert eigens f\u00fcr den Erlebnistag \u201eM\u00e4rchenhafte Schlossf\u00fchrungen\u201c und eine \u201eKinderM\u00e4rchen-Rallye im Schlosspark\u201c. Auch Schloss H\u00e4melschenburg bietet au\u00dfergew\u00f6hnliche F\u00fchrungen an: \u201cKunst. Glaube. Leben: mit der Erbauerin Anna von Holle durchs Schloss\u201c. Auch die F\u00fchrungen zur nachhaltigen Bewirtschaftung des Rittergutes und durch die einzigartige Renaissancekirche versprechen Einblicke, wie sie nur am Erlebnistag m\u00f6glich sind. Ein abwechslungsreiches Programm speziell f\u00fcr Familien mit Sonderf\u00fchrungen und Workshops stellt Schloss F\u00fcrstenberg auf die Beine. Interessantes zur Geschichte von F\u00fcrstenberg, Entdeckungsreisen und die Gelegenheit, selbst kreativ zu werden, geh\u00f6ren dazu. <\/p>\n\n\n\n<p>Das Schlosshotel M\u00fcnchhausen ist mit einem attraktiven \u00dcbernachtungsangebot dabei. Wer am Ende des Erlebnistages m\u00e4rchenhaft logieren m\u00f6chte, wird sich \u00fcber das \u201eSunday Night Special\u201c freuen, wenn er mindestens einen Stempel in der Sieben Schl\u00f6sser-Brosch\u00fcre vorlegen kann. Das Arrangement beinhaltet nicht nur die \u00dcbernachtung mit Fr\u00fchst\u00fcck, sondern auch ein 3-G\u00e4ngeMen\u00fc im \u201e1570\u201c \u2013 Petit Gourmet oder im Schlosskeller-Restaurant, die Nutzung des M\u00fcnchhausen Spas, eine F\u00fchrung durch das Schloss sowie weitere Annehmlichkeiten. Alles ist bereits ab 268,00 Euro f\u00fcr das Doppelzimmer buchbar.<\/p>\n\n\n\n<p>Auch wenn die Fahrt durch das fr\u00fchlingshafte Weserbergland ihren besonderen Reiz hat, so d\u00fcrfte es wohl kaum jemand schaffen, alle Sieben Schl\u00f6sser am Erlebnistag zu besuchen. Doch schon ab dem Besuch eines zweiten Schlosses winkt eine 20%-ige Erm\u00e4\u00dfigung auf die Eintrittspreise der folgenden Schl\u00f6sser, sofern man die Sieben Schl\u00f6sser-Brosch\u00fcre an der Kasse vorlegt. Dieser Rabatt gilt w\u00e4hrend des ganzen Jahres. <\/p>\n\n\n\n<p>Weitere Informationen zu den Sieben Schl\u00f6ssern im Weserbergland und in Hameln sowie zu Veranstaltungen und Ausstellungen finden Sie hier:  <a href=\"http:\/\/www.sieben-schloesser.de\">www.sieben-schloesser.de<\/a>.<\/p>\n","protected":false},"excerpt":{"rendered":"<p>JUBIL\u00c4UM, HOCHZEIT UND ERLEBNISTAG \u2013 B\u00fcckeburg, M\u00e4rz 2020 \u2013 Das Weserbergland mit\u2026<\/p>\n","protected":false},"author":1,"featured_media":13218,"comment_status":"open","ping_status":"open","sticky":false,"template":"","format":"standard","meta":{"footnotes":""},"categories":[21,26],"tags":[],"class_list":["post-13207","post","type-post","status-publish","format-standard","has-post-thumbnail","hentry","category-news","category-tourismus"],"yoast_head":"<!-- This site is optimized with the Yoast SEO plugin v27.4 - https:\/\/yoast.com\/product\/yoast-seo-wordpress\/ -->\n<title>Das Jahr 2020 auf den Sieben Schl\u00f6ssern - Tuttosprint<\/title>\n<meta name=\"robots\" content=\"index, follow, max-snippet:-1, max-image-preview:large, max-video-preview:-1\" \/>\n<link rel=\"canonical\" href=\"https:\/\/tuttosprint.ch\/de\/das-jahr-2020-auf-den-sieben-schloessern\/\" \/>\n<meta property=\"og:locale\" content=\"de_DE\" \/>\n<meta property=\"og:type\" content=\"article\" \/>\n<meta property=\"og:title\" content=\"Das Jahr 2020 auf den Sieben Schl\u00f6ssern - Tuttosprint\" \/>\n<meta property=\"og:description\" content=\"JUBIL\u00c4UM, HOCHZEIT UND ERLEBNISTAG \u2013 B\u00fcckeburg, M\u00e4rz 2020 \u2013 Das Weserbergland mit\u2026\" \/>\n<meta property=\"og:url\" content=\"https:\/\/tuttosprint.ch\/de\/das-jahr-2020-auf-den-sieben-schloessern\/\" \/>\n<meta property=\"og:site_name\" content=\"Tuttosprint\" \/>\n<meta property=\"article:published_time\" content=\"2020-03-04T09:37:21+00:00\" \/>\n<meta property=\"article:modified_time\" content=\"2020-03-04T09:37:23+00:00\" \/>\n<meta property=\"og:image\" content=\"https:\/\/tuttosprint.ch\/wp-content\/uploads\/2020\/03\/presse_bueckeburg_04-scaled.jpg\" \/>\n\t<meta property=\"og:image:width\" content=\"2560\" \/>\n\t<meta property=\"og:image:height\" content=\"1707\" \/>\n\t<meta property=\"og:image:type\" content=\"image\/jpeg\" \/>\n<meta name=\"author\" content=\"Red. TSP\" \/>\n<meta name=\"twitter:card\" content=\"summary_large_image\" \/>\n<meta name=\"twitter:label1\" content=\"Verfasst von\" \/>\n\t<meta name=\"twitter:data1\" content=\"Red. TSP\" \/>\n\t<meta name=\"twitter:label2\" content=\"Gesch\u00e4tzte Lesezeit\" \/>\n\t<meta name=\"twitter:data2\" content=\"10 Minuten\" \/>\n<script type=\"application\/ld+json\" class=\"yoast-schema-graph\">{\"@context\":\"https:\\\/\\\/schema.org\",\"@graph\":[{\"@type\":\"Article\",\"@id\":\"https:\\\/\\\/tuttosprint.ch\\\/de\\\/das-jahr-2020-auf-den-sieben-schloessern\\\/#article\",\"isPartOf\":{\"@id\":\"https:\\\/\\\/tuttosprint.ch\\\/de\\\/das-jahr-2020-auf-den-sieben-schloessern\\\/\"},\"author\":{\"name\":\"Red. TSP\",\"@id\":\"https:\\\/\\\/tuttosprint.ch\\\/#\\\/schema\\\/person\\\/84dfe95b43201d701bfdc5df5b4fa1f4\"},\"headline\":\"Das Jahr 2020 auf den Sieben Schl\u00f6ssern\",\"datePublished\":\"2020-03-04T09:37:21+00:00\",\"dateModified\":\"2020-03-04T09:37:23+00:00\",\"mainEntityOfPage\":{\"@id\":\"https:\\\/\\\/tuttosprint.ch\\\/de\\\/das-jahr-2020-auf-den-sieben-schloessern\\\/\"},\"wordCount\":2103,\"commentCount\":0,\"publisher\":{\"@id\":\"https:\\\/\\\/tuttosprint.ch\\\/#organization\"},\"image\":{\"@id\":\"https:\\\/\\\/tuttosprint.ch\\\/de\\\/das-jahr-2020-auf-den-sieben-schloessern\\\/#primaryimage\"},\"thumbnailUrl\":\"https:\\\/\\\/tuttosprint.ch\\\/wp-content\\\/uploads\\\/2020\\\/03\\\/presse_bueckeburg_04-scaled.jpg\",\"articleSection\":[\"News\",\"Tourismus\"],\"inLanguage\":\"de-DE\"},{\"@type\":\"WebPage\",\"@id\":\"https:\\\/\\\/tuttosprint.ch\\\/de\\\/das-jahr-2020-auf-den-sieben-schloessern\\\/\",\"url\":\"https:\\\/\\\/tuttosprint.ch\\\/de\\\/das-jahr-2020-auf-den-sieben-schloessern\\\/\",\"name\":\"Das Jahr 2020 auf den Sieben Schl\u00f6ssern - Tuttosprint\",\"isPartOf\":{\"@id\":\"https:\\\/\\\/tuttosprint.ch\\\/#website\"},\"primaryImageOfPage\":{\"@id\":\"https:\\\/\\\/tuttosprint.ch\\\/de\\\/das-jahr-2020-auf-den-sieben-schloessern\\\/#primaryimage\"},\"image\":{\"@id\":\"https:\\\/\\\/tuttosprint.ch\\\/de\\\/das-jahr-2020-auf-den-sieben-schloessern\\\/#primaryimage\"},\"thumbnailUrl\":\"https:\\\/\\\/tuttosprint.ch\\\/wp-content\\\/uploads\\\/2020\\\/03\\\/presse_bueckeburg_04-scaled.jpg\",\"datePublished\":\"2020-03-04T09:37:21+00:00\",\"dateModified\":\"2020-03-04T09:37:23+00:00\",\"inLanguage\":\"de-DE\",\"potentialAction\":[{\"@type\":\"ReadAction\",\"target\":[\"https:\\\/\\\/tuttosprint.ch\\\/de\\\/das-jahr-2020-auf-den-sieben-schloessern\\\/\"]}]},{\"@type\":\"ImageObject\",\"inLanguage\":\"de-DE\",\"@id\":\"https:\\\/\\\/tuttosprint.ch\\\/de\\\/das-jahr-2020-auf-den-sieben-schloessern\\\/#primaryimage\",\"url\":\"https:\\\/\\\/tuttosprint.ch\\\/wp-content\\\/uploads\\\/2020\\\/03\\\/presse_bueckeburg_04-scaled.jpg\",\"contentUrl\":\"https:\\\/\\\/tuttosprint.ch\\\/wp-content\\\/uploads\\\/2020\\\/03\\\/presse_bueckeburg_04-scaled.jpg\",\"width\":2560,\"height\":1707,\"caption\":\"Schloss B\u00fcckenburg\"},{\"@type\":\"WebSite\",\"@id\":\"https:\\\/\\\/tuttosprint.ch\\\/#website\",\"url\":\"https:\\\/\\\/tuttosprint.ch\\\/\",\"name\":\"Tuttosprint\",\"description\":\"\",\"publisher\":{\"@id\":\"https:\\\/\\\/tuttosprint.ch\\\/#organization\"},\"potentialAction\":[{\"@type\":\"SearchAction\",\"target\":{\"@type\":\"EntryPoint\",\"urlTemplate\":\"https:\\\/\\\/tuttosprint.ch\\\/?s={search_term_string}\"},\"query-input\":{\"@type\":\"PropertyValueSpecification\",\"valueRequired\":true,\"valueName\":\"search_term_string\"}}],\"inLanguage\":\"de-DE\"},{\"@type\":\"Organization\",\"@id\":\"https:\\\/\\\/tuttosprint.ch\\\/#organization\",\"name\":\"Tuttosprint\",\"url\":\"https:\\\/\\\/tuttosprint.ch\\\/\",\"logo\":{\"@type\":\"ImageObject\",\"inLanguage\":\"de-DE\",\"@id\":\"https:\\\/\\\/tuttosprint.ch\\\/#\\\/schema\\\/logo\\\/image\\\/\",\"url\":\"https:\\\/\\\/tuttosprint.ch\\\/wp-content\\\/uploads\\\/2018\\\/05\\\/Logo_pos_Tuttosprint-2.png\",\"contentUrl\":\"https:\\\/\\\/tuttosprint.ch\\\/wp-content\\\/uploads\\\/2018\\\/05\\\/Logo_pos_Tuttosprint-2.png\",\"width\":350,\"height\":55,\"caption\":\"Tuttosprint\"},\"image\":{\"@id\":\"https:\\\/\\\/tuttosprint.ch\\\/#\\\/schema\\\/logo\\\/image\\\/\"}},{\"@type\":\"Person\",\"@id\":\"https:\\\/\\\/tuttosprint.ch\\\/#\\\/schema\\\/person\\\/84dfe95b43201d701bfdc5df5b4fa1f4\",\"name\":\"Red. TSP\",\"image\":{\"@type\":\"ImageObject\",\"inLanguage\":\"de-DE\",\"@id\":\"https:\\\/\\\/secure.gravatar.com\\\/avatar\\\/cf0c9e614551eb65b068b8ae2042e0ec60c802bc0fb815d4ebbd1eff13a2e9ad?s=96&d=mm&r=g\",\"url\":\"https:\\\/\\\/secure.gravatar.com\\\/avatar\\\/cf0c9e614551eb65b068b8ae2042e0ec60c802bc0fb815d4ebbd1eff13a2e9ad?s=96&d=mm&r=g\",\"contentUrl\":\"https:\\\/\\\/secure.gravatar.com\\\/avatar\\\/cf0c9e614551eb65b068b8ae2042e0ec60c802bc0fb815d4ebbd1eff13a2e9ad?s=96&d=mm&r=g\",\"caption\":\"Red. TSP\"},\"url\":\"https:\\\/\\\/tuttosprint.ch\\\/de\\\/author\\\/info_vb03q6f2\\\/\"}]}<\/script>\n<!-- \/ Yoast SEO plugin. -->","yoast_head_json":{"title":"Das Jahr 2020 auf den Sieben Schl\u00f6ssern - Tuttosprint","robots":{"index":"index","follow":"follow","max-snippet":"max-snippet:-1","max-image-preview":"max-image-preview:large","max-video-preview":"max-video-preview:-1"},"canonical":"https:\/\/tuttosprint.ch\/de\/das-jahr-2020-auf-den-sieben-schloessern\/","og_locale":"de_DE","og_type":"article","og_title":"Das Jahr 2020 auf den Sieben Schl\u00f6ssern - Tuttosprint","og_description":"JUBIL\u00c4UM, HOCHZEIT UND ERLEBNISTAG \u2013 B\u00fcckeburg, M\u00e4rz 2020 \u2013 Das Weserbergland mit\u2026","og_url":"https:\/\/tuttosprint.ch\/de\/das-jahr-2020-auf-den-sieben-schloessern\/","og_site_name":"Tuttosprint","article_published_time":"2020-03-04T09:37:21+00:00","article_modified_time":"2020-03-04T09:37:23+00:00","og_image":[{"width":2560,"height":1707,"url":"https:\/\/tuttosprint.ch\/wp-content\/uploads\/2020\/03\/presse_bueckeburg_04-scaled.jpg","type":"image\/jpeg"}],"author":"Red. TSP","twitter_card":"summary_large_image","twitter_misc":{"Verfasst von":"Red. TSP","Gesch\u00e4tzte Lesezeit":"10 Minuten"},"schema":{"@context":"https:\/\/schema.org","@graph":[{"@type":"Article","@id":"https:\/\/tuttosprint.ch\/de\/das-jahr-2020-auf-den-sieben-schloessern\/#article","isPartOf":{"@id":"https:\/\/tuttosprint.ch\/de\/das-jahr-2020-auf-den-sieben-schloessern\/"},"author":{"name":"Red. TSP","@id":"https:\/\/tuttosprint.ch\/#\/schema\/person\/84dfe95b43201d701bfdc5df5b4fa1f4"},"headline":"Das Jahr 2020 auf den Sieben Schl\u00f6ssern","datePublished":"2020-03-04T09:37:21+00:00","dateModified":"2020-03-04T09:37:23+00:00","mainEntityOfPage":{"@id":"https:\/\/tuttosprint.ch\/de\/das-jahr-2020-auf-den-sieben-schloessern\/"},"wordCount":2103,"commentCount":0,"publisher":{"@id":"https:\/\/tuttosprint.ch\/#organization"},"image":{"@id":"https:\/\/tuttosprint.ch\/de\/das-jahr-2020-auf-den-sieben-schloessern\/#primaryimage"},"thumbnailUrl":"https:\/\/tuttosprint.ch\/wp-content\/uploads\/2020\/03\/presse_bueckeburg_04-scaled.jpg","articleSection":["News","Tourismus"],"inLanguage":"de-DE"},{"@type":"WebPage","@id":"https:\/\/tuttosprint.ch\/de\/das-jahr-2020-auf-den-sieben-schloessern\/","url":"https:\/\/tuttosprint.ch\/de\/das-jahr-2020-auf-den-sieben-schloessern\/","name":"Das Jahr 2020 auf den Sieben Schl\u00f6ssern - Tuttosprint","isPartOf":{"@id":"https:\/\/tuttosprint.ch\/#website"},"primaryImageOfPage":{"@id":"https:\/\/tuttosprint.ch\/de\/das-jahr-2020-auf-den-sieben-schloessern\/#primaryimage"},"image":{"@id":"https:\/\/tuttosprint.ch\/de\/das-jahr-2020-auf-den-sieben-schloessern\/#primaryimage"},"thumbnailUrl":"https:\/\/tuttosprint.ch\/wp-content\/uploads\/2020\/03\/presse_bueckeburg_04-scaled.jpg","datePublished":"2020-03-04T09:37:21+00:00","dateModified":"2020-03-04T09:37:23+00:00","inLanguage":"de-DE","potentialAction":[{"@type":"ReadAction","target":["https:\/\/tuttosprint.ch\/de\/das-jahr-2020-auf-den-sieben-schloessern\/"]}]},{"@type":"ImageObject","inLanguage":"de-DE","@id":"https:\/\/tuttosprint.ch\/de\/das-jahr-2020-auf-den-sieben-schloessern\/#primaryimage","url":"https:\/\/tuttosprint.ch\/wp-content\/uploads\/2020\/03\/presse_bueckeburg_04-scaled.jpg","contentUrl":"https:\/\/tuttosprint.ch\/wp-content\/uploads\/2020\/03\/presse_bueckeburg_04-scaled.jpg","width":2560,"height":1707,"caption":"Schloss B\u00fcckenburg"},{"@type":"WebSite","@id":"https:\/\/tuttosprint.ch\/#website","url":"https:\/\/tuttosprint.ch\/","name":"Tuttosprint","description":"","publisher":{"@id":"https:\/\/tuttosprint.ch\/#organization"},"potentialAction":[{"@type":"SearchAction","target":{"@type":"EntryPoint","urlTemplate":"https:\/\/tuttosprint.ch\/?s={search_term_string}"},"query-input":{"@type":"PropertyValueSpecification","valueRequired":true,"valueName":"search_term_string"}}],"inLanguage":"de-DE"},{"@type":"Organization","@id":"https:\/\/tuttosprint.ch\/#organization","name":"Tuttosprint","url":"https:\/\/tuttosprint.ch\/","logo":{"@type":"ImageObject","inLanguage":"de-DE","@id":"https:\/\/tuttosprint.ch\/#\/schema\/logo\/image\/","url":"https:\/\/tuttosprint.ch\/wp-content\/uploads\/2018\/05\/Logo_pos_Tuttosprint-2.png","contentUrl":"https:\/\/tuttosprint.ch\/wp-content\/uploads\/2018\/05\/Logo_pos_Tuttosprint-2.png","width":350,"height":55,"caption":"Tuttosprint"},"image":{"@id":"https:\/\/tuttosprint.ch\/#\/schema\/logo\/image\/"}},{"@type":"Person","@id":"https:\/\/tuttosprint.ch\/#\/schema\/person\/84dfe95b43201d701bfdc5df5b4fa1f4","name":"Red. TSP","image":{"@type":"ImageObject","inLanguage":"de-DE","@id":"https:\/\/secure.gravatar.com\/avatar\/cf0c9e614551eb65b068b8ae2042e0ec60c802bc0fb815d4ebbd1eff13a2e9ad?s=96&d=mm&r=g","url":"https:\/\/secure.gravatar.com\/avatar\/cf0c9e614551eb65b068b8ae2042e0ec60c802bc0fb815d4ebbd1eff13a2e9ad?s=96&d=mm&r=g","contentUrl":"https:\/\/secure.gravatar.com\/avatar\/cf0c9e614551eb65b068b8ae2042e0ec60c802bc0fb815d4ebbd1eff13a2e9ad?s=96&d=mm&r=g","caption":"Red. TSP"},"url":"https:\/\/tuttosprint.ch\/de\/author\/info_vb03q6f2\/"}]}},"_links":{"self":[{"href":"https:\/\/tuttosprint.ch\/de\/wp-json\/wp\/v2\/posts\/13207","targetHints":{"allow":["GET"]}}],"collection":[{"href":"https:\/\/tuttosprint.ch\/de\/wp-json\/wp\/v2\/posts"}],"about":[{"href":"https:\/\/tuttosprint.ch\/de\/wp-json\/wp\/v2\/types\/post"}],"author":[{"embeddable":true,"href":"https:\/\/tuttosprint.ch\/de\/wp-json\/wp\/v2\/users\/1"}],"replies":[{"embeddable":true,"href":"https:\/\/tuttosprint.ch\/de\/wp-json\/wp\/v2\/comments?post=13207"}],"version-history":[{"count":1,"href":"https:\/\/tuttosprint.ch\/de\/wp-json\/wp\/v2\/posts\/13207\/revisions"}],"predecessor-version":[{"id":13230,"href":"https:\/\/tuttosprint.ch\/de\/wp-json\/wp\/v2\/posts\/13207\/revisions\/13230"}],"wp:featuredmedia":[{"embeddable":true,"href":"https:\/\/tuttosprint.ch\/de\/wp-json\/wp\/v2\/media\/13218"}],"wp:attachment":[{"href":"https:\/\/tuttosprint.ch\/de\/wp-json\/wp\/v2\/media?parent=13207"}],"wp:term":[{"taxonomy":"category","embeddable":true,"href":"https:\/\/tuttosprint.ch\/de\/wp-json\/wp\/v2\/categories?post=13207"},{"taxonomy":"post_tag","embeddable":true,"href":"https:\/\/tuttosprint.ch\/de\/wp-json\/wp\/v2\/tags?post=13207"}],"curies":[{"name":"wp","href":"https:\/\/api.w.org\/{rel}","templated":true}]}}