{"id":13516,"date":"2020-03-18T13:10:27","date_gmt":"2020-03-18T13:10:27","guid":{"rendered":"https:\/\/tuttosprint.ch\/?p=13516"},"modified":"2020-03-18T13:10:29","modified_gmt":"2020-03-18T13:10:29","slug":"mmxx-the-way-forward-september-2020-in-modena","status":"publish","type":"post","link":"https:\/\/tuttosprint.ch\/de\/mmxx-the-way-forward-september-2020-in-modena\/","title":{"rendered":"MMXX: The Way Forward September 2020 in Modena"},"content":{"rendered":"\n<p><strong>Modena, <\/strong><strong>18 M\u00e4rz 2020 \u2013 Maserati verschiebt die\nurspr\u00fcnglich f\u00fcr Mai 2020 geplante Veranstaltung zum Markenrelaunch &#8222;MMXX:\nThe Way Forward&#8220; angesichts der aktuellen Situation auf September. Die\nVeranstaltung wird in Modena stattfinden und die neue \u00c4ra der Marke einl\u00e4uten.<\/strong><\/p>\n\n\n\n<p>Maserati steht nicht still. Die Marke mit\ndem Dreizack wird ihre neue \u00c4ra genau von dem Ort aus beginnen, wo sie seit\n\u00fcber 80 Jahren beheimatet ist. Maserati und Modena sind untrennbar miteinander\nverbunden und blicken nun mit derselben Leidenschaft, demselben Vertrauen und\nderselben K\u00fchnheit in die Zukunft.<\/p>\n\n\n\n<figure class=\"wp-block-image size-large\"><img loading=\"lazy\" decoding=\"async\" width=\"960\" height=\"960\" src=\"https:\/\/tuttosprint.ch\/wp-content\/uploads\/2020\/03\/02_MMXX_Modena-Settembre-2020-1.png\" alt=\"\" class=\"wp-image-13514\" srcset=\"https:\/\/tuttosprint.ch\/wp-content\/uploads\/2020\/03\/02_MMXX_Modena-Settembre-2020-1.png 960w, https:\/\/tuttosprint.ch\/wp-content\/uploads\/2020\/03\/02_MMXX_Modena-Settembre-2020-1-300x300.png 300w, https:\/\/tuttosprint.ch\/wp-content\/uploads\/2020\/03\/02_MMXX_Modena-Settembre-2020-1-150x150.png 150w, https:\/\/tuttosprint.ch\/wp-content\/uploads\/2020\/03\/02_MMXX_Modena-Settembre-2020-1-768x768.png 768w\" sizes=\"auto, (max-width: 960px) 100vw, 960px\" \/><\/figure>\n\n\n\n<p>Maserati tr\u00e4gt zu 100% italienische DNA in\nsich und ist in st\u00e4ndiger Bewegung, beherzt und entschlossen, selbst in den\nschwierigsten Zeiten nie aufzugeben. Der Sportwagenhersteller blickt nach vorn\nund hat nun September 2020 f\u00fcr den Neustart gew\u00e4hlt, an dem die Marke die\nWeltb\u00fchne f\u00fcr die Zukunft der Mobilit\u00e4t betreten wird.<\/p>\n","protected":false},"excerpt":{"rendered":"<p>Modena, 18 M\u00e4rz 2020 \u2013 Maserati verschiebt die urspr\u00fcnglich f\u00fcr Mai 2020\u2026<\/p>\n","protected":false},"author":1,"featured_media":13512,"comment_status":"open","ping_status":"open","sticky":false,"template":"","format":"standard","meta":{"footnotes":""},"categories":[22,21,24],"tags":[],"class_list":["post-13516","post","type-post","status-publish","format-standard","has-post-thumbnail","hentry","category-auto-moto-de","category-news","category-puntoit-de"],"yoast_head":"<!-- This site is optimized with the Yoast SEO plugin v27.4 - https:\/\/yoast.com\/product\/yoast-seo-wordpress\/ -->\n<title>MMXX: The Way Forward September 2020 in Modena - Tuttosprint<\/title>\n<meta name=\"robots\" content=\"index, follow, max-snippet:-1, max-image-preview:large, max-video-preview:-1\" \/>\n<link rel=\"canonical\" href=\"https:\/\/tuttosprint.ch\/de\/mmxx-the-way-forward-september-2020-in-modena\/\" \/>\n<meta property=\"og:locale\" content=\"de_DE\" \/>\n<meta property=\"og:type\" content=\"article\" \/>\n<meta property=\"og:title\" content=\"MMXX: The Way Forward September 2020 in Modena - Tuttosprint\" \/>\n<meta property=\"og:description\" content=\"Modena, 18 M\u00e4rz 2020 \u2013 Maserati verschiebt die urspr\u00fcnglich f\u00fcr Mai 2020\u2026\" \/>\n<meta property=\"og:url\" content=\"https:\/\/tuttosprint.ch\/de\/mmxx-the-way-forward-september-2020-in-modena\/\" \/>\n<meta property=\"og:site_name\" content=\"Tuttosprint\" \/>\n<meta property=\"article:published_time\" content=\"2020-03-18T13:10:27+00:00\" \/>\n<meta property=\"article:modified_time\" content=\"2020-03-18T13:10:29+00:00\" \/>\n<meta property=\"og:image\" content=\"https:\/\/tuttosprint.ch\/wp-content\/uploads\/2020\/03\/original.jpg\" \/>\n\t<meta property=\"og:image:width\" content=\"1920\" \/>\n\t<meta property=\"og:image:height\" content=\"1080\" \/>\n\t<meta property=\"og:image:type\" content=\"image\/jpeg\" \/>\n<meta name=\"author\" content=\"Red. TSP\" \/>\n<meta name=\"twitter:card\" content=\"summary_large_image\" \/>\n<meta name=\"twitter:label1\" content=\"Verfasst von\" \/>\n\t<meta name=\"twitter:data1\" content=\"Red. TSP\" \/>\n\t<meta name=\"twitter:label2\" content=\"Gesch\u00e4tzte Lesezeit\" \/>\n\t<meta name=\"twitter:data2\" content=\"1 Minute\" \/>\n<script type=\"application\/ld+json\" class=\"yoast-schema-graph\">{\"@context\":\"https:\\\/\\\/schema.org\",\"@graph\":[{\"@type\":\"Article\",\"@id\":\"https:\\\/\\\/tuttosprint.ch\\\/de\\\/mmxx-the-way-forward-september-2020-in-modena\\\/#article\",\"isPartOf\":{\"@id\":\"https:\\\/\\\/tuttosprint.ch\\\/de\\\/mmxx-the-way-forward-september-2020-in-modena\\\/\"},\"author\":{\"name\":\"Red. TSP\",\"@id\":\"https:\\\/\\\/tuttosprint.ch\\\/#\\\/schema\\\/person\\\/84dfe95b43201d701bfdc5df5b4fa1f4\"},\"headline\":\"MMXX: The Way Forward September 2020 in Modena\",\"datePublished\":\"2020-03-18T13:10:27+00:00\",\"dateModified\":\"2020-03-18T13:10:29+00:00\",\"mainEntityOfPage\":{\"@id\":\"https:\\\/\\\/tuttosprint.ch\\\/de\\\/mmxx-the-way-forward-september-2020-in-modena\\\/\"},\"wordCount\":149,\"commentCount\":0,\"publisher\":{\"@id\":\"https:\\\/\\\/tuttosprint.ch\\\/#organization\"},\"image\":{\"@id\":\"https:\\\/\\\/tuttosprint.ch\\\/de\\\/mmxx-the-way-forward-september-2020-in-modena\\\/#primaryimage\"},\"thumbnailUrl\":\"https:\\\/\\\/tuttosprint.ch\\\/wp-content\\\/uploads\\\/2020\\\/03\\\/original.jpg\",\"articleSection\":[\"Auto\\\/Moto\",\"News\",\"Puntoit\"],\"inLanguage\":\"de-DE\"},{\"@type\":\"WebPage\",\"@id\":\"https:\\\/\\\/tuttosprint.ch\\\/de\\\/mmxx-the-way-forward-september-2020-in-modena\\\/\",\"url\":\"https:\\\/\\\/tuttosprint.ch\\\/de\\\/mmxx-the-way-forward-september-2020-in-modena\\\/\",\"name\":\"MMXX: The Way Forward September 2020 in Modena - Tuttosprint\",\"isPartOf\":{\"@id\":\"https:\\\/\\\/tuttosprint.ch\\\/#website\"},\"primaryImageOfPage\":{\"@id\":\"https:\\\/\\\/tuttosprint.ch\\\/de\\\/mmxx-the-way-forward-september-2020-in-modena\\\/#primaryimage\"},\"image\":{\"@id\":\"https:\\\/\\\/tuttosprint.ch\\\/de\\\/mmxx-the-way-forward-september-2020-in-modena\\\/#primaryimage\"},\"thumbnailUrl\":\"https:\\\/\\\/tuttosprint.ch\\\/wp-content\\\/uploads\\\/2020\\\/03\\\/original.jpg\",\"datePublished\":\"2020-03-18T13:10:27+00:00\",\"dateModified\":\"2020-03-18T13:10:29+00:00\",\"inLanguage\":\"de-DE\",\"potentialAction\":[{\"@type\":\"ReadAction\",\"target\":[\"https:\\\/\\\/tuttosprint.ch\\\/de\\\/mmxx-the-way-forward-september-2020-in-modena\\\/\"]}]},{\"@type\":\"ImageObject\",\"inLanguage\":\"de-DE\",\"@id\":\"https:\\\/\\\/tuttosprint.ch\\\/de\\\/mmxx-the-way-forward-september-2020-in-modena\\\/#primaryimage\",\"url\":\"https:\\\/\\\/tuttosprint.ch\\\/wp-content\\\/uploads\\\/2020\\\/03\\\/original.jpg\",\"contentUrl\":\"https:\\\/\\\/tuttosprint.ch\\\/wp-content\\\/uploads\\\/2020\\\/03\\\/original.jpg\",\"width\":1920,\"height\":1080},{\"@type\":\"WebSite\",\"@id\":\"https:\\\/\\\/tuttosprint.ch\\\/#website\",\"url\":\"https:\\\/\\\/tuttosprint.ch\\\/\",\"name\":\"Tuttosprint\",\"description\":\"\",\"publisher\":{\"@id\":\"https:\\\/\\\/tuttosprint.ch\\\/#organization\"},\"potentialAction\":[{\"@type\":\"SearchAction\",\"target\":{\"@type\":\"EntryPoint\",\"urlTemplate\":\"https:\\\/\\\/tuttosprint.ch\\\/?s={search_term_string}\"},\"query-input\":{\"@type\":\"PropertyValueSpecification\",\"valueRequired\":true,\"valueName\":\"search_term_string\"}}],\"inLanguage\":\"de-DE\"},{\"@type\":\"Organization\",\"@id\":\"https:\\\/\\\/tuttosprint.ch\\\/#organization\",\"name\":\"Tuttosprint\",\"url\":\"https:\\\/\\\/tuttosprint.ch\\\/\",\"logo\":{\"@type\":\"ImageObject\",\"inLanguage\":\"de-DE\",\"@id\":\"https:\\\/\\\/tuttosprint.ch\\\/#\\\/schema\\\/logo\\\/image\\\/\",\"url\":\"https:\\\/\\\/tuttosprint.ch\\\/wp-content\\\/uploads\\\/2018\\\/05\\\/Logo_pos_Tuttosprint-2.png\",\"contentUrl\":\"https:\\\/\\\/tuttosprint.ch\\\/wp-content\\\/uploads\\\/2018\\\/05\\\/Logo_pos_Tuttosprint-2.png\",\"width\":350,\"height\":55,\"caption\":\"Tuttosprint\"},\"image\":{\"@id\":\"https:\\\/\\\/tuttosprint.ch\\\/#\\\/schema\\\/logo\\\/image\\\/\"}},{\"@type\":\"Person\",\"@id\":\"https:\\\/\\\/tuttosprint.ch\\\/#\\\/schema\\\/person\\\/84dfe95b43201d701bfdc5df5b4fa1f4\",\"name\":\"Red. TSP\",\"image\":{\"@type\":\"ImageObject\",\"inLanguage\":\"de-DE\",\"@id\":\"https:\\\/\\\/secure.gravatar.com\\\/avatar\\\/cf0c9e614551eb65b068b8ae2042e0ec60c802bc0fb815d4ebbd1eff13a2e9ad?s=96&d=mm&r=g\",\"url\":\"https:\\\/\\\/secure.gravatar.com\\\/avatar\\\/cf0c9e614551eb65b068b8ae2042e0ec60c802bc0fb815d4ebbd1eff13a2e9ad?s=96&d=mm&r=g\",\"contentUrl\":\"https:\\\/\\\/secure.gravatar.com\\\/avatar\\\/cf0c9e614551eb65b068b8ae2042e0ec60c802bc0fb815d4ebbd1eff13a2e9ad?s=96&d=mm&r=g\",\"caption\":\"Red. TSP\"},\"url\":\"https:\\\/\\\/tuttosprint.ch\\\/de\\\/author\\\/info_vb03q6f2\\\/\"}]}<\/script>\n<!-- \/ Yoast SEO plugin. -->","yoast_head_json":{"title":"MMXX: The Way Forward September 2020 in Modena - Tuttosprint","robots":{"index":"index","follow":"follow","max-snippet":"max-snippet:-1","max-image-preview":"max-image-preview:large","max-video-preview":"max-video-preview:-1"},"canonical":"https:\/\/tuttosprint.ch\/de\/mmxx-the-way-forward-september-2020-in-modena\/","og_locale":"de_DE","og_type":"article","og_title":"MMXX: The Way Forward September 2020 in Modena - Tuttosprint","og_description":"Modena, 18 M\u00e4rz 2020 \u2013 Maserati verschiebt die urspr\u00fcnglich f\u00fcr Mai 2020\u2026","og_url":"https:\/\/tuttosprint.ch\/de\/mmxx-the-way-forward-september-2020-in-modena\/","og_site_name":"Tuttosprint","article_published_time":"2020-03-18T13:10:27+00:00","article_modified_time":"2020-03-18T13:10:29+00:00","og_image":[{"width":1920,"height":1080,"url":"https:\/\/tuttosprint.ch\/wp-content\/uploads\/2020\/03\/original.jpg","type":"image\/jpeg"}],"author":"Red. TSP","twitter_card":"summary_large_image","twitter_misc":{"Verfasst von":"Red. TSP","Gesch\u00e4tzte Lesezeit":"1 Minute"},"schema":{"@context":"https:\/\/schema.org","@graph":[{"@type":"Article","@id":"https:\/\/tuttosprint.ch\/de\/mmxx-the-way-forward-september-2020-in-modena\/#article","isPartOf":{"@id":"https:\/\/tuttosprint.ch\/de\/mmxx-the-way-forward-september-2020-in-modena\/"},"author":{"name":"Red. TSP","@id":"https:\/\/tuttosprint.ch\/#\/schema\/person\/84dfe95b43201d701bfdc5df5b4fa1f4"},"headline":"MMXX: The Way Forward September 2020 in Modena","datePublished":"2020-03-18T13:10:27+00:00","dateModified":"2020-03-18T13:10:29+00:00","mainEntityOfPage":{"@id":"https:\/\/tuttosprint.ch\/de\/mmxx-the-way-forward-september-2020-in-modena\/"},"wordCount":149,"commentCount":0,"publisher":{"@id":"https:\/\/tuttosprint.ch\/#organization"},"image":{"@id":"https:\/\/tuttosprint.ch\/de\/mmxx-the-way-forward-september-2020-in-modena\/#primaryimage"},"thumbnailUrl":"https:\/\/tuttosprint.ch\/wp-content\/uploads\/2020\/03\/original.jpg","articleSection":["Auto\/Moto","News","Puntoit"],"inLanguage":"de-DE"},{"@type":"WebPage","@id":"https:\/\/tuttosprint.ch\/de\/mmxx-the-way-forward-september-2020-in-modena\/","url":"https:\/\/tuttosprint.ch\/de\/mmxx-the-way-forward-september-2020-in-modena\/","name":"MMXX: The Way Forward September 2020 in Modena - Tuttosprint","isPartOf":{"@id":"https:\/\/tuttosprint.ch\/#website"},"primaryImageOfPage":{"@id":"https:\/\/tuttosprint.ch\/de\/mmxx-the-way-forward-september-2020-in-modena\/#primaryimage"},"image":{"@id":"https:\/\/tuttosprint.ch\/de\/mmxx-the-way-forward-september-2020-in-modena\/#primaryimage"},"thumbnailUrl":"https:\/\/tuttosprint.ch\/wp-content\/uploads\/2020\/03\/original.jpg","datePublished":"2020-03-18T13:10:27+00:00","dateModified":"2020-03-18T13:10:29+00:00","inLanguage":"de-DE","potentialAction":[{"@type":"ReadAction","target":["https:\/\/tuttosprint.ch\/de\/mmxx-the-way-forward-september-2020-in-modena\/"]}]},{"@type":"ImageObject","inLanguage":"de-DE","@id":"https:\/\/tuttosprint.ch\/de\/mmxx-the-way-forward-september-2020-in-modena\/#primaryimage","url":"https:\/\/tuttosprint.ch\/wp-content\/uploads\/2020\/03\/original.jpg","contentUrl":"https:\/\/tuttosprint.ch\/wp-content\/uploads\/2020\/03\/original.jpg","width":1920,"height":1080},{"@type":"WebSite","@id":"https:\/\/tuttosprint.ch\/#website","url":"https:\/\/tuttosprint.ch\/","name":"Tuttosprint","description":"","publisher":{"@id":"https:\/\/tuttosprint.ch\/#organization"},"potentialAction":[{"@type":"SearchAction","target":{"@type":"EntryPoint","urlTemplate":"https:\/\/tuttosprint.ch\/?s={search_term_string}"},"query-input":{"@type":"PropertyValueSpecification","valueRequired":true,"valueName":"search_term_string"}}],"inLanguage":"de-DE"},{"@type":"Organization","@id":"https:\/\/tuttosprint.ch\/#organization","name":"Tuttosprint","url":"https:\/\/tuttosprint.ch\/","logo":{"@type":"ImageObject","inLanguage":"de-DE","@id":"https:\/\/tuttosprint.ch\/#\/schema\/logo\/image\/","url":"https:\/\/tuttosprint.ch\/wp-content\/uploads\/2018\/05\/Logo_pos_Tuttosprint-2.png","contentUrl":"https:\/\/tuttosprint.ch\/wp-content\/uploads\/2018\/05\/Logo_pos_Tuttosprint-2.png","width":350,"height":55,"caption":"Tuttosprint"},"image":{"@id":"https:\/\/tuttosprint.ch\/#\/schema\/logo\/image\/"}},{"@type":"Person","@id":"https:\/\/tuttosprint.ch\/#\/schema\/person\/84dfe95b43201d701bfdc5df5b4fa1f4","name":"Red. TSP","image":{"@type":"ImageObject","inLanguage":"de-DE","@id":"https:\/\/secure.gravatar.com\/avatar\/cf0c9e614551eb65b068b8ae2042e0ec60c802bc0fb815d4ebbd1eff13a2e9ad?s=96&d=mm&r=g","url":"https:\/\/secure.gravatar.com\/avatar\/cf0c9e614551eb65b068b8ae2042e0ec60c802bc0fb815d4ebbd1eff13a2e9ad?s=96&d=mm&r=g","contentUrl":"https:\/\/secure.gravatar.com\/avatar\/cf0c9e614551eb65b068b8ae2042e0ec60c802bc0fb815d4ebbd1eff13a2e9ad?s=96&d=mm&r=g","caption":"Red. TSP"},"url":"https:\/\/tuttosprint.ch\/de\/author\/info_vb03q6f2\/"}]}},"_links":{"self":[{"href":"https:\/\/tuttosprint.ch\/de\/wp-json\/wp\/v2\/posts\/13516","targetHints":{"allow":["GET"]}}],"collection":[{"href":"https:\/\/tuttosprint.ch\/de\/wp-json\/wp\/v2\/posts"}],"about":[{"href":"https:\/\/tuttosprint.ch\/de\/wp-json\/wp\/v2\/types\/post"}],"author":[{"embeddable":true,"href":"https:\/\/tuttosprint.ch\/de\/wp-json\/wp\/v2\/users\/1"}],"replies":[{"embeddable":true,"href":"https:\/\/tuttosprint.ch\/de\/wp-json\/wp\/v2\/comments?post=13516"}],"version-history":[{"count":1,"href":"https:\/\/tuttosprint.ch\/de\/wp-json\/wp\/v2\/posts\/13516\/revisions"}],"predecessor-version":[{"id":13517,"href":"https:\/\/tuttosprint.ch\/de\/wp-json\/wp\/v2\/posts\/13516\/revisions\/13517"}],"wp:featuredmedia":[{"embeddable":true,"href":"https:\/\/tuttosprint.ch\/de\/wp-json\/wp\/v2\/media\/13512"}],"wp:attachment":[{"href":"https:\/\/tuttosprint.ch\/de\/wp-json\/wp\/v2\/media?parent=13516"}],"wp:term":[{"taxonomy":"category","embeddable":true,"href":"https:\/\/tuttosprint.ch\/de\/wp-json\/wp\/v2\/categories?post=13516"},{"taxonomy":"post_tag","embeddable":true,"href":"https:\/\/tuttosprint.ch\/de\/wp-json\/wp\/v2\/tags?post=13516"}],"curies":[{"name":"wp","href":"https:\/\/api.w.org\/{rel}","templated":true}]}}