{"id":15249,"date":"2020-07-09T08:53:31","date_gmt":"2020-07-09T08:53:31","guid":{"rendered":"https:\/\/tuttosprint.ch\/?p=15249"},"modified":"2020-07-09T08:53:33","modified_gmt":"2020-07-09T08:53:33","slug":"wallbox-fuer-alle-vw-bringt-den-id-charger-in-die-schweiz","status":"publish","type":"post","link":"https:\/\/tuttosprint.ch\/de\/wallbox-fuer-alle-vw-bringt-den-id-charger-in-die-schweiz\/","title":{"rendered":"Wallbox f\u00fcr alle &#8211; VW bringt den ID. Charger in die Schweiz"},"content":{"rendered":"\n<h4 class=\"wp-block-heading\"> WALLBOX IST ONLINE UND BEIM VOLKSWAGEN H\u00c4NDLER BESTELLBAR &#8211; ER IST AUF DEN ID.3 UND DIE ID. FAMILIE ZUGESCHNITTEN, KANN ABER AUCH F\u00dcR ALLE ANDEREN E-AUTOS MIT TYP-2-STECKER VERWENDET WERDEN &#8211; <\/h4>\n\n\n\n<p>Cham \u2013 Volkswagen hat mit dem Verkauf des ID. Charger f\u00fcr komfortables und schnelles Laden von Elektrofahrzeugen zuhause begonnen. In acht europ\u00e4ischen L\u00e4ndern \u2013 darunter auch die Schweiz &#8211; kann die Wallbox online oder beim Volkswagen H\u00e4ndler bestellt werden. Mit einem Einf\u00fchrungspreis ab CHF 499.- bietet der ID. Charger ein herausragendes Preis-Leistungs-Verh\u00e4ltnis. Er ist auf den ID.3 und die ID. Familie zugeschnitten, kann aber auch f\u00fcr alle anderen E-Autos mit Typ-2-Stecker verwendet werden. Die neue Volkswagen Wallbox geh\u00f6rt als ID. Charger zum Gesamtpaket rund um den ID.3, mit dem Volkswagen den Wechsel auf das E-Au<strong>t<\/strong>o so einfach und komfortabel wie m\u00f6glich machen will. <\/p>\n\n\n\n<p><strong>Thomas Ulbrich, Vorstand E-Mobilit\u00e4t der Marke Volkswagen: <\/strong>\u201eVolkswagen setzt auch beim Thema Laden neue Massst\u00e4be im Volumensegment. Wir werden in den kommenden Monaten ein komplettes Ladenetzwerk rund um den ID.3 aufbauen. Der ID. Charger macht den Anfang, weitere Ladeservices werden folgen. Das Laden eines E-Autos soll k\u00fcnftig genauso einfach und selbstverst\u00e4ndlich funktionieren wie das Laden eines Smartphones.\u201c<br><br><strong>Top-Modelle bieten volle Vernetzung<\/strong><br> Den ID. Charger wird es schrittweise in drei Versionen geben. Alle Versionen bieten bis zu 11 kW Ladeleistung, ein fest angebrachtes Typ-2-Ladekabel und einen integrierten DC-Fehlerstromschutz f\u00fcr h\u00f6chste Sicherheit. Die beiden Top-Modelle ID. Charger Connect und ID. Charger Pro werden zudem voll vernetzt sein und lassen sich bequem per Smartphone steuern. Kunden behalten damit die Ladevorg\u00e4nge im Blick und profitieren von praktischen Funktionen wie Fernwartung, Zugangskontrolle per Ladekarte und regelm\u00e4ssigen Softwareaktualisierungen. Der ID. Charger Pro bietet zus\u00e4tzlich einen integrierten Stromz\u00e4hler und erm\u00f6glicht beispielweise eine Abrechnung der Stromkosten f\u00fcr Dienstwagenfahrer. \u201eDer ID. Charger sieht nicht nur smart aus, er ist es auch. Keine andere Wallbox auf dem Markt bietet so viel High-Tech f\u00fcr so wenig Geld\u201c, sagt Daniel Brunner, Head of Sales Operation Volkswagen Schweiz.<\/p>\n\n\n\n<div class=\"wp-block-image\"><figure class=\"aligncenter size-large\"><img loading=\"lazy\" decoding=\"async\" width=\"683\" height=\"1024\" src=\"https:\/\/tuttosprint.ch\/wp-content\/uploads\/2020\/07\/VW_ID_Charger_1_s-683x1024.jpg\" alt=\"\" class=\"wp-image-15247\" srcset=\"https:\/\/tuttosprint.ch\/wp-content\/uploads\/2020\/07\/VW_ID_Charger_1_s-683x1024.jpg 683w, https:\/\/tuttosprint.ch\/wp-content\/uploads\/2020\/07\/VW_ID_Charger_1_s-200x300.jpg 200w, https:\/\/tuttosprint.ch\/wp-content\/uploads\/2020\/07\/VW_ID_Charger_1_s-768x1152.jpg 768w, https:\/\/tuttosprint.ch\/wp-content\/uploads\/2020\/07\/VW_ID_Charger_1_s-1024x1536.jpg 1024w, https:\/\/tuttosprint.ch\/wp-content\/uploads\/2020\/07\/VW_ID_Charger_1_s.jpg 1093w\" sizes=\"auto, (max-width: 683px) 100vw, 683px\" \/><\/figure><\/div>\n\n\n\n<p><strong>Installation der Basisversion startet<\/strong><br> Die Basisversion ist bereits mit optionaler Installation im ID. Charger Webshop bestellbar, die Modelle ID. Charger Connect und ID. Charger Pro folgen demn\u00e4chst. Volkswagen bietet gemeinsam mit zertifizierten Elektrotechnikbetrieben einen umfassenden Installationsservice an, der die fachgerechte Beratung, Installation und Inbetriebnahme der Wallbox umfasst. Zus\u00e4tzlich k\u00f6nnen Interessierte einen kostenlosen Online Pre-Check durchf\u00fchren.<br><br> \u201eBislang war der Wallbox-Kauf f\u00fcr Kunden oftmals eine l\u00e4stige und umst\u00e4ndliche Angelegenheit. Das wollen wir \u00e4ndern und bieten beim ID. Charger alles aus einer Hand \u2013 vom Kauf \u00fcber die Installation bis zur Inbetriebnahme\u201c, so Daniel Brunner, Head of Sales Operation Volkswagen Schweiz.<br><br><strong>Komplettes \u00d6kosystem f\u00fcr E-Auto-Fahrer<\/strong><br> Volkswagen will den Umstieg auf das Elektroauto so attraktiv wie m\u00f6glich machen. In den n\u00e4chsten zehn Jahren kommen konzernweit fast 75 neue E-Modelle auf den Markt. Den Anfang macht der ID.3, das erste Auto der neuen ID. Familie. Passend dazu bietet die Marke ein Komplettpaket f\u00fcr das komfortable Laden an. Der Charging-Service We Charge wird Zugang zu rund 150\u2019000 \u00f6ffentlichen Ladepunkten in ganz Europa erm\u00f6glichen. \u00dcber IONITY beteiligt sich Volkswagen am Aufbau eines europaweiten Schnellladenetzes.<br><br> Mehr Informationen zum ID. Charger f\u00fcr den Schweizer Markt sind unter <a rel=\"noreferrer noopener\" href=\"https:\/\/charging-energy.elli.eco\/ch-de\/IDcharger\" target=\"_blank\">https:\/\/charging-energy.elli.eco\/ch-de\/IDcharger<\/a> zu finden. <\/p>\n","protected":false},"excerpt":{"rendered":"<p>WALLBOX IST ONLINE UND BEIM VOLKSWAGEN H\u00c4NDLER BESTELLBAR &#8211; ER IST AUF\u2026<\/p>\n","protected":false},"author":1,"featured_media":15245,"comment_status":"open","ping_status":"open","sticky":false,"template":"","format":"standard","meta":{"footnotes":""},"categories":[40,21],"tags":[],"class_list":["post-15249","post","type-post","status-publish","format-standard","has-post-thumbnail","hentry","category-emobilitytime-de","category-news"],"yoast_head":"<!-- This site is optimized with the Yoast SEO plugin v27.4 - https:\/\/yoast.com\/product\/yoast-seo-wordpress\/ -->\n<title>Wallbox f\u00fcr alle - VW bringt den ID. Charger in die Schweiz - Tuttosprint<\/title>\n<meta name=\"robots\" content=\"index, follow, max-snippet:-1, max-image-preview:large, max-video-preview:-1\" \/>\n<link rel=\"canonical\" href=\"https:\/\/tuttosprint.ch\/de\/wallbox-fuer-alle-vw-bringt-den-id-charger-in-die-schweiz\/\" \/>\n<meta property=\"og:locale\" content=\"de_DE\" \/>\n<meta property=\"og:type\" content=\"article\" \/>\n<meta property=\"og:title\" content=\"Wallbox f\u00fcr alle - VW bringt den ID. Charger in die Schweiz - Tuttosprint\" \/>\n<meta property=\"og:description\" content=\"WALLBOX IST ONLINE UND BEIM VOLKSWAGEN H\u00c4NDLER BESTELLBAR &#8211; ER IST AUF\u2026\" \/>\n<meta property=\"og:url\" content=\"https:\/\/tuttosprint.ch\/de\/wallbox-fuer-alle-vw-bringt-den-id-charger-in-die-schweiz\/\" \/>\n<meta property=\"og:site_name\" content=\"Tuttosprint\" \/>\n<meta property=\"article:published_time\" content=\"2020-07-09T08:53:31+00:00\" \/>\n<meta property=\"article:modified_time\" content=\"2020-07-09T08:53:33+00:00\" \/>\n<meta property=\"og:image\" content=\"https:\/\/tuttosprint.ch\/wp-content\/uploads\/2020\/07\/VW_ID_Charger_s.jpg\" \/>\n\t<meta property=\"og:image:width\" content=\"768\" \/>\n\t<meta property=\"og:image:height\" content=\"480\" \/>\n\t<meta property=\"og:image:type\" content=\"image\/jpeg\" \/>\n<meta name=\"author\" content=\"Red. TSP\" \/>\n<meta name=\"twitter:card\" content=\"summary_large_image\" \/>\n<meta name=\"twitter:label1\" content=\"Verfasst von\" \/>\n\t<meta name=\"twitter:data1\" content=\"Red. TSP\" \/>\n\t<meta name=\"twitter:label2\" content=\"Gesch\u00e4tzte Lesezeit\" \/>\n\t<meta name=\"twitter:data2\" content=\"3 Minuten\" \/>\n<script type=\"application\/ld+json\" class=\"yoast-schema-graph\">{\"@context\":\"https:\\\/\\\/schema.org\",\"@graph\":[{\"@type\":\"Article\",\"@id\":\"https:\\\/\\\/tuttosprint.ch\\\/de\\\/wallbox-fuer-alle-vw-bringt-den-id-charger-in-die-schweiz\\\/#article\",\"isPartOf\":{\"@id\":\"https:\\\/\\\/tuttosprint.ch\\\/de\\\/wallbox-fuer-alle-vw-bringt-den-id-charger-in-die-schweiz\\\/\"},\"author\":{\"name\":\"Red. TSP\",\"@id\":\"https:\\\/\\\/tuttosprint.ch\\\/#\\\/schema\\\/person\\\/84dfe95b43201d701bfdc5df5b4fa1f4\"},\"headline\":\"Wallbox f\u00fcr alle &#8211; VW bringt den ID. Charger in die Schweiz\",\"datePublished\":\"2020-07-09T08:53:31+00:00\",\"dateModified\":\"2020-07-09T08:53:33+00:00\",\"mainEntityOfPage\":{\"@id\":\"https:\\\/\\\/tuttosprint.ch\\\/de\\\/wallbox-fuer-alle-vw-bringt-den-id-charger-in-die-schweiz\\\/\"},\"wordCount\":562,\"commentCount\":0,\"publisher\":{\"@id\":\"https:\\\/\\\/tuttosprint.ch\\\/#organization\"},\"image\":{\"@id\":\"https:\\\/\\\/tuttosprint.ch\\\/de\\\/wallbox-fuer-alle-vw-bringt-den-id-charger-in-die-schweiz\\\/#primaryimage\"},\"thumbnailUrl\":\"https:\\\/\\\/tuttosprint.ch\\\/wp-content\\\/uploads\\\/2020\\\/07\\\/VW_ID_Charger_s.jpg\",\"articleSection\":[\"EmobilityTime\",\"News\"],\"inLanguage\":\"de-DE\"},{\"@type\":\"WebPage\",\"@id\":\"https:\\\/\\\/tuttosprint.ch\\\/de\\\/wallbox-fuer-alle-vw-bringt-den-id-charger-in-die-schweiz\\\/\",\"url\":\"https:\\\/\\\/tuttosprint.ch\\\/de\\\/wallbox-fuer-alle-vw-bringt-den-id-charger-in-die-schweiz\\\/\",\"name\":\"Wallbox f\u00fcr alle - VW bringt den ID. Charger in die Schweiz - Tuttosprint\",\"isPartOf\":{\"@id\":\"https:\\\/\\\/tuttosprint.ch\\\/#website\"},\"primaryImageOfPage\":{\"@id\":\"https:\\\/\\\/tuttosprint.ch\\\/de\\\/wallbox-fuer-alle-vw-bringt-den-id-charger-in-die-schweiz\\\/#primaryimage\"},\"image\":{\"@id\":\"https:\\\/\\\/tuttosprint.ch\\\/de\\\/wallbox-fuer-alle-vw-bringt-den-id-charger-in-die-schweiz\\\/#primaryimage\"},\"thumbnailUrl\":\"https:\\\/\\\/tuttosprint.ch\\\/wp-content\\\/uploads\\\/2020\\\/07\\\/VW_ID_Charger_s.jpg\",\"datePublished\":\"2020-07-09T08:53:31+00:00\",\"dateModified\":\"2020-07-09T08:53:33+00:00\",\"inLanguage\":\"de-DE\",\"potentialAction\":[{\"@type\":\"ReadAction\",\"target\":[\"https:\\\/\\\/tuttosprint.ch\\\/de\\\/wallbox-fuer-alle-vw-bringt-den-id-charger-in-die-schweiz\\\/\"]}]},{\"@type\":\"ImageObject\",\"inLanguage\":\"de-DE\",\"@id\":\"https:\\\/\\\/tuttosprint.ch\\\/de\\\/wallbox-fuer-alle-vw-bringt-den-id-charger-in-die-schweiz\\\/#primaryimage\",\"url\":\"https:\\\/\\\/tuttosprint.ch\\\/wp-content\\\/uploads\\\/2020\\\/07\\\/VW_ID_Charger_s.jpg\",\"contentUrl\":\"https:\\\/\\\/tuttosprint.ch\\\/wp-content\\\/uploads\\\/2020\\\/07\\\/VW_ID_Charger_s.jpg\",\"width\":768,\"height\":480,\"caption\":\"ID.Charger\"},{\"@type\":\"WebSite\",\"@id\":\"https:\\\/\\\/tuttosprint.ch\\\/#website\",\"url\":\"https:\\\/\\\/tuttosprint.ch\\\/\",\"name\":\"Tuttosprint\",\"description\":\"\",\"publisher\":{\"@id\":\"https:\\\/\\\/tuttosprint.ch\\\/#organization\"},\"potentialAction\":[{\"@type\":\"SearchAction\",\"target\":{\"@type\":\"EntryPoint\",\"urlTemplate\":\"https:\\\/\\\/tuttosprint.ch\\\/?s={search_term_string}\"},\"query-input\":{\"@type\":\"PropertyValueSpecification\",\"valueRequired\":true,\"valueName\":\"search_term_string\"}}],\"inLanguage\":\"de-DE\"},{\"@type\":\"Organization\",\"@id\":\"https:\\\/\\\/tuttosprint.ch\\\/#organization\",\"name\":\"Tuttosprint\",\"url\":\"https:\\\/\\\/tuttosprint.ch\\\/\",\"logo\":{\"@type\":\"ImageObject\",\"inLanguage\":\"de-DE\",\"@id\":\"https:\\\/\\\/tuttosprint.ch\\\/#\\\/schema\\\/logo\\\/image\\\/\",\"url\":\"https:\\\/\\\/tuttosprint.ch\\\/wp-content\\\/uploads\\\/2018\\\/05\\\/Logo_pos_Tuttosprint-2.png\",\"contentUrl\":\"https:\\\/\\\/tuttosprint.ch\\\/wp-content\\\/uploads\\\/2018\\\/05\\\/Logo_pos_Tuttosprint-2.png\",\"width\":350,\"height\":55,\"caption\":\"Tuttosprint\"},\"image\":{\"@id\":\"https:\\\/\\\/tuttosprint.ch\\\/#\\\/schema\\\/logo\\\/image\\\/\"}},{\"@type\":\"Person\",\"@id\":\"https:\\\/\\\/tuttosprint.ch\\\/#\\\/schema\\\/person\\\/84dfe95b43201d701bfdc5df5b4fa1f4\",\"name\":\"Red. TSP\",\"image\":{\"@type\":\"ImageObject\",\"inLanguage\":\"de-DE\",\"@id\":\"https:\\\/\\\/secure.gravatar.com\\\/avatar\\\/cf0c9e614551eb65b068b8ae2042e0ec60c802bc0fb815d4ebbd1eff13a2e9ad?s=96&d=mm&r=g\",\"url\":\"https:\\\/\\\/secure.gravatar.com\\\/avatar\\\/cf0c9e614551eb65b068b8ae2042e0ec60c802bc0fb815d4ebbd1eff13a2e9ad?s=96&d=mm&r=g\",\"contentUrl\":\"https:\\\/\\\/secure.gravatar.com\\\/avatar\\\/cf0c9e614551eb65b068b8ae2042e0ec60c802bc0fb815d4ebbd1eff13a2e9ad?s=96&d=mm&r=g\",\"caption\":\"Red. TSP\"},\"url\":\"https:\\\/\\\/tuttosprint.ch\\\/de\\\/author\\\/info_vb03q6f2\\\/\"}]}<\/script>\n<!-- \/ Yoast SEO plugin. -->","yoast_head_json":{"title":"Wallbox f\u00fcr alle - VW bringt den ID. Charger in die Schweiz - Tuttosprint","robots":{"index":"index","follow":"follow","max-snippet":"max-snippet:-1","max-image-preview":"max-image-preview:large","max-video-preview":"max-video-preview:-1"},"canonical":"https:\/\/tuttosprint.ch\/de\/wallbox-fuer-alle-vw-bringt-den-id-charger-in-die-schweiz\/","og_locale":"de_DE","og_type":"article","og_title":"Wallbox f\u00fcr alle - VW bringt den ID. Charger in die Schweiz - Tuttosprint","og_description":"WALLBOX IST ONLINE UND BEIM VOLKSWAGEN H\u00c4NDLER BESTELLBAR &#8211; ER IST AUF\u2026","og_url":"https:\/\/tuttosprint.ch\/de\/wallbox-fuer-alle-vw-bringt-den-id-charger-in-die-schweiz\/","og_site_name":"Tuttosprint","article_published_time":"2020-07-09T08:53:31+00:00","article_modified_time":"2020-07-09T08:53:33+00:00","og_image":[{"width":768,"height":480,"url":"https:\/\/tuttosprint.ch\/wp-content\/uploads\/2020\/07\/VW_ID_Charger_s.jpg","type":"image\/jpeg"}],"author":"Red. TSP","twitter_card":"summary_large_image","twitter_misc":{"Verfasst von":"Red. TSP","Gesch\u00e4tzte Lesezeit":"3 Minuten"},"schema":{"@context":"https:\/\/schema.org","@graph":[{"@type":"Article","@id":"https:\/\/tuttosprint.ch\/de\/wallbox-fuer-alle-vw-bringt-den-id-charger-in-die-schweiz\/#article","isPartOf":{"@id":"https:\/\/tuttosprint.ch\/de\/wallbox-fuer-alle-vw-bringt-den-id-charger-in-die-schweiz\/"},"author":{"name":"Red. TSP","@id":"https:\/\/tuttosprint.ch\/#\/schema\/person\/84dfe95b43201d701bfdc5df5b4fa1f4"},"headline":"Wallbox f\u00fcr alle &#8211; VW bringt den ID. Charger in die Schweiz","datePublished":"2020-07-09T08:53:31+00:00","dateModified":"2020-07-09T08:53:33+00:00","mainEntityOfPage":{"@id":"https:\/\/tuttosprint.ch\/de\/wallbox-fuer-alle-vw-bringt-den-id-charger-in-die-schweiz\/"},"wordCount":562,"commentCount":0,"publisher":{"@id":"https:\/\/tuttosprint.ch\/#organization"},"image":{"@id":"https:\/\/tuttosprint.ch\/de\/wallbox-fuer-alle-vw-bringt-den-id-charger-in-die-schweiz\/#primaryimage"},"thumbnailUrl":"https:\/\/tuttosprint.ch\/wp-content\/uploads\/2020\/07\/VW_ID_Charger_s.jpg","articleSection":["EmobilityTime","News"],"inLanguage":"de-DE"},{"@type":"WebPage","@id":"https:\/\/tuttosprint.ch\/de\/wallbox-fuer-alle-vw-bringt-den-id-charger-in-die-schweiz\/","url":"https:\/\/tuttosprint.ch\/de\/wallbox-fuer-alle-vw-bringt-den-id-charger-in-die-schweiz\/","name":"Wallbox f\u00fcr alle - VW bringt den ID. Charger in die Schweiz - Tuttosprint","isPartOf":{"@id":"https:\/\/tuttosprint.ch\/#website"},"primaryImageOfPage":{"@id":"https:\/\/tuttosprint.ch\/de\/wallbox-fuer-alle-vw-bringt-den-id-charger-in-die-schweiz\/#primaryimage"},"image":{"@id":"https:\/\/tuttosprint.ch\/de\/wallbox-fuer-alle-vw-bringt-den-id-charger-in-die-schweiz\/#primaryimage"},"thumbnailUrl":"https:\/\/tuttosprint.ch\/wp-content\/uploads\/2020\/07\/VW_ID_Charger_s.jpg","datePublished":"2020-07-09T08:53:31+00:00","dateModified":"2020-07-09T08:53:33+00:00","inLanguage":"de-DE","potentialAction":[{"@type":"ReadAction","target":["https:\/\/tuttosprint.ch\/de\/wallbox-fuer-alle-vw-bringt-den-id-charger-in-die-schweiz\/"]}]},{"@type":"ImageObject","inLanguage":"de-DE","@id":"https:\/\/tuttosprint.ch\/de\/wallbox-fuer-alle-vw-bringt-den-id-charger-in-die-schweiz\/#primaryimage","url":"https:\/\/tuttosprint.ch\/wp-content\/uploads\/2020\/07\/VW_ID_Charger_s.jpg","contentUrl":"https:\/\/tuttosprint.ch\/wp-content\/uploads\/2020\/07\/VW_ID_Charger_s.jpg","width":768,"height":480,"caption":"ID.Charger"},{"@type":"WebSite","@id":"https:\/\/tuttosprint.ch\/#website","url":"https:\/\/tuttosprint.ch\/","name":"Tuttosprint","description":"","publisher":{"@id":"https:\/\/tuttosprint.ch\/#organization"},"potentialAction":[{"@type":"SearchAction","target":{"@type":"EntryPoint","urlTemplate":"https:\/\/tuttosprint.ch\/?s={search_term_string}"},"query-input":{"@type":"PropertyValueSpecification","valueRequired":true,"valueName":"search_term_string"}}],"inLanguage":"de-DE"},{"@type":"Organization","@id":"https:\/\/tuttosprint.ch\/#organization","name":"Tuttosprint","url":"https:\/\/tuttosprint.ch\/","logo":{"@type":"ImageObject","inLanguage":"de-DE","@id":"https:\/\/tuttosprint.ch\/#\/schema\/logo\/image\/","url":"https:\/\/tuttosprint.ch\/wp-content\/uploads\/2018\/05\/Logo_pos_Tuttosprint-2.png","contentUrl":"https:\/\/tuttosprint.ch\/wp-content\/uploads\/2018\/05\/Logo_pos_Tuttosprint-2.png","width":350,"height":55,"caption":"Tuttosprint"},"image":{"@id":"https:\/\/tuttosprint.ch\/#\/schema\/logo\/image\/"}},{"@type":"Person","@id":"https:\/\/tuttosprint.ch\/#\/schema\/person\/84dfe95b43201d701bfdc5df5b4fa1f4","name":"Red. TSP","image":{"@type":"ImageObject","inLanguage":"de-DE","@id":"https:\/\/secure.gravatar.com\/avatar\/cf0c9e614551eb65b068b8ae2042e0ec60c802bc0fb815d4ebbd1eff13a2e9ad?s=96&d=mm&r=g","url":"https:\/\/secure.gravatar.com\/avatar\/cf0c9e614551eb65b068b8ae2042e0ec60c802bc0fb815d4ebbd1eff13a2e9ad?s=96&d=mm&r=g","contentUrl":"https:\/\/secure.gravatar.com\/avatar\/cf0c9e614551eb65b068b8ae2042e0ec60c802bc0fb815d4ebbd1eff13a2e9ad?s=96&d=mm&r=g","caption":"Red. TSP"},"url":"https:\/\/tuttosprint.ch\/de\/author\/info_vb03q6f2\/"}]}},"_links":{"self":[{"href":"https:\/\/tuttosprint.ch\/de\/wp-json\/wp\/v2\/posts\/15249","targetHints":{"allow":["GET"]}}],"collection":[{"href":"https:\/\/tuttosprint.ch\/de\/wp-json\/wp\/v2\/posts"}],"about":[{"href":"https:\/\/tuttosprint.ch\/de\/wp-json\/wp\/v2\/types\/post"}],"author":[{"embeddable":true,"href":"https:\/\/tuttosprint.ch\/de\/wp-json\/wp\/v2\/users\/1"}],"replies":[{"embeddable":true,"href":"https:\/\/tuttosprint.ch\/de\/wp-json\/wp\/v2\/comments?post=15249"}],"version-history":[{"count":2,"href":"https:\/\/tuttosprint.ch\/de\/wp-json\/wp\/v2\/posts\/15249\/revisions"}],"predecessor-version":[{"id":15251,"href":"https:\/\/tuttosprint.ch\/de\/wp-json\/wp\/v2\/posts\/15249\/revisions\/15251"}],"wp:featuredmedia":[{"embeddable":true,"href":"https:\/\/tuttosprint.ch\/de\/wp-json\/wp\/v2\/media\/15245"}],"wp:attachment":[{"href":"https:\/\/tuttosprint.ch\/de\/wp-json\/wp\/v2\/media?parent=15249"}],"wp:term":[{"taxonomy":"category","embeddable":true,"href":"https:\/\/tuttosprint.ch\/de\/wp-json\/wp\/v2\/categories?post=15249"},{"taxonomy":"post_tag","embeddable":true,"href":"https:\/\/tuttosprint.ch\/de\/wp-json\/wp\/v2\/tags?post=15249"}],"curies":[{"name":"wp","href":"https:\/\/api.w.org\/{rel}","templated":true}]}}