{"id":2925,"date":"2018-08-20T19:31:37","date_gmt":"2018-08-20T19:31:37","guid":{"rendered":"https:\/\/tuttosprint.ch\/?p=2925"},"modified":"2018-08-20T19:31:37","modified_gmt":"2018-08-20T19:31:37","slug":"fiat-professional-am-mxgp-in-frauenfeld","status":"publish","type":"post","link":"https:\/\/tuttosprint.ch\/de\/fiat-professional-am-mxgp-in-frauenfeld\/","title":{"rendered":"Fiat Professional am MXGP in Frauenfeld"},"content":{"rendered":"<h3>Fiat Professional ist 2018 im dritten Jahr in Folge offizieller Sponsor des FIM MXGP Motocross World Championship<\/h3>\n<p>Demnach sind der Fiat Talento und der Fiat Fullback stets neben der Rennstrecke pr\u00e4sent \u2013 so war es auch bei dem Wettkampf in Frauenfeld. Einsatzbereitschaft und Dynamik sind die ideale Verbindung zwischen der Welt des Sportes und Fiat Professional.<\/p>\n<p>Die Nutzfahrzeuge Fiat Professional von Fiat Chrysler Automobiles (FCA) sind seit 2016 offizieller Sponsor der FIM Motocross-Weltmeisterschaft MXGP. Die Meisterschaft 2018 umfasst 20 Veranstaltungen mit jeweils zwei Rennl\u00e4ufen. W\u00e4hrend der Startschuss Anfang M\u00e4rz in Argentinien fiel, endet der abenteuerliche Wettkampf am 30. September in Italien. Die Rennen in Europa, Argentinien, Indonesien und der T\u00fcrkei locken zahlreiche Zuschauer an.<\/p>\n<p>Die Partnerschaft beruht auf Werten wie Leidenschaft, Beharrlichkeit und Dynamik, welche die Welt des Motocross Sports und Fiat Professional teilen. Passend dazu ist der mehrfache Motocross-Weltmeister Tony Cairoli als Markenbotschafter f\u00fcr den Transport-Spezialisten unterwegs.<\/p>\n<p><strong>Fiat Professional am MXGP in Frauenfeld<\/strong><br \/>\nIn der 16. Runde jagten sich die 40 Fahrer der Motocross-Weltmeisterschaft am 18. und 19 August 2018 auf der pr\u00e4parierten Rennstrecke in Frauenfeld. Die anspruchsvolle Fahrt f\u00fchrte \u00fcber 1\u2018560 Meter und 20 Hindernisse. Mit dabei waren zudem eine Sonderserie des Fiat Fullback sowie der Fiat Talento Easy Pro Plus.<\/p>\n<div id='gallery-1' class='gallery galleryid-2925 gallery-columns-3 gallery-size-large'><figure class='gallery-item'>\n\t\t\t<div class='gallery-icon landscape'>\n\t\t\t\t<a href='https:\/\/tuttosprint.ch\/de\/fiat-professional-am-mxgp-in-frauenfeld\/mxgp_of_switzerland-48347-1\/#main'><img loading=\"lazy\" decoding=\"async\" width=\"425\" height=\"283\" src=\"https:\/\/tuttosprint.ch\/wp-content\/uploads\/2018\/08\/MXGP_of_Switzerland-48347-1.jpg\" class=\"attachment-large size-large\" alt=\"\" srcset=\"https:\/\/tuttosprint.ch\/wp-content\/uploads\/2018\/08\/MXGP_of_Switzerland-48347-1.jpg 425w, https:\/\/tuttosprint.ch\/wp-content\/uploads\/2018\/08\/MXGP_of_Switzerland-48347-1-300x200.jpg 300w, https:\/\/tuttosprint.ch\/wp-content\/uploads\/2018\/08\/MXGP_of_Switzerland-48347-1-150x100.jpg 150w, https:\/\/tuttosprint.ch\/wp-content\/uploads\/2018\/08\/MXGP_of_Switzerland-48347-1-370x247.jpg 370w\" sizes=\"auto, (max-width: 425px) 100vw, 425px\" \/><\/a>\n\t\t\t<\/div><\/figure><figure class='gallery-item'>\n\t\t\t<div class='gallery-icon landscape'>\n\t\t\t\t<a href='https:\/\/tuttosprint.ch\/de\/fiat-professional-am-mxgp-in-frauenfeld\/mxgp_of_switzerland-48333-1\/#main'><img loading=\"lazy\" decoding=\"async\" width=\"425\" height=\"283\" src=\"https:\/\/tuttosprint.ch\/wp-content\/uploads\/2018\/08\/MXGP_of_Switzerland-48333-1.jpg\" class=\"attachment-large size-large\" alt=\"\" srcset=\"https:\/\/tuttosprint.ch\/wp-content\/uploads\/2018\/08\/MXGP_of_Switzerland-48333-1.jpg 425w, https:\/\/tuttosprint.ch\/wp-content\/uploads\/2018\/08\/MXGP_of_Switzerland-48333-1-300x200.jpg 300w, https:\/\/tuttosprint.ch\/wp-content\/uploads\/2018\/08\/MXGP_of_Switzerland-48333-1-150x100.jpg 150w, https:\/\/tuttosprint.ch\/wp-content\/uploads\/2018\/08\/MXGP_of_Switzerland-48333-1-370x247.jpg 370w\" sizes=\"auto, (max-width: 425px) 100vw, 425px\" \/><\/a>\n\t\t\t<\/div><\/figure><figure class='gallery-item'>\n\t\t\t<div class='gallery-icon landscape'>\n\t\t\t\t<a href='https:\/\/tuttosprint.ch\/de\/fiat-professional-am-mxgp-in-frauenfeld\/mxgp_of_switzerland-48335-1\/#main'><img loading=\"lazy\" decoding=\"async\" width=\"425\" height=\"283\" src=\"https:\/\/tuttosprint.ch\/wp-content\/uploads\/2018\/08\/MXGP_of_Switzerland-48335-1.jpg\" class=\"attachment-large size-large\" alt=\"\" srcset=\"https:\/\/tuttosprint.ch\/wp-content\/uploads\/2018\/08\/MXGP_of_Switzerland-48335-1.jpg 425w, https:\/\/tuttosprint.ch\/wp-content\/uploads\/2018\/08\/MXGP_of_Switzerland-48335-1-300x200.jpg 300w, https:\/\/tuttosprint.ch\/wp-content\/uploads\/2018\/08\/MXGP_of_Switzerland-48335-1-150x100.jpg 150w, https:\/\/tuttosprint.ch\/wp-content\/uploads\/2018\/08\/MXGP_of_Switzerland-48335-1-370x247.jpg 370w\" sizes=\"auto, (max-width: 425px) 100vw, 425px\" \/><\/a>\n\t\t\t<\/div><\/figure><figure class='gallery-item'>\n\t\t\t<div class='gallery-icon landscape'>\n\t\t\t\t<a href='https:\/\/tuttosprint.ch\/de\/fiat-professional-am-mxgp-in-frauenfeld\/cairoli-fiat-prof-mxgp_of_switzerland-51476-3\/#main'><img loading=\"lazy\" decoding=\"async\" width=\"425\" height=\"283\" src=\"https:\/\/tuttosprint.ch\/wp-content\/uploads\/2018\/08\/Cairoli-Fiat-Prof-MXGP_of_Switzerland-51476-3.jpg\" class=\"attachment-large size-large\" alt=\"\" srcset=\"https:\/\/tuttosprint.ch\/wp-content\/uploads\/2018\/08\/Cairoli-Fiat-Prof-MXGP_of_Switzerland-51476-3.jpg 425w, https:\/\/tuttosprint.ch\/wp-content\/uploads\/2018\/08\/Cairoli-Fiat-Prof-MXGP_of_Switzerland-51476-3-300x200.jpg 300w, https:\/\/tuttosprint.ch\/wp-content\/uploads\/2018\/08\/Cairoli-Fiat-Prof-MXGP_of_Switzerland-51476-3-150x100.jpg 150w, https:\/\/tuttosprint.ch\/wp-content\/uploads\/2018\/08\/Cairoli-Fiat-Prof-MXGP_of_Switzerland-51476-3-370x247.jpg 370w\" sizes=\"auto, (max-width: 425px) 100vw, 425px\" \/><\/a>\n\t\t\t<\/div><\/figure><figure class='gallery-item'>\n\t\t\t<div class='gallery-icon landscape'>\n\t\t\t\t<a href='https:\/\/tuttosprint.ch\/de\/fiat-professional-am-mxgp-in-frauenfeld\/mxgp_of_switzerland-48301-1\/#main'><img loading=\"lazy\" decoding=\"async\" width=\"425\" height=\"283\" src=\"https:\/\/tuttosprint.ch\/wp-content\/uploads\/2018\/08\/MXGP_of_Switzerland-48301-1.jpg\" class=\"attachment-large size-large\" alt=\"\" srcset=\"https:\/\/tuttosprint.ch\/wp-content\/uploads\/2018\/08\/MXGP_of_Switzerland-48301-1.jpg 425w, https:\/\/tuttosprint.ch\/wp-content\/uploads\/2018\/08\/MXGP_of_Switzerland-48301-1-300x200.jpg 300w, https:\/\/tuttosprint.ch\/wp-content\/uploads\/2018\/08\/MXGP_of_Switzerland-48301-1-150x100.jpg 150w, https:\/\/tuttosprint.ch\/wp-content\/uploads\/2018\/08\/MXGP_of_Switzerland-48301-1-370x247.jpg 370w\" sizes=\"auto, (max-width: 425px) 100vw, 425px\" \/><\/a>\n\t\t\t<\/div><\/figure><figure class='gallery-item'>\n\t\t\t<div class='gallery-icon landscape'>\n\t\t\t\t<a href='https:\/\/tuttosprint.ch\/de\/fiat-professional-am-mxgp-in-frauenfeld\/mxgp_of_switzerland-48309-2\/#main'><img loading=\"lazy\" decoding=\"async\" width=\"425\" height=\"283\" src=\"https:\/\/tuttosprint.ch\/wp-content\/uploads\/2018\/08\/MXGP_of_Switzerland-48309-2.jpg\" class=\"attachment-large size-large\" alt=\"\" srcset=\"https:\/\/tuttosprint.ch\/wp-content\/uploads\/2018\/08\/MXGP_of_Switzerland-48309-2.jpg 425w, https:\/\/tuttosprint.ch\/wp-content\/uploads\/2018\/08\/MXGP_of_Switzerland-48309-2-300x200.jpg 300w, https:\/\/tuttosprint.ch\/wp-content\/uploads\/2018\/08\/MXGP_of_Switzerland-48309-2-150x100.jpg 150w, https:\/\/tuttosprint.ch\/wp-content\/uploads\/2018\/08\/MXGP_of_Switzerland-48309-2-370x247.jpg 370w\" sizes=\"auto, (max-width: 425px) 100vw, 425px\" \/><\/a>\n\t\t\t<\/div><\/figure><figure class='gallery-item'>\n\t\t\t<div class='gallery-icon landscape'>\n\t\t\t\t<a href='https:\/\/tuttosprint.ch\/de\/fiat-professional-am-mxgp-in-frauenfeld\/mxgp_of_switzerland-0033-1\/#main'><img loading=\"lazy\" decoding=\"async\" width=\"425\" height=\"283\" src=\"https:\/\/tuttosprint.ch\/wp-content\/uploads\/2018\/08\/MXGP_Of_Switzerland-0033-1.jpg\" class=\"attachment-large size-large\" alt=\"\" srcset=\"https:\/\/tuttosprint.ch\/wp-content\/uploads\/2018\/08\/MXGP_Of_Switzerland-0033-1.jpg 425w, https:\/\/tuttosprint.ch\/wp-content\/uploads\/2018\/08\/MXGP_Of_Switzerland-0033-1-300x200.jpg 300w, https:\/\/tuttosprint.ch\/wp-content\/uploads\/2018\/08\/MXGP_Of_Switzerland-0033-1-150x100.jpg 150w, https:\/\/tuttosprint.ch\/wp-content\/uploads\/2018\/08\/MXGP_Of_Switzerland-0033-1-370x247.jpg 370w\" sizes=\"auto, (max-width: 425px) 100vw, 425px\" \/><\/a>\n\t\t\t<\/div><\/figure><figure class='gallery-item'>\n\t\t\t<div class='gallery-icon landscape'>\n\t\t\t\t<a href='https:\/\/tuttosprint.ch\/de\/fiat-professional-am-mxgp-in-frauenfeld\/mxgp_of_switzerland-0096-1\/#main'><img loading=\"lazy\" decoding=\"async\" width=\"425\" height=\"283\" src=\"https:\/\/tuttosprint.ch\/wp-content\/uploads\/2018\/08\/MXGP_Of_Switzerland-0096-1.jpg\" class=\"attachment-large size-large\" alt=\"\" srcset=\"https:\/\/tuttosprint.ch\/wp-content\/uploads\/2018\/08\/MXGP_Of_Switzerland-0096-1.jpg 425w, https:\/\/tuttosprint.ch\/wp-content\/uploads\/2018\/08\/MXGP_Of_Switzerland-0096-1-300x200.jpg 300w, https:\/\/tuttosprint.ch\/wp-content\/uploads\/2018\/08\/MXGP_Of_Switzerland-0096-1-150x100.jpg 150w, https:\/\/tuttosprint.ch\/wp-content\/uploads\/2018\/08\/MXGP_Of_Switzerland-0096-1-370x247.jpg 370w\" sizes=\"auto, (max-width: 425px) 100vw, 425px\" \/><\/a>\n\t\t\t<\/div><\/figure><figure class='gallery-item'>\n\t\t\t<div class='gallery-icon landscape'>\n\t\t\t\t<a href='https:\/\/tuttosprint.ch\/de\/fiat-professional-am-mxgp-in-frauenfeld\/mxgp_of_switzerland-48319-1\/#main'><img loading=\"lazy\" decoding=\"async\" width=\"425\" height=\"283\" src=\"https:\/\/tuttosprint.ch\/wp-content\/uploads\/2018\/08\/MXGP_of_Switzerland-48319-1.jpg\" class=\"attachment-large size-large\" alt=\"\" srcset=\"https:\/\/tuttosprint.ch\/wp-content\/uploads\/2018\/08\/MXGP_of_Switzerland-48319-1.jpg 425w, https:\/\/tuttosprint.ch\/wp-content\/uploads\/2018\/08\/MXGP_of_Switzerland-48319-1-300x200.jpg 300w, https:\/\/tuttosprint.ch\/wp-content\/uploads\/2018\/08\/MXGP_of_Switzerland-48319-1-150x100.jpg 150w, https:\/\/tuttosprint.ch\/wp-content\/uploads\/2018\/08\/MXGP_of_Switzerland-48319-1-370x247.jpg 370w\" sizes=\"auto, (max-width: 425px) 100vw, 425px\" \/><\/a>\n\t\t\t<\/div><\/figure>\n\t\t<\/div>\n\n<p><strong>Sonderserie Fiat FullbLack<\/strong><br \/>\nDie Sonderserie Fiat FullbLack ist mit schwarzem Mopar-Zubeh\u00f6r ausgestattet. Damit vereint der Pick up von Fiat Professional Kraft und Robustheit mit einer modernen Lifestyle Ausstrahlung. Das Nutzfahrzeug ist mit einem 2,4-Liter-Turbodieselmotor mit Common-Rail-Einspritzung, 181 PS (133 kW) und 430 Nm ausgestattet und bietet zwei Getriebearten: Sechsgang-Schaltgetriebe oder F\u00fcnfgang-Automatikgetriebe mit Allradantrieb. Somit ist das Modell wie geschaffen f\u00fcr den harten Einsatz am Rande der MotocrossRennstrecken. Der Fiat FullbLack ist in der Schweiz ab CHF 40\u2018600 (exkl. MwSt.) erh\u00e4ltlich.<\/p>\n<p><strong>Talento Easy Pro Plus<\/strong><br \/>\nDer Fiat Talento Easy Pro Plus ist ein wahres Multitalent. Das agile Nutzfahrzeug bietet viel Ladeverm\u00f6gen bei gleichzeitig kompakter Abmessung und einem Gesamtgewicht von 2,9 Tonnen. Angetrieben wird der Talento Easy Pro Plus von einem 1.6 Multijet-Turbodiesel mit 120 PS. Den Fiat Talento Pro Easy Plus gibt es in der Schweiz ab CHF 20\u2018990 (exkl. MwSt.). In diesem Spezial-Package ist folgende Ausstattung enthalten: Radio, MP3, DAB, Bluetooth, 7&#8243; Touchscreen, Navigationssystem mit Karte Schweiz und Lenkradfernbedienung; manuelle Klimaanlage; R\u00fcckfahrkamera mit Parksensoren hinten; Regen- und D\u00e4mmerungssensor; Nebelscheinwerfe; Sitzbez\u00fcge Jeanno Black.<\/p>\n","protected":false},"excerpt":{"rendered":"<p>Fiat Professional ist 2018 im dritten Jahr in Folge offizieller Sponsor des\u2026<\/p>\n","protected":false},"author":1,"featured_media":2926,"comment_status":"open","ping_status":"open","sticky":false,"template":"","format":"image","meta":{"footnotes":""},"categories":[22,21,24],"tags":[],"class_list":["post-2925","post","type-post","status-publish","format-image","has-post-thumbnail","hentry","category-auto-moto-de","category-news","category-puntoit-de","post_format-post-format-image"],"yoast_head":"<!-- This site is optimized with the Yoast SEO plugin v27.4 - https:\/\/yoast.com\/product\/yoast-seo-wordpress\/ -->\n<title>Fiat Professional am MXGP in Frauenfeld - Tuttosprint<\/title>\n<meta name=\"robots\" content=\"index, follow, max-snippet:-1, max-image-preview:large, max-video-preview:-1\" \/>\n<link rel=\"canonical\" href=\"https:\/\/tuttosprint.ch\/de\/fiat-professional-am-mxgp-in-frauenfeld\/\" \/>\n<meta property=\"og:locale\" content=\"de_DE\" \/>\n<meta property=\"og:type\" content=\"article\" \/>\n<meta property=\"og:title\" content=\"Fiat Professional am MXGP in Frauenfeld - Tuttosprint\" \/>\n<meta property=\"og:description\" content=\"Fiat Professional ist 2018 im dritten Jahr in Folge offizieller Sponsor des\u2026\" \/>\n<meta property=\"og:url\" content=\"https:\/\/tuttosprint.ch\/de\/fiat-professional-am-mxgp-in-frauenfeld\/\" \/>\n<meta property=\"og:site_name\" content=\"Tuttosprint\" \/>\n<meta property=\"article:published_time\" content=\"2018-08-20T19:31:37+00:00\" \/>\n<meta property=\"og:image\" content=\"https:\/\/tuttosprint.ch\/wp-content\/uploads\/2018\/08\/MXGP_of_Switzerland-48395-1.jpg\" \/>\n\t<meta property=\"og:image:width\" content=\"1772\" \/>\n\t<meta property=\"og:image:height\" content=\"1179\" \/>\n\t<meta property=\"og:image:type\" content=\"image\/jpeg\" \/>\n<meta name=\"author\" content=\"Red. TSP\" \/>\n<meta name=\"twitter:card\" content=\"summary_large_image\" \/>\n<meta name=\"twitter:label1\" content=\"Verfasst von\" \/>\n\t<meta name=\"twitter:data1\" content=\"Red. TSP\" \/>\n\t<meta name=\"twitter:label2\" content=\"Gesch\u00e4tzte Lesezeit\" \/>\n\t<meta name=\"twitter:data2\" content=\"2 Minuten\" \/>\n<script type=\"application\/ld+json\" class=\"yoast-schema-graph\">{\"@context\":\"https:\\\/\\\/schema.org\",\"@graph\":[{\"@type\":\"Article\",\"@id\":\"https:\\\/\\\/tuttosprint.ch\\\/de\\\/fiat-professional-am-mxgp-in-frauenfeld\\\/#article\",\"isPartOf\":{\"@id\":\"https:\\\/\\\/tuttosprint.ch\\\/de\\\/fiat-professional-am-mxgp-in-frauenfeld\\\/\"},\"author\":{\"name\":\"Red. TSP\",\"@id\":\"https:\\\/\\\/tuttosprint.ch\\\/#\\\/schema\\\/person\\\/84dfe95b43201d701bfdc5df5b4fa1f4\"},\"headline\":\"Fiat Professional am MXGP in Frauenfeld\",\"datePublished\":\"2018-08-20T19:31:37+00:00\",\"mainEntityOfPage\":{\"@id\":\"https:\\\/\\\/tuttosprint.ch\\\/de\\\/fiat-professional-am-mxgp-in-frauenfeld\\\/\"},\"wordCount\":379,\"commentCount\":0,\"publisher\":{\"@id\":\"https:\\\/\\\/tuttosprint.ch\\\/#organization\"},\"image\":{\"@id\":\"https:\\\/\\\/tuttosprint.ch\\\/de\\\/fiat-professional-am-mxgp-in-frauenfeld\\\/#primaryimage\"},\"thumbnailUrl\":\"https:\\\/\\\/tuttosprint.ch\\\/wp-content\\\/uploads\\\/2018\\\/08\\\/MXGP_of_Switzerland-48395-1.jpg\",\"articleSection\":[\"Auto\\\/Moto\",\"News\",\"Puntoit\"],\"inLanguage\":\"de-DE\"},{\"@type\":\"WebPage\",\"@id\":\"https:\\\/\\\/tuttosprint.ch\\\/de\\\/fiat-professional-am-mxgp-in-frauenfeld\\\/\",\"url\":\"https:\\\/\\\/tuttosprint.ch\\\/de\\\/fiat-professional-am-mxgp-in-frauenfeld\\\/\",\"name\":\"Fiat Professional am MXGP in Frauenfeld - Tuttosprint\",\"isPartOf\":{\"@id\":\"https:\\\/\\\/tuttosprint.ch\\\/#website\"},\"primaryImageOfPage\":{\"@id\":\"https:\\\/\\\/tuttosprint.ch\\\/de\\\/fiat-professional-am-mxgp-in-frauenfeld\\\/#primaryimage\"},\"image\":{\"@id\":\"https:\\\/\\\/tuttosprint.ch\\\/de\\\/fiat-professional-am-mxgp-in-frauenfeld\\\/#primaryimage\"},\"thumbnailUrl\":\"https:\\\/\\\/tuttosprint.ch\\\/wp-content\\\/uploads\\\/2018\\\/08\\\/MXGP_of_Switzerland-48395-1.jpg\",\"datePublished\":\"2018-08-20T19:31:37+00:00\",\"inLanguage\":\"de-DE\",\"potentialAction\":[{\"@type\":\"ReadAction\",\"target\":[\"https:\\\/\\\/tuttosprint.ch\\\/de\\\/fiat-professional-am-mxgp-in-frauenfeld\\\/\"]}]},{\"@type\":\"ImageObject\",\"inLanguage\":\"de-DE\",\"@id\":\"https:\\\/\\\/tuttosprint.ch\\\/de\\\/fiat-professional-am-mxgp-in-frauenfeld\\\/#primaryimage\",\"url\":\"https:\\\/\\\/tuttosprint.ch\\\/wp-content\\\/uploads\\\/2018\\\/08\\\/MXGP_of_Switzerland-48395-1.jpg\",\"contentUrl\":\"https:\\\/\\\/tuttosprint.ch\\\/wp-content\\\/uploads\\\/2018\\\/08\\\/MXGP_of_Switzerland-48395-1.jpg\",\"width\":1772,\"height\":1179},{\"@type\":\"WebSite\",\"@id\":\"https:\\\/\\\/tuttosprint.ch\\\/#website\",\"url\":\"https:\\\/\\\/tuttosprint.ch\\\/\",\"name\":\"Tuttosprint\",\"description\":\"\",\"publisher\":{\"@id\":\"https:\\\/\\\/tuttosprint.ch\\\/#organization\"},\"potentialAction\":[{\"@type\":\"SearchAction\",\"target\":{\"@type\":\"EntryPoint\",\"urlTemplate\":\"https:\\\/\\\/tuttosprint.ch\\\/?s={search_term_string}\"},\"query-input\":{\"@type\":\"PropertyValueSpecification\",\"valueRequired\":true,\"valueName\":\"search_term_string\"}}],\"inLanguage\":\"de-DE\"},{\"@type\":\"Organization\",\"@id\":\"https:\\\/\\\/tuttosprint.ch\\\/#organization\",\"name\":\"Tuttosprint\",\"url\":\"https:\\\/\\\/tuttosprint.ch\\\/\",\"logo\":{\"@type\":\"ImageObject\",\"inLanguage\":\"de-DE\",\"@id\":\"https:\\\/\\\/tuttosprint.ch\\\/#\\\/schema\\\/logo\\\/image\\\/\",\"url\":\"https:\\\/\\\/tuttosprint.ch\\\/wp-content\\\/uploads\\\/2018\\\/05\\\/Logo_pos_Tuttosprint-2.png\",\"contentUrl\":\"https:\\\/\\\/tuttosprint.ch\\\/wp-content\\\/uploads\\\/2018\\\/05\\\/Logo_pos_Tuttosprint-2.png\",\"width\":350,\"height\":55,\"caption\":\"Tuttosprint\"},\"image\":{\"@id\":\"https:\\\/\\\/tuttosprint.ch\\\/#\\\/schema\\\/logo\\\/image\\\/\"}},{\"@type\":\"Person\",\"@id\":\"https:\\\/\\\/tuttosprint.ch\\\/#\\\/schema\\\/person\\\/84dfe95b43201d701bfdc5df5b4fa1f4\",\"name\":\"Red. TSP\",\"image\":{\"@type\":\"ImageObject\",\"inLanguage\":\"de-DE\",\"@id\":\"https:\\\/\\\/secure.gravatar.com\\\/avatar\\\/cf0c9e614551eb65b068b8ae2042e0ec60c802bc0fb815d4ebbd1eff13a2e9ad?s=96&d=mm&r=g\",\"url\":\"https:\\\/\\\/secure.gravatar.com\\\/avatar\\\/cf0c9e614551eb65b068b8ae2042e0ec60c802bc0fb815d4ebbd1eff13a2e9ad?s=96&d=mm&r=g\",\"contentUrl\":\"https:\\\/\\\/secure.gravatar.com\\\/avatar\\\/cf0c9e614551eb65b068b8ae2042e0ec60c802bc0fb815d4ebbd1eff13a2e9ad?s=96&d=mm&r=g\",\"caption\":\"Red. TSP\"},\"url\":\"https:\\\/\\\/tuttosprint.ch\\\/de\\\/author\\\/info_vb03q6f2\\\/\"}]}<\/script>\n<!-- \/ Yoast SEO plugin. -->","yoast_head_json":{"title":"Fiat Professional am MXGP in Frauenfeld - Tuttosprint","robots":{"index":"index","follow":"follow","max-snippet":"max-snippet:-1","max-image-preview":"max-image-preview:large","max-video-preview":"max-video-preview:-1"},"canonical":"https:\/\/tuttosprint.ch\/de\/fiat-professional-am-mxgp-in-frauenfeld\/","og_locale":"de_DE","og_type":"article","og_title":"Fiat Professional am MXGP in Frauenfeld - Tuttosprint","og_description":"Fiat Professional ist 2018 im dritten Jahr in Folge offizieller Sponsor des\u2026","og_url":"https:\/\/tuttosprint.ch\/de\/fiat-professional-am-mxgp-in-frauenfeld\/","og_site_name":"Tuttosprint","article_published_time":"2018-08-20T19:31:37+00:00","og_image":[{"width":1772,"height":1179,"url":"https:\/\/tuttosprint.ch\/wp-content\/uploads\/2018\/08\/MXGP_of_Switzerland-48395-1.jpg","type":"image\/jpeg"}],"author":"Red. TSP","twitter_card":"summary_large_image","twitter_misc":{"Verfasst von":"Red. TSP","Gesch\u00e4tzte Lesezeit":"2 Minuten"},"schema":{"@context":"https:\/\/schema.org","@graph":[{"@type":"Article","@id":"https:\/\/tuttosprint.ch\/de\/fiat-professional-am-mxgp-in-frauenfeld\/#article","isPartOf":{"@id":"https:\/\/tuttosprint.ch\/de\/fiat-professional-am-mxgp-in-frauenfeld\/"},"author":{"name":"Red. TSP","@id":"https:\/\/tuttosprint.ch\/#\/schema\/person\/84dfe95b43201d701bfdc5df5b4fa1f4"},"headline":"Fiat Professional am MXGP in Frauenfeld","datePublished":"2018-08-20T19:31:37+00:00","mainEntityOfPage":{"@id":"https:\/\/tuttosprint.ch\/de\/fiat-professional-am-mxgp-in-frauenfeld\/"},"wordCount":379,"commentCount":0,"publisher":{"@id":"https:\/\/tuttosprint.ch\/#organization"},"image":{"@id":"https:\/\/tuttosprint.ch\/de\/fiat-professional-am-mxgp-in-frauenfeld\/#primaryimage"},"thumbnailUrl":"https:\/\/tuttosprint.ch\/wp-content\/uploads\/2018\/08\/MXGP_of_Switzerland-48395-1.jpg","articleSection":["Auto\/Moto","News","Puntoit"],"inLanguage":"de-DE"},{"@type":"WebPage","@id":"https:\/\/tuttosprint.ch\/de\/fiat-professional-am-mxgp-in-frauenfeld\/","url":"https:\/\/tuttosprint.ch\/de\/fiat-professional-am-mxgp-in-frauenfeld\/","name":"Fiat Professional am MXGP in Frauenfeld - Tuttosprint","isPartOf":{"@id":"https:\/\/tuttosprint.ch\/#website"},"primaryImageOfPage":{"@id":"https:\/\/tuttosprint.ch\/de\/fiat-professional-am-mxgp-in-frauenfeld\/#primaryimage"},"image":{"@id":"https:\/\/tuttosprint.ch\/de\/fiat-professional-am-mxgp-in-frauenfeld\/#primaryimage"},"thumbnailUrl":"https:\/\/tuttosprint.ch\/wp-content\/uploads\/2018\/08\/MXGP_of_Switzerland-48395-1.jpg","datePublished":"2018-08-20T19:31:37+00:00","inLanguage":"de-DE","potentialAction":[{"@type":"ReadAction","target":["https:\/\/tuttosprint.ch\/de\/fiat-professional-am-mxgp-in-frauenfeld\/"]}]},{"@type":"ImageObject","inLanguage":"de-DE","@id":"https:\/\/tuttosprint.ch\/de\/fiat-professional-am-mxgp-in-frauenfeld\/#primaryimage","url":"https:\/\/tuttosprint.ch\/wp-content\/uploads\/2018\/08\/MXGP_of_Switzerland-48395-1.jpg","contentUrl":"https:\/\/tuttosprint.ch\/wp-content\/uploads\/2018\/08\/MXGP_of_Switzerland-48395-1.jpg","width":1772,"height":1179},{"@type":"WebSite","@id":"https:\/\/tuttosprint.ch\/#website","url":"https:\/\/tuttosprint.ch\/","name":"Tuttosprint","description":"","publisher":{"@id":"https:\/\/tuttosprint.ch\/#organization"},"potentialAction":[{"@type":"SearchAction","target":{"@type":"EntryPoint","urlTemplate":"https:\/\/tuttosprint.ch\/?s={search_term_string}"},"query-input":{"@type":"PropertyValueSpecification","valueRequired":true,"valueName":"search_term_string"}}],"inLanguage":"de-DE"},{"@type":"Organization","@id":"https:\/\/tuttosprint.ch\/#organization","name":"Tuttosprint","url":"https:\/\/tuttosprint.ch\/","logo":{"@type":"ImageObject","inLanguage":"de-DE","@id":"https:\/\/tuttosprint.ch\/#\/schema\/logo\/image\/","url":"https:\/\/tuttosprint.ch\/wp-content\/uploads\/2018\/05\/Logo_pos_Tuttosprint-2.png","contentUrl":"https:\/\/tuttosprint.ch\/wp-content\/uploads\/2018\/05\/Logo_pos_Tuttosprint-2.png","width":350,"height":55,"caption":"Tuttosprint"},"image":{"@id":"https:\/\/tuttosprint.ch\/#\/schema\/logo\/image\/"}},{"@type":"Person","@id":"https:\/\/tuttosprint.ch\/#\/schema\/person\/84dfe95b43201d701bfdc5df5b4fa1f4","name":"Red. TSP","image":{"@type":"ImageObject","inLanguage":"de-DE","@id":"https:\/\/secure.gravatar.com\/avatar\/cf0c9e614551eb65b068b8ae2042e0ec60c802bc0fb815d4ebbd1eff13a2e9ad?s=96&d=mm&r=g","url":"https:\/\/secure.gravatar.com\/avatar\/cf0c9e614551eb65b068b8ae2042e0ec60c802bc0fb815d4ebbd1eff13a2e9ad?s=96&d=mm&r=g","contentUrl":"https:\/\/secure.gravatar.com\/avatar\/cf0c9e614551eb65b068b8ae2042e0ec60c802bc0fb815d4ebbd1eff13a2e9ad?s=96&d=mm&r=g","caption":"Red. TSP"},"url":"https:\/\/tuttosprint.ch\/de\/author\/info_vb03q6f2\/"}]}},"_links":{"self":[{"href":"https:\/\/tuttosprint.ch\/de\/wp-json\/wp\/v2\/posts\/2925","targetHints":{"allow":["GET"]}}],"collection":[{"href":"https:\/\/tuttosprint.ch\/de\/wp-json\/wp\/v2\/posts"}],"about":[{"href":"https:\/\/tuttosprint.ch\/de\/wp-json\/wp\/v2\/types\/post"}],"author":[{"embeddable":true,"href":"https:\/\/tuttosprint.ch\/de\/wp-json\/wp\/v2\/users\/1"}],"replies":[{"embeddable":true,"href":"https:\/\/tuttosprint.ch\/de\/wp-json\/wp\/v2\/comments?post=2925"}],"version-history":[{"count":1,"href":"https:\/\/tuttosprint.ch\/de\/wp-json\/wp\/v2\/posts\/2925\/revisions"}],"predecessor-version":[{"id":2946,"href":"https:\/\/tuttosprint.ch\/de\/wp-json\/wp\/v2\/posts\/2925\/revisions\/2946"}],"wp:featuredmedia":[{"embeddable":true,"href":"https:\/\/tuttosprint.ch\/de\/wp-json\/wp\/v2\/media\/2926"}],"wp:attachment":[{"href":"https:\/\/tuttosprint.ch\/de\/wp-json\/wp\/v2\/media?parent=2925"}],"wp:term":[{"taxonomy":"category","embeddable":true,"href":"https:\/\/tuttosprint.ch\/de\/wp-json\/wp\/v2\/categories?post=2925"},{"taxonomy":"post_tag","embeddable":true,"href":"https:\/\/tuttosprint.ch\/de\/wp-json\/wp\/v2\/tags?post=2925"}],"curies":[{"name":"wp","href":"https:\/\/api.w.org\/{rel}","templated":true}]}}