{"id":3847,"date":"2018-10-03T11:36:19","date_gmt":"2018-10-03T11:36:19","guid":{"rendered":"https:\/\/tuttosprint.ch\/?p=3847"},"modified":"2018-10-03T11:43:56","modified_gmt":"2018-10-03T11:43:56","slug":"das-motorrad-highlight-des-jahres-intermot-2018","status":"publish","type":"post","link":"https:\/\/tuttosprint.ch\/de\/das-motorrad-highlight-des-jahres-intermot-2018\/","title":{"rendered":"Das Motorrad-Highlight des Jahres \u2013 INTERMOT"},"content":{"rendered":"<h3>Zahlreiche Weltpremieren und starke Pr\u00e4sentationen in K\u00f6ln &#8211;<\/h3>\n<p>F\u00fcr die Motorrad- und Roller-Fans aus der ganzen Welt ist es das Highlight des Jahres: die INTERMOT, Internationale Motorrad-, Roller- und E-Bike Messe, vom 3. bis 7. Oktober 2018. \u00dcber 1.000 ausstellende Unternehmen und Marken aus rund 40 L\u00e4ndern, darunter alle Big Brands, pr\u00e4sentieren dem internationalen Fachhandel und der Biker-Gemeinde die neuesten Modelle und Produktinnovationen.\u00a0 Das Angebot der INTERMOT umfasst neben Motorr\u00e4dern und Motorrollern auch die Bereiche Zubeh\u00f6r, Bekleidung, Teile, Customizing, Reisen und Werkstattausr\u00fcstung. Die INTERMOT wird von der Koelnmesse GmbH durchgef\u00fchrt, ideeller Tr\u00e4ger der Veranstaltung ist der Industrie-Verband Motorrad Deutschland, IVM e.V., Essen.<\/p>\n<div id='gallery-1' class='gallery galleryid-3847 gallery-columns-6 gallery-size-full'><figure class='gallery-item'>\n\t\t\t<div class='gallery-icon landscape'>\n\t\t\t\t<a href='https:\/\/tuttosprint.ch\/de\/das-motorrad-highlight-des-jahres-intermot-2018\/harley-davidson-fxdr-114-halle-9\/#main'><img loading=\"lazy\" decoding=\"async\" width=\"800\" height=\"533\" src=\"https:\/\/tuttosprint.ch\/wp-content\/uploads\/2018\/10\/Harley-Davidson-FXDR-114-Halle-9.png\" class=\"attachment-full size-full\" alt=\"\" srcset=\"https:\/\/tuttosprint.ch\/wp-content\/uploads\/2018\/10\/Harley-Davidson-FXDR-114-Halle-9.png 800w, https:\/\/tuttosprint.ch\/wp-content\/uploads\/2018\/10\/Harley-Davidson-FXDR-114-Halle-9-300x200.png 300w, https:\/\/tuttosprint.ch\/wp-content\/uploads\/2018\/10\/Harley-Davidson-FXDR-114-Halle-9-768x512.png 768w, https:\/\/tuttosprint.ch\/wp-content\/uploads\/2018\/10\/Harley-Davidson-FXDR-114-Halle-9-435x290.png 435w, https:\/\/tuttosprint.ch\/wp-content\/uploads\/2018\/10\/Harley-Davidson-FXDR-114-Halle-9-150x100.png 150w, https:\/\/tuttosprint.ch\/wp-content\/uploads\/2018\/10\/Harley-Davidson-FXDR-114-Halle-9-370x247.png 370w\" sizes=\"auto, (max-width: 800px) 100vw, 800px\" \/><\/a>\n\t\t\t<\/div><\/figure><figure class='gallery-item'>\n\t\t\t<div class='gallery-icon landscape'>\n\t\t\t\t<a href='https:\/\/tuttosprint.ch\/de\/das-motorrad-highlight-des-jahres-intermot-2018\/pressekonferenz-harley-davidson-fxdr-114-halle-9\/#main'><img loading=\"lazy\" decoding=\"async\" width=\"800\" height=\"533\" src=\"https:\/\/tuttosprint.ch\/wp-content\/uploads\/2018\/10\/Pressekonferenz-Harley-Davidson-FXDR-114-Halle-9.png\" class=\"attachment-full size-full\" alt=\"\" srcset=\"https:\/\/tuttosprint.ch\/wp-content\/uploads\/2018\/10\/Pressekonferenz-Harley-Davidson-FXDR-114-Halle-9.png 800w, https:\/\/tuttosprint.ch\/wp-content\/uploads\/2018\/10\/Pressekonferenz-Harley-Davidson-FXDR-114-Halle-9-300x200.png 300w, https:\/\/tuttosprint.ch\/wp-content\/uploads\/2018\/10\/Pressekonferenz-Harley-Davidson-FXDR-114-Halle-9-768x512.png 768w, https:\/\/tuttosprint.ch\/wp-content\/uploads\/2018\/10\/Pressekonferenz-Harley-Davidson-FXDR-114-Halle-9-435x290.png 435w, https:\/\/tuttosprint.ch\/wp-content\/uploads\/2018\/10\/Pressekonferenz-Harley-Davidson-FXDR-114-Halle-9-150x100.png 150w, https:\/\/tuttosprint.ch\/wp-content\/uploads\/2018\/10\/Pressekonferenz-Harley-Davidson-FXDR-114-Halle-9-370x247.png 370w\" sizes=\"auto, (max-width: 800px) 100vw, 800px\" \/><\/a>\n\t\t\t<\/div><\/figure><figure class='gallery-item'>\n\t\t\t<div class='gallery-icon landscape'>\n\t\t\t\t<a href='https:\/\/tuttosprint.ch\/de\/das-motorrad-highlight-des-jahres-intermot-2018\/pressekonferenz-hjc-halle-8\/#main'><img loading=\"lazy\" decoding=\"async\" width=\"800\" height=\"534\" src=\"https:\/\/tuttosprint.ch\/wp-content\/uploads\/2018\/10\/Pressekonferenz-HJC-Halle-8.png\" class=\"attachment-full size-full\" alt=\"\" srcset=\"https:\/\/tuttosprint.ch\/wp-content\/uploads\/2018\/10\/Pressekonferenz-HJC-Halle-8.png 800w, https:\/\/tuttosprint.ch\/wp-content\/uploads\/2018\/10\/Pressekonferenz-HJC-Halle-8-300x200.png 300w, https:\/\/tuttosprint.ch\/wp-content\/uploads\/2018\/10\/Pressekonferenz-HJC-Halle-8-768x513.png 768w, https:\/\/tuttosprint.ch\/wp-content\/uploads\/2018\/10\/Pressekonferenz-HJC-Halle-8-435x290.png 435w, https:\/\/tuttosprint.ch\/wp-content\/uploads\/2018\/10\/Pressekonferenz-HJC-Halle-8-150x100.png 150w, https:\/\/tuttosprint.ch\/wp-content\/uploads\/2018\/10\/Pressekonferenz-HJC-Halle-8-370x247.png 370w\" sizes=\"auto, (max-width: 800px) 100vw, 800px\" \/><\/a>\n\t\t\t<\/div><\/figure><figure class='gallery-item'>\n\t\t\t<div class='gallery-icon landscape'>\n\t\t\t\t<a href='https:\/\/tuttosprint.ch\/de\/das-motorrad-highlight-des-jahres-intermot-2018\/intermot-logo\/#main'><img loading=\"lazy\" decoding=\"async\" width=\"800\" height=\"768\" src=\"https:\/\/tuttosprint.ch\/wp-content\/uploads\/2018\/10\/intermot-logo.png\" class=\"attachment-full size-full\" alt=\"\" srcset=\"https:\/\/tuttosprint.ch\/wp-content\/uploads\/2018\/10\/intermot-logo.png 800w, https:\/\/tuttosprint.ch\/wp-content\/uploads\/2018\/10\/intermot-logo-300x288.png 300w, https:\/\/tuttosprint.ch\/wp-content\/uploads\/2018\/10\/intermot-logo-768x737.png 768w, https:\/\/tuttosprint.ch\/wp-content\/uploads\/2018\/10\/intermot-logo-510x490.png 510w\" sizes=\"auto, (max-width: 800px) 100vw, 800px\" \/><\/a>\n\t\t\t<\/div><\/figure><figure class='gallery-item'>\n\t\t\t<div class='gallery-icon portrait'>\n\t\t\t\t<a href='https:\/\/tuttosprint.ch\/de\/das-motorrad-highlight-des-jahres-intermot-2018\/happy-scooter\/#main'><img loading=\"lazy\" decoding=\"async\" width=\"535\" height=\"802\" src=\"https:\/\/tuttosprint.ch\/wp-content\/uploads\/2018\/10\/happy-scooter.png\" class=\"attachment-full size-full\" alt=\"\" srcset=\"https:\/\/tuttosprint.ch\/wp-content\/uploads\/2018\/10\/happy-scooter.png 535w, https:\/\/tuttosprint.ch\/wp-content\/uploads\/2018\/10\/happy-scooter-200x300.png 200w\" sizes=\"auto, (max-width: 535px) 100vw, 535px\" \/><\/a>\n\t\t\t<\/div><\/figure><figure class='gallery-item'>\n\t\t\t<div class='gallery-icon landscape'>\n\t\t\t\t<a href='https:\/\/tuttosprint.ch\/de\/das-motorrad-highlight-des-jahres-intermot-2018\/pressekonferenz-kawasaki-ninja-zx-10r-halle-8\/#main'><img loading=\"lazy\" decoding=\"async\" width=\"800\" height=\"534\" src=\"https:\/\/tuttosprint.ch\/wp-content\/uploads\/2018\/10\/Pressekonferenz-Kawasaki-Ninja-ZX-10R-Halle-8.png\" class=\"attachment-full size-full\" alt=\"\" srcset=\"https:\/\/tuttosprint.ch\/wp-content\/uploads\/2018\/10\/Pressekonferenz-Kawasaki-Ninja-ZX-10R-Halle-8.png 800w, https:\/\/tuttosprint.ch\/wp-content\/uploads\/2018\/10\/Pressekonferenz-Kawasaki-Ninja-ZX-10R-Halle-8-300x200.png 300w, https:\/\/tuttosprint.ch\/wp-content\/uploads\/2018\/10\/Pressekonferenz-Kawasaki-Ninja-ZX-10R-Halle-8-768x513.png 768w, https:\/\/tuttosprint.ch\/wp-content\/uploads\/2018\/10\/Pressekonferenz-Kawasaki-Ninja-ZX-10R-Halle-8-435x290.png 435w, https:\/\/tuttosprint.ch\/wp-content\/uploads\/2018\/10\/Pressekonferenz-Kawasaki-Ninja-ZX-10R-Halle-8-150x100.png 150w, https:\/\/tuttosprint.ch\/wp-content\/uploads\/2018\/10\/Pressekonferenz-Kawasaki-Ninja-ZX-10R-Halle-8-370x247.png 370w\" sizes=\"auto, (max-width: 800px) 100vw, 800px\" \/><\/a>\n\t\t\t<\/div><\/figure>\n\t\t<\/div>\n\n<p>Die INTERMOT belegt die Hallen 6 bis 10 des K\u00f6lner Messegel\u00e4ndes mit einer Gesamtbruttofl\u00e4che von rund 100.000 Quadratmetern. Dabei wird das erfolgreiche Konzept, die Marktf\u00fchrer auf alle Hallen zu verteilen, fortgef\u00fchrt, um einen kontinuierlichen Besucherfluss zu gew\u00e4hrleisten. In K\u00f6ln am Start sind unter anderen BMW Motorrad, Harley-Davidson, Honda, Ducati, Kawasaki, KTM, Kymco, die Piaggio Gruppe mit den Marken Aprilia, Moto Guzzi und Vespa, sowie Suzuki, Triumph und Yamaha. Daneben sind auch Marken wie Indian, die noch einmal deutlich vergr\u00f6\u00dfert haben, Royal Enfield und Horex mit eigenen Pr\u00e4sentationen dabei. Auch die Marke Benelli ist wieder in K\u00f6ln zu sehen. Zudem setzen neue Marken aus dem E-Antrieb Segment\u00a0Impulse, wie beispielsweise\u00a0Energica und Zero bei den E-Motorr\u00e4dern sowie emco oder Kumpan bei den E-Rollern. Im Bekleidungsbereich ist besonders die R\u00fcckkehr des bekannten italienischen Herstellers Dainese zu nennen, der zudem die renommierte Helmmarke AGV mit\u00a0zur INTERMOT\u00a0bringt.<\/p>\n<div id='gallery-2' class='gallery galleryid-3847 gallery-columns-5 gallery-size-full'><figure class='gallery-item'>\n\t\t\t<div class='gallery-icon landscape'>\n\t\t\t\t<a href='https:\/\/tuttosprint.ch\/de\/das-motorrad-highlight-des-jahres-intermot-2018\/pressekonferenz-kymko-halle-8\/#main'><img loading=\"lazy\" decoding=\"async\" width=\"800\" height=\"533\" src=\"https:\/\/tuttosprint.ch\/wp-content\/uploads\/2018\/10\/Pressekonferenz-KYMKO-Halle-8.png\" class=\"attachment-full size-full\" alt=\"\" srcset=\"https:\/\/tuttosprint.ch\/wp-content\/uploads\/2018\/10\/Pressekonferenz-KYMKO-Halle-8.png 800w, https:\/\/tuttosprint.ch\/wp-content\/uploads\/2018\/10\/Pressekonferenz-KYMKO-Halle-8-300x200.png 300w, https:\/\/tuttosprint.ch\/wp-content\/uploads\/2018\/10\/Pressekonferenz-KYMKO-Halle-8-768x512.png 768w, https:\/\/tuttosprint.ch\/wp-content\/uploads\/2018\/10\/Pressekonferenz-KYMKO-Halle-8-435x290.png 435w, https:\/\/tuttosprint.ch\/wp-content\/uploads\/2018\/10\/Pressekonferenz-KYMKO-Halle-8-150x100.png 150w, https:\/\/tuttosprint.ch\/wp-content\/uploads\/2018\/10\/Pressekonferenz-KYMKO-Halle-8-370x247.png 370w\" sizes=\"auto, (max-width: 800px) 100vw, 800px\" \/><\/a>\n\t\t\t<\/div><\/figure><figure class='gallery-item'>\n\t\t\t<div class='gallery-icon landscape'>\n\t\t\t\t<a href='https:\/\/tuttosprint.ch\/de\/das-motorrad-highlight-des-jahres-intermot-2018\/pressekonferenz-kymko-like-ev-halle-8\/#main'><img loading=\"lazy\" decoding=\"async\" width=\"800\" height=\"533\" src=\"https:\/\/tuttosprint.ch\/wp-content\/uploads\/2018\/10\/Pressekonferenz-KYMKO-like-EV-Halle-8.png\" class=\"attachment-full size-full\" alt=\"\" srcset=\"https:\/\/tuttosprint.ch\/wp-content\/uploads\/2018\/10\/Pressekonferenz-KYMKO-like-EV-Halle-8.png 800w, https:\/\/tuttosprint.ch\/wp-content\/uploads\/2018\/10\/Pressekonferenz-KYMKO-like-EV-Halle-8-300x200.png 300w, https:\/\/tuttosprint.ch\/wp-content\/uploads\/2018\/10\/Pressekonferenz-KYMKO-like-EV-Halle-8-768x512.png 768w, https:\/\/tuttosprint.ch\/wp-content\/uploads\/2018\/10\/Pressekonferenz-KYMKO-like-EV-Halle-8-435x290.png 435w, https:\/\/tuttosprint.ch\/wp-content\/uploads\/2018\/10\/Pressekonferenz-KYMKO-like-EV-Halle-8-150x100.png 150w, https:\/\/tuttosprint.ch\/wp-content\/uploads\/2018\/10\/Pressekonferenz-KYMKO-like-EV-Halle-8-370x247.png 370w\" sizes=\"auto, (max-width: 800px) 100vw, 800px\" \/><\/a>\n\t\t\t<\/div><\/figure><figure class='gallery-item'>\n\t\t\t<div class='gallery-icon landscape'>\n\t\t\t\t<a href='https:\/\/tuttosprint.ch\/de\/das-motorrad-highlight-des-jahres-intermot-2018\/pressekonferenz-kymko-maxxer-300s-halle-8\/#main'><img loading=\"lazy\" decoding=\"async\" width=\"800\" height=\"533\" src=\"https:\/\/tuttosprint.ch\/wp-content\/uploads\/2018\/10\/Pressekonferenz-KYMKO-MAXXER-300S-Halle-8.png\" class=\"attachment-full size-full\" alt=\"\" srcset=\"https:\/\/tuttosprint.ch\/wp-content\/uploads\/2018\/10\/Pressekonferenz-KYMKO-MAXXER-300S-Halle-8.png 800w, https:\/\/tuttosprint.ch\/wp-content\/uploads\/2018\/10\/Pressekonferenz-KYMKO-MAXXER-300S-Halle-8-300x200.png 300w, https:\/\/tuttosprint.ch\/wp-content\/uploads\/2018\/10\/Pressekonferenz-KYMKO-MAXXER-300S-Halle-8-768x512.png 768w, https:\/\/tuttosprint.ch\/wp-content\/uploads\/2018\/10\/Pressekonferenz-KYMKO-MAXXER-300S-Halle-8-435x290.png 435w, https:\/\/tuttosprint.ch\/wp-content\/uploads\/2018\/10\/Pressekonferenz-KYMKO-MAXXER-300S-Halle-8-150x100.png 150w, https:\/\/tuttosprint.ch\/wp-content\/uploads\/2018\/10\/Pressekonferenz-KYMKO-MAXXER-300S-Halle-8-370x247.png 370w\" sizes=\"auto, (max-width: 800px) 100vw, 800px\" \/><\/a>\n\t\t\t<\/div><\/figure><figure class='gallery-item'>\n\t\t\t<div class='gallery-icon landscape'>\n\t\t\t\t<a href='https:\/\/tuttosprint.ch\/de\/das-motorrad-highlight-des-jahres-intermot-2018\/pressekonferenz-kymko-nice-ev-halle-8\/#main'><img loading=\"lazy\" decoding=\"async\" width=\"800\" height=\"533\" src=\"https:\/\/tuttosprint.ch\/wp-content\/uploads\/2018\/10\/Pressekonferenz-KYMKO-nice-EV-Halle-8.png\" class=\"attachment-full size-full\" alt=\"\" srcset=\"https:\/\/tuttosprint.ch\/wp-content\/uploads\/2018\/10\/Pressekonferenz-KYMKO-nice-EV-Halle-8.png 800w, https:\/\/tuttosprint.ch\/wp-content\/uploads\/2018\/10\/Pressekonferenz-KYMKO-nice-EV-Halle-8-300x200.png 300w, https:\/\/tuttosprint.ch\/wp-content\/uploads\/2018\/10\/Pressekonferenz-KYMKO-nice-EV-Halle-8-768x512.png 768w, https:\/\/tuttosprint.ch\/wp-content\/uploads\/2018\/10\/Pressekonferenz-KYMKO-nice-EV-Halle-8-435x290.png 435w, https:\/\/tuttosprint.ch\/wp-content\/uploads\/2018\/10\/Pressekonferenz-KYMKO-nice-EV-Halle-8-150x100.png 150w, https:\/\/tuttosprint.ch\/wp-content\/uploads\/2018\/10\/Pressekonferenz-KYMKO-nice-EV-Halle-8-370x247.png 370w\" sizes=\"auto, (max-width: 800px) 100vw, 800px\" \/><\/a>\n\t\t\t<\/div><\/figure><figure class='gallery-item'>\n\t\t\t<div class='gallery-icon landscape'>\n\t\t\t\t<a href='https:\/\/tuttosprint.ch\/de\/das-motorrad-highlight-des-jahres-intermot-2018\/pressekonferenz-suzuki-mit-der-produktneuheit-katana-praesident-toshihiro-suzki-und-designer-rodolfo-frascoli-halle-7\/#main'><img loading=\"lazy\" decoding=\"async\" width=\"800\" height=\"533\" src=\"https:\/\/tuttosprint.ch\/wp-content\/uploads\/2018\/10\/Pressekonferenz-Suzuki-mit-der-Produktneuheit-Katana-Pr\u00e4sident-Toshihiro-Suzki-und-Designer-Rodolfo-Frascoli-Halle-7.png\" class=\"attachment-full size-full\" alt=\"\" srcset=\"https:\/\/tuttosprint.ch\/wp-content\/uploads\/2018\/10\/Pressekonferenz-Suzuki-mit-der-Produktneuheit-Katana-Pr\u00e4sident-Toshihiro-Suzki-und-Designer-Rodolfo-Frascoli-Halle-7.png 800w, https:\/\/tuttosprint.ch\/wp-content\/uploads\/2018\/10\/Pressekonferenz-Suzuki-mit-der-Produktneuheit-Katana-Pr\u00e4sident-Toshihiro-Suzki-und-Designer-Rodolfo-Frascoli-Halle-7-300x200.png 300w, https:\/\/tuttosprint.ch\/wp-content\/uploads\/2018\/10\/Pressekonferenz-Suzuki-mit-der-Produktneuheit-Katana-Pr\u00e4sident-Toshihiro-Suzki-und-Designer-Rodolfo-Frascoli-Halle-7-768x512.png 768w, https:\/\/tuttosprint.ch\/wp-content\/uploads\/2018\/10\/Pressekonferenz-Suzuki-mit-der-Produktneuheit-Katana-Pr\u00e4sident-Toshihiro-Suzki-und-Designer-Rodolfo-Frascoli-Halle-7-435x290.png 435w, https:\/\/tuttosprint.ch\/wp-content\/uploads\/2018\/10\/Pressekonferenz-Suzuki-mit-der-Produktneuheit-Katana-Pr\u00e4sident-Toshihiro-Suzki-und-Designer-Rodolfo-Frascoli-Halle-7-150x100.png 150w, https:\/\/tuttosprint.ch\/wp-content\/uploads\/2018\/10\/Pressekonferenz-Suzuki-mit-der-Produktneuheit-Katana-Pr\u00e4sident-Toshihiro-Suzki-und-Designer-Rodolfo-Frascoli-Halle-7-370x247.png 370w\" sizes=\"auto, (max-width: 800px) 100vw, 800px\" \/><\/a>\n\t\t\t<\/div><\/figure>\n\t\t<\/div>\n\n<p>Von den \u00fcber 1.000 ausstellenden Unternehmen und Marken kommen fast 65 Prozent aus dem Ausland. Die st\u00e4rksten Beteiligungen verzeichnet die INTERMOT aus Italien, den USA, den Niederlanden, Gro\u00dfbritannien, Pakistan, Spanien, China und Taiwan. Neben den individuellen Auftritten beteiligen sich zudem Ausstellergruppen aus China, Gro\u00dfbritannien, Italien, Pakistan, Taiwan und den USA.<\/p>\n<p><strong>INTERMOT customized w\u00e4chst weiter <\/strong><br \/>\nDie INTERMOT customized in Halle 10.1 pr\u00e4sentiert sich in diesem Jahr deutlich gr\u00f6\u00dfer und internationaler. Von den gro\u00dfen Herstellern haben bereits BMW Motorrad, Harley Davidson, Kawasaki, Yamaha und erstmalig auch Suzuki und Indian eine zus\u00e4tzliche Beteiligung im Bereich der INTERMOT customized angemeldet. Au\u00dferdem sind hier so namhafte Distributoren wie Custom Chrome Europe, Louis, Motorcycle Storehouse und der Teilespezialist Zodiac in K\u00f6ln vertreten. Am Start sind nat\u00fcrlich auch international bekannte Umbauer \u2013 beispielsweise Berham Custom, Harley Factory, JvB, Fred Kodlin, Mellows, No-Limit-Custom, Walzwerk, Wrenchmonkees oder auch die Sultans of Sprint, ein Zusammenschluss von Umbauern und Sprintern. Passend zum Umfeld zeigen zahlreiche Anbieter selbstverst\u00e4ndlich auch das Szene-gerechte Zubeh\u00f6r \u2013 von der Bekleidung, \u00fcber Helme bis hin zu ma\u00dfgefertigten Teilen und Auspuffanlagen.<\/p>\n<figure id=\"attachment_3874\" aria-describedby=\"caption-attachment-3874\" style=\"width: 290px\" class=\"wp-caption alignleft\"><img loading=\"lazy\" decoding=\"async\" class=\"wp-image-3874 size-medium\" src=\"https:\/\/tuttosprint.ch\/wp-content\/uploads\/2018\/10\/Yamaha-XV-950-R-Dragster-300x169.png\" alt=\"\" width=\"300\" height=\"169\" srcset=\"https:\/\/tuttosprint.ch\/wp-content\/uploads\/2018\/10\/Yamaha-XV-950-R-Dragster-300x169.png 300w, https:\/\/tuttosprint.ch\/wp-content\/uploads\/2018\/10\/Yamaha-XV-950-R-Dragster-768x432.png 768w, https:\/\/tuttosprint.ch\/wp-content\/uploads\/2018\/10\/Yamaha-XV-950-R-Dragster.png 800w\" sizes=\"auto, (max-width: 300px) 100vw, 300px\" \/><figcaption id=\"caption-attachment-3874\" class=\"wp-caption-text\">Yamaha XV 950 R Dragger by Marcus Walz<\/figcaption><\/figure>\n<figure id=\"attachment_3876\" aria-describedby=\"caption-attachment-3876\" style=\"width: 290px\" class=\"wp-caption alignleft\"><img loading=\"lazy\" decoding=\"async\" class=\"size-medium wp-image-3876\" src=\"https:\/\/tuttosprint.ch\/wp-content\/uploads\/2018\/10\/Das-neue-INTERMOT-Custom-Bike-made-by-Marcus-Walz-Yamaha-XV-950-R-Dragger-300x200.png\" alt=\"\" width=\"300\" height=\"200\" srcset=\"https:\/\/tuttosprint.ch\/wp-content\/uploads\/2018\/10\/Das-neue-INTERMOT-Custom-Bike-made-by-Marcus-Walz-Yamaha-XV-950-R-Dragger-300x200.png 300w, https:\/\/tuttosprint.ch\/wp-content\/uploads\/2018\/10\/Das-neue-INTERMOT-Custom-Bike-made-by-Marcus-Walz-Yamaha-XV-950-R-Dragger-768x512.png 768w, https:\/\/tuttosprint.ch\/wp-content\/uploads\/2018\/10\/Das-neue-INTERMOT-Custom-Bike-made-by-Marcus-Walz-Yamaha-XV-950-R-Dragger-435x290.png 435w, https:\/\/tuttosprint.ch\/wp-content\/uploads\/2018\/10\/Das-neue-INTERMOT-Custom-Bike-made-by-Marcus-Walz-Yamaha-XV-950-R-Dragger-150x100.png 150w, https:\/\/tuttosprint.ch\/wp-content\/uploads\/2018\/10\/Das-neue-INTERMOT-Custom-Bike-made-by-Marcus-Walz-Yamaha-XV-950-R-Dragger-370x247.png 370w, https:\/\/tuttosprint.ch\/wp-content\/uploads\/2018\/10\/Das-neue-INTERMOT-Custom-Bike-made-by-Marcus-Walz-Yamaha-XV-950-R-Dragger.png 800w\" sizes=\"auto, (max-width: 300px) 100vw, 300px\" \/><figcaption id=\"caption-attachment-3876\" class=\"wp-caption-text\">Das neue INTERMOT Custom Bike made by Marcus Walz Yamaha XV 950 R Dragger<\/figcaption><\/figure>\n<p>Wie Custom-Bikes entstehen, zeigen Profis vor Ort in der ,Garage Area&#8216; der INTERMOT customized. Hier werden Arbeiten wie das Tauschen von Fu\u00dfrasten, Lenkern, Scheinwerfern und Blinkern ebenso fachm\u00e4nnisch erkl\u00e4rt und vorgef\u00fchrt wie beispielsweise das Dengeln und Anpassen eines Tanks. Sogar eine mobile Lackierkabine ist integriert. In diesem Jahr k\u00f6nnen Customizing- und Schrauberfans zwei Projekte vom Entwurf bis zum fertigen Bike begleiten: Eine brandneue Ducati Scrambler 1100 wird ganz neu designed und in den f\u00fcnf Messetagen umgebaut. Niels Peter Jensen, ProSieben Maxx Moderator von Formaten wie ,Extreme!&#8216; und ,Man Made&#8216; und selbst begeisterter Customizer, begleitet und diskutiert den Umbauprozess in der Garage Area Lounge.<\/p>\n<p>Unter dem Motto ,Schrott wird flott&#8216; sucht die INTERMOT customized eine Konzeptidee aus der Motorrad-Community, bei der ein vorgegebenes Motorrad (Honda CB 450S) mit Teilen der Marken LSL und Highsider im Wert von maximal 750,00 Euro umgebaut wird. Das Siegerkonzept wird durch den Gewinner und mit Unterst\u00fctzung der Fachleute in der Garage Area umgesetzt und bis zum Ende der INTERMOT 2018 fertig gestellt.<\/p>\n<p>Ein Highlight rund um die INTERMOT customized ist auch in diesem Jahr die AMD Championship of Custom Bike Building, die alle zwei Jahre in K\u00f6ln Station macht. Hier stellt sich das \u201aWho is Who\u2018 der Umbauer mit ihren spektakul\u00e4ren Umbauten einer internationalen Jury. Der Weltmeistertitel wird traditionell in der FreeStyle Klasse vergeben \u2013 alle Modifikationen werden hier akzeptiert. Daneben zeigen die Customizing-Spezialisten in den weiteren vier Klassen Retro\/Modified, Modified Harley-Davidson, Performance und Caf\u00e9 Racer, ihre enorme Kreativit\u00e4t.<\/p>\n<p><strong><img loading=\"lazy\" decoding=\"async\" class=\"size-medium wp-image-3872 alignleft\" src=\"https:\/\/tuttosprint.ch\/wp-content\/uploads\/2018\/10\/Sonderschau-Connected-Motorcycle-World-Halle-6-300x200.png\" alt=\"\" width=\"300\" height=\"200\" srcset=\"https:\/\/tuttosprint.ch\/wp-content\/uploads\/2018\/10\/Sonderschau-Connected-Motorcycle-World-Halle-6-300x200.png 300w, https:\/\/tuttosprint.ch\/wp-content\/uploads\/2018\/10\/Sonderschau-Connected-Motorcycle-World-Halle-6-768x512.png 768w, https:\/\/tuttosprint.ch\/wp-content\/uploads\/2018\/10\/Sonderschau-Connected-Motorcycle-World-Halle-6-435x290.png 435w, https:\/\/tuttosprint.ch\/wp-content\/uploads\/2018\/10\/Sonderschau-Connected-Motorcycle-World-Halle-6-150x100.png 150w, https:\/\/tuttosprint.ch\/wp-content\/uploads\/2018\/10\/Sonderschau-Connected-Motorcycle-World-Halle-6-370x247.png 370w, https:\/\/tuttosprint.ch\/wp-content\/uploads\/2018\/10\/Sonderschau-Connected-Motorcycle-World-Halle-6.png 800w\" sizes=\"auto, (max-width: 300px) 100vw, 300px\" \/>Connected Motorcycle World <\/strong><br \/>\nAls f\u00fchrende Business- und Informationsplattform pr\u00e4sentiert die INTERMOT kontinuierlich Trends und Themen, die die Branche und die Motorradcommunity bewegen. Ein Thema, das \u00fcbergreifend alle Facetten des Lebens weltweit besch\u00e4ftigt und zugleich f\u00fcr einen tiefgreifenden Wandel sorgt, ist die , Digitalisierung&#8216;. Gemeinsam mit den Unternehmen BOSCH, Cardo Systems, digades, Sena und dem Connected Motorcycle Consortium CMC mit den Gr\u00fcndungsmitgliedern BMW Motorrad, Honda und Yamaha \u2013 sowie Ducati, Kawasaki, KTM und Suzuki pr\u00e4sentiert die INTERMOT aktuelle L\u00f6sungen und Innovationen rund um sicherheitsrelevante, digitale Komponenten, steigenden Komfort in der Kommunikation dank neuer digitaler Technologien und Applikationen und zeigt zugleich marktreife, aber auch vision\u00e4re Ideen. Die Themenfl\u00e4che \u201eConnected Motorcycle World\u201c liegt im Herzen der INTERMOT in Halle 6 und ist in f\u00fcnf Schwerpunkte gegliedert: Connectivity Vehicle to Vehicle &#8211; Connected Horizon &amp; Head Up Display &#8211; Group Riding Communication &#8211; App &amp; Smartphone Integration Emergency Calls.<\/p>\n<p><strong>INTERMOT e-motion jetzt in Halle 7 und 8<\/strong><br \/>\nIn neuer Atmosph\u00e4re und neuer Konzeption startet auch die INTERMOT e-motion: Elektro-Motorr\u00e4der, Elektroroller sowie -fahrr\u00e4der mit allem Zubeh\u00f6r sind jetzt Bestandteil der Hallen 7 und 8. Die E-Scooter k\u00f6nnen sich nun endlich mit den Benzinern in Halle 7 messen. Hier stehen beispielsweise Kumpan electrics, emco electroroller, NITO, NIU, Vmoto, Citycoco, Walberg oder auch die E-Motorr\u00e4der von energica und zero.<\/p>\n<p><strong>Shows und Action \u2013 das Eventprogramm der INTERMOT 2018<\/strong><br \/>\nAls Eventmesse bietet die INTERMOT K\u00f6ln den Besuchern neben den Herstellerpr\u00e4sentationen auch eine Vielzahl eindrucksvoller Shows und die M\u00f6glichkeit, die Welt der Motorr\u00e4der aktiv zu erleben. Ob Neu- oder Wiedereinsteiger, versierter Motorrad- oder Rollerfahrer \u2013 f\u00fcr jeden Wunsch gibt es den richtigen Parcours. Hier k\u00f6nnen brandneue Modelle getestet, erste Fahrversuche gestartet, Scooter, Reise-Enduros, Moto-Cross oder Trial ausprobiert werden. Und auch die Kids k\u00f6nnen erste Erfahrungen auf motorisierten Zweir\u00e4dern sammeln \u2013 alle Parcours stehen nat\u00fcrlich unter fachkundiger Aufsicht und Anleitung. Au\u00dferdem im Programm: Spannende Sprint-Rennen auf der 1\/8-Meile am Samstag, und an allen Messetagen Freestyle MX, Sicherheitsvorf\u00fchrungen und die Profis mit ihren waghalsigen Stunt- und Akrobatikshows, die in K\u00f6ln zum Finale der 1. Stunt Europameisterschaft antreten.<\/p>\n<p>Nicht nur im Freigel\u00e4nde, auch in den Hallen k\u00f6nnen sich die Besucher zu bestimmten Schwerpunkten informieren: Design- und Profitalks, Interviews mit Stars der Szene durch Talkmaster J\u00f6rg Litzenburger gibt es live auf der B\u00fchne ,The Stage&#8216; in Halle 10.1. Hier finden zudem die Preisverleihung der AMD World Championship, die Siegerehrung der Sultans of Sprint-Competition und ausgew\u00e4hlte Bike Pr\u00e4sentationen statt.<\/p>\n<p>Ebenfalls in Halle 10.1 wartet ein besonderes Highlight f\u00fcr Motorsportbegeisterte. Auf der Sonderfl\u00e4che Sport werden unter anderen aktuelle Sport-Bikes des Tuner GP pr\u00e4sentiert. Bike Promotion, Rennteams und andere Sportveranstalter zeigen im weiteren Umfeld der Sondershow Rennfahrzeuge und Spezialumbauten f\u00fcr die Rennstrecken der Welt.<\/p>\n<p><i>(Fotos Intermot)<\/i><\/p>\n<p><strong>Die INTERMOT K\u00f6ln ist vom 3. bis 7. Oktober 2018 t\u00e4glich von 09:00 bis 18:00 Uhr f\u00fcr das Publikum ge\u00f6ffnet.\u00a0<\/strong><\/p>\n<p>&nbsp;<\/p>\n<p>&nbsp;<\/p>\n","protected":false},"excerpt":{"rendered":"<p>Zahlreiche Weltpremieren und starke Pr\u00e4sentationen in K\u00f6ln &#8211; F\u00fcr die Motorrad- und\u2026<\/p>\n","protected":false},"author":1,"featured_media":3848,"comment_status":"open","ping_status":"open","sticky":false,"template":"","format":"image","meta":{"footnotes":""},"categories":[22,21],"tags":[],"class_list":["post-3847","post","type-post","status-publish","format-image","has-post-thumbnail","hentry","category-auto-moto-de","category-news","post_format-post-format-image"],"yoast_head":"<!-- This site is optimized with the Yoast SEO plugin v27.4 - https:\/\/yoast.com\/product\/yoast-seo-wordpress\/ -->\n<title>Das Motorrad-Highlight des Jahres \u2013 INTERMOT - Tuttosprint<\/title>\n<meta name=\"robots\" content=\"index, follow, max-snippet:-1, max-image-preview:large, max-video-preview:-1\" \/>\n<link rel=\"canonical\" href=\"https:\/\/tuttosprint.ch\/de\/das-motorrad-highlight-des-jahres-intermot-2018\/\" \/>\n<meta property=\"og:locale\" content=\"de_DE\" \/>\n<meta property=\"og:type\" content=\"article\" \/>\n<meta property=\"og:title\" content=\"Das Motorrad-Highlight des Jahres \u2013 INTERMOT - Tuttosprint\" \/>\n<meta property=\"og:description\" content=\"Zahlreiche Weltpremieren und starke Pr\u00e4sentationen in K\u00f6ln &#8211; F\u00fcr die Motorrad- und\u2026\" \/>\n<meta property=\"og:url\" content=\"https:\/\/tuttosprint.ch\/de\/das-motorrad-highlight-des-jahres-intermot-2018\/\" \/>\n<meta property=\"og:site_name\" content=\"Tuttosprint\" \/>\n<meta property=\"article:published_time\" content=\"2018-10-03T11:36:19+00:00\" \/>\n<meta property=\"article:modified_time\" content=\"2018-10-03T11:43:56+00:00\" \/>\n<meta property=\"og:image\" content=\"https:\/\/tuttosprint.ch\/wp-content\/uploads\/2018\/10\/Unbenannt-1.png\" \/>\n\t<meta property=\"og:image:width\" content=\"800\" \/>\n\t<meta property=\"og:image:height\" content=\"533\" \/>\n\t<meta property=\"og:image:type\" content=\"image\/png\" \/>\n<meta name=\"author\" content=\"Red. TSP\" \/>\n<meta name=\"twitter:card\" content=\"summary_large_image\" \/>\n<meta name=\"twitter:label1\" content=\"Verfasst von\" \/>\n\t<meta name=\"twitter:data1\" content=\"Red. TSP\" \/>\n\t<meta name=\"twitter:label2\" content=\"Gesch\u00e4tzte Lesezeit\" \/>\n\t<meta name=\"twitter:data2\" content=\"6 Minuten\" \/>\n<script type=\"application\/ld+json\" class=\"yoast-schema-graph\">{\"@context\":\"https:\\\/\\\/schema.org\",\"@graph\":[{\"@type\":\"Article\",\"@id\":\"https:\\\/\\\/tuttosprint.ch\\\/de\\\/das-motorrad-highlight-des-jahres-intermot-2018\\\/#article\",\"isPartOf\":{\"@id\":\"https:\\\/\\\/tuttosprint.ch\\\/de\\\/das-motorrad-highlight-des-jahres-intermot-2018\\\/\"},\"author\":{\"name\":\"Red. TSP\",\"@id\":\"https:\\\/\\\/tuttosprint.ch\\\/#\\\/schema\\\/person\\\/84dfe95b43201d701bfdc5df5b4fa1f4\"},\"headline\":\"Das Motorrad-Highlight des Jahres \u2013 INTERMOT\",\"datePublished\":\"2018-10-03T11:36:19+00:00\",\"dateModified\":\"2018-10-03T11:43:56+00:00\",\"mainEntityOfPage\":{\"@id\":\"https:\\\/\\\/tuttosprint.ch\\\/de\\\/das-motorrad-highlight-des-jahres-intermot-2018\\\/\"},\"wordCount\":1227,\"commentCount\":0,\"publisher\":{\"@id\":\"https:\\\/\\\/tuttosprint.ch\\\/#organization\"},\"image\":{\"@id\":\"https:\\\/\\\/tuttosprint.ch\\\/de\\\/das-motorrad-highlight-des-jahres-intermot-2018\\\/#primaryimage\"},\"thumbnailUrl\":\"https:\\\/\\\/tuttosprint.ch\\\/wp-content\\\/uploads\\\/2018\\\/10\\\/Unbenannt-1.png\",\"articleSection\":[\"Auto\\\/Moto\",\"News\"],\"inLanguage\":\"de-DE\"},{\"@type\":\"WebPage\",\"@id\":\"https:\\\/\\\/tuttosprint.ch\\\/de\\\/das-motorrad-highlight-des-jahres-intermot-2018\\\/\",\"url\":\"https:\\\/\\\/tuttosprint.ch\\\/de\\\/das-motorrad-highlight-des-jahres-intermot-2018\\\/\",\"name\":\"Das Motorrad-Highlight des Jahres \u2013 INTERMOT - Tuttosprint\",\"isPartOf\":{\"@id\":\"https:\\\/\\\/tuttosprint.ch\\\/#website\"},\"primaryImageOfPage\":{\"@id\":\"https:\\\/\\\/tuttosprint.ch\\\/de\\\/das-motorrad-highlight-des-jahres-intermot-2018\\\/#primaryimage\"},\"image\":{\"@id\":\"https:\\\/\\\/tuttosprint.ch\\\/de\\\/das-motorrad-highlight-des-jahres-intermot-2018\\\/#primaryimage\"},\"thumbnailUrl\":\"https:\\\/\\\/tuttosprint.ch\\\/wp-content\\\/uploads\\\/2018\\\/10\\\/Unbenannt-1.png\",\"datePublished\":\"2018-10-03T11:36:19+00:00\",\"dateModified\":\"2018-10-03T11:43:56+00:00\",\"inLanguage\":\"de-DE\",\"potentialAction\":[{\"@type\":\"ReadAction\",\"target\":[\"https:\\\/\\\/tuttosprint.ch\\\/de\\\/das-motorrad-highlight-des-jahres-intermot-2018\\\/\"]}]},{\"@type\":\"ImageObject\",\"inLanguage\":\"de-DE\",\"@id\":\"https:\\\/\\\/tuttosprint.ch\\\/de\\\/das-motorrad-highlight-des-jahres-intermot-2018\\\/#primaryimage\",\"url\":\"https:\\\/\\\/tuttosprint.ch\\\/wp-content\\\/uploads\\\/2018\\\/10\\\/Unbenannt-1.png\",\"contentUrl\":\"https:\\\/\\\/tuttosprint.ch\\\/wp-content\\\/uploads\\\/2018\\\/10\\\/Unbenannt-1.png\",\"width\":800,\"height\":533},{\"@type\":\"WebSite\",\"@id\":\"https:\\\/\\\/tuttosprint.ch\\\/#website\",\"url\":\"https:\\\/\\\/tuttosprint.ch\\\/\",\"name\":\"Tuttosprint\",\"description\":\"\",\"publisher\":{\"@id\":\"https:\\\/\\\/tuttosprint.ch\\\/#organization\"},\"potentialAction\":[{\"@type\":\"SearchAction\",\"target\":{\"@type\":\"EntryPoint\",\"urlTemplate\":\"https:\\\/\\\/tuttosprint.ch\\\/?s={search_term_string}\"},\"query-input\":{\"@type\":\"PropertyValueSpecification\",\"valueRequired\":true,\"valueName\":\"search_term_string\"}}],\"inLanguage\":\"de-DE\"},{\"@type\":\"Organization\",\"@id\":\"https:\\\/\\\/tuttosprint.ch\\\/#organization\",\"name\":\"Tuttosprint\",\"url\":\"https:\\\/\\\/tuttosprint.ch\\\/\",\"logo\":{\"@type\":\"ImageObject\",\"inLanguage\":\"de-DE\",\"@id\":\"https:\\\/\\\/tuttosprint.ch\\\/#\\\/schema\\\/logo\\\/image\\\/\",\"url\":\"https:\\\/\\\/tuttosprint.ch\\\/wp-content\\\/uploads\\\/2018\\\/05\\\/Logo_pos_Tuttosprint-2.png\",\"contentUrl\":\"https:\\\/\\\/tuttosprint.ch\\\/wp-content\\\/uploads\\\/2018\\\/05\\\/Logo_pos_Tuttosprint-2.png\",\"width\":350,\"height\":55,\"caption\":\"Tuttosprint\"},\"image\":{\"@id\":\"https:\\\/\\\/tuttosprint.ch\\\/#\\\/schema\\\/logo\\\/image\\\/\"}},{\"@type\":\"Person\",\"@id\":\"https:\\\/\\\/tuttosprint.ch\\\/#\\\/schema\\\/person\\\/84dfe95b43201d701bfdc5df5b4fa1f4\",\"name\":\"Red. TSP\",\"image\":{\"@type\":\"ImageObject\",\"inLanguage\":\"de-DE\",\"@id\":\"https:\\\/\\\/secure.gravatar.com\\\/avatar\\\/cf0c9e614551eb65b068b8ae2042e0ec60c802bc0fb815d4ebbd1eff13a2e9ad?s=96&d=mm&r=g\",\"url\":\"https:\\\/\\\/secure.gravatar.com\\\/avatar\\\/cf0c9e614551eb65b068b8ae2042e0ec60c802bc0fb815d4ebbd1eff13a2e9ad?s=96&d=mm&r=g\",\"contentUrl\":\"https:\\\/\\\/secure.gravatar.com\\\/avatar\\\/cf0c9e614551eb65b068b8ae2042e0ec60c802bc0fb815d4ebbd1eff13a2e9ad?s=96&d=mm&r=g\",\"caption\":\"Red. TSP\"},\"url\":\"https:\\\/\\\/tuttosprint.ch\\\/de\\\/author\\\/info_vb03q6f2\\\/\"}]}<\/script>\n<!-- \/ Yoast SEO plugin. -->","yoast_head_json":{"title":"Das Motorrad-Highlight des Jahres \u2013 INTERMOT - Tuttosprint","robots":{"index":"index","follow":"follow","max-snippet":"max-snippet:-1","max-image-preview":"max-image-preview:large","max-video-preview":"max-video-preview:-1"},"canonical":"https:\/\/tuttosprint.ch\/de\/das-motorrad-highlight-des-jahres-intermot-2018\/","og_locale":"de_DE","og_type":"article","og_title":"Das Motorrad-Highlight des Jahres \u2013 INTERMOT - Tuttosprint","og_description":"Zahlreiche Weltpremieren und starke Pr\u00e4sentationen in K\u00f6ln &#8211; F\u00fcr die Motorrad- und\u2026","og_url":"https:\/\/tuttosprint.ch\/de\/das-motorrad-highlight-des-jahres-intermot-2018\/","og_site_name":"Tuttosprint","article_published_time":"2018-10-03T11:36:19+00:00","article_modified_time":"2018-10-03T11:43:56+00:00","og_image":[{"width":800,"height":533,"url":"https:\/\/tuttosprint.ch\/wp-content\/uploads\/2018\/10\/Unbenannt-1.png","type":"image\/png"}],"author":"Red. TSP","twitter_card":"summary_large_image","twitter_misc":{"Verfasst von":"Red. TSP","Gesch\u00e4tzte Lesezeit":"6 Minuten"},"schema":{"@context":"https:\/\/schema.org","@graph":[{"@type":"Article","@id":"https:\/\/tuttosprint.ch\/de\/das-motorrad-highlight-des-jahres-intermot-2018\/#article","isPartOf":{"@id":"https:\/\/tuttosprint.ch\/de\/das-motorrad-highlight-des-jahres-intermot-2018\/"},"author":{"name":"Red. TSP","@id":"https:\/\/tuttosprint.ch\/#\/schema\/person\/84dfe95b43201d701bfdc5df5b4fa1f4"},"headline":"Das Motorrad-Highlight des Jahres \u2013 INTERMOT","datePublished":"2018-10-03T11:36:19+00:00","dateModified":"2018-10-03T11:43:56+00:00","mainEntityOfPage":{"@id":"https:\/\/tuttosprint.ch\/de\/das-motorrad-highlight-des-jahres-intermot-2018\/"},"wordCount":1227,"commentCount":0,"publisher":{"@id":"https:\/\/tuttosprint.ch\/#organization"},"image":{"@id":"https:\/\/tuttosprint.ch\/de\/das-motorrad-highlight-des-jahres-intermot-2018\/#primaryimage"},"thumbnailUrl":"https:\/\/tuttosprint.ch\/wp-content\/uploads\/2018\/10\/Unbenannt-1.png","articleSection":["Auto\/Moto","News"],"inLanguage":"de-DE"},{"@type":"WebPage","@id":"https:\/\/tuttosprint.ch\/de\/das-motorrad-highlight-des-jahres-intermot-2018\/","url":"https:\/\/tuttosprint.ch\/de\/das-motorrad-highlight-des-jahres-intermot-2018\/","name":"Das Motorrad-Highlight des Jahres \u2013 INTERMOT - Tuttosprint","isPartOf":{"@id":"https:\/\/tuttosprint.ch\/#website"},"primaryImageOfPage":{"@id":"https:\/\/tuttosprint.ch\/de\/das-motorrad-highlight-des-jahres-intermot-2018\/#primaryimage"},"image":{"@id":"https:\/\/tuttosprint.ch\/de\/das-motorrad-highlight-des-jahres-intermot-2018\/#primaryimage"},"thumbnailUrl":"https:\/\/tuttosprint.ch\/wp-content\/uploads\/2018\/10\/Unbenannt-1.png","datePublished":"2018-10-03T11:36:19+00:00","dateModified":"2018-10-03T11:43:56+00:00","inLanguage":"de-DE","potentialAction":[{"@type":"ReadAction","target":["https:\/\/tuttosprint.ch\/de\/das-motorrad-highlight-des-jahres-intermot-2018\/"]}]},{"@type":"ImageObject","inLanguage":"de-DE","@id":"https:\/\/tuttosprint.ch\/de\/das-motorrad-highlight-des-jahres-intermot-2018\/#primaryimage","url":"https:\/\/tuttosprint.ch\/wp-content\/uploads\/2018\/10\/Unbenannt-1.png","contentUrl":"https:\/\/tuttosprint.ch\/wp-content\/uploads\/2018\/10\/Unbenannt-1.png","width":800,"height":533},{"@type":"WebSite","@id":"https:\/\/tuttosprint.ch\/#website","url":"https:\/\/tuttosprint.ch\/","name":"Tuttosprint","description":"","publisher":{"@id":"https:\/\/tuttosprint.ch\/#organization"},"potentialAction":[{"@type":"SearchAction","target":{"@type":"EntryPoint","urlTemplate":"https:\/\/tuttosprint.ch\/?s={search_term_string}"},"query-input":{"@type":"PropertyValueSpecification","valueRequired":true,"valueName":"search_term_string"}}],"inLanguage":"de-DE"},{"@type":"Organization","@id":"https:\/\/tuttosprint.ch\/#organization","name":"Tuttosprint","url":"https:\/\/tuttosprint.ch\/","logo":{"@type":"ImageObject","inLanguage":"de-DE","@id":"https:\/\/tuttosprint.ch\/#\/schema\/logo\/image\/","url":"https:\/\/tuttosprint.ch\/wp-content\/uploads\/2018\/05\/Logo_pos_Tuttosprint-2.png","contentUrl":"https:\/\/tuttosprint.ch\/wp-content\/uploads\/2018\/05\/Logo_pos_Tuttosprint-2.png","width":350,"height":55,"caption":"Tuttosprint"},"image":{"@id":"https:\/\/tuttosprint.ch\/#\/schema\/logo\/image\/"}},{"@type":"Person","@id":"https:\/\/tuttosprint.ch\/#\/schema\/person\/84dfe95b43201d701bfdc5df5b4fa1f4","name":"Red. TSP","image":{"@type":"ImageObject","inLanguage":"de-DE","@id":"https:\/\/secure.gravatar.com\/avatar\/cf0c9e614551eb65b068b8ae2042e0ec60c802bc0fb815d4ebbd1eff13a2e9ad?s=96&d=mm&r=g","url":"https:\/\/secure.gravatar.com\/avatar\/cf0c9e614551eb65b068b8ae2042e0ec60c802bc0fb815d4ebbd1eff13a2e9ad?s=96&d=mm&r=g","contentUrl":"https:\/\/secure.gravatar.com\/avatar\/cf0c9e614551eb65b068b8ae2042e0ec60c802bc0fb815d4ebbd1eff13a2e9ad?s=96&d=mm&r=g","caption":"Red. TSP"},"url":"https:\/\/tuttosprint.ch\/de\/author\/info_vb03q6f2\/"}]}},"_links":{"self":[{"href":"https:\/\/tuttosprint.ch\/de\/wp-json\/wp\/v2\/posts\/3847","targetHints":{"allow":["GET"]}}],"collection":[{"href":"https:\/\/tuttosprint.ch\/de\/wp-json\/wp\/v2\/posts"}],"about":[{"href":"https:\/\/tuttosprint.ch\/de\/wp-json\/wp\/v2\/types\/post"}],"author":[{"embeddable":true,"href":"https:\/\/tuttosprint.ch\/de\/wp-json\/wp\/v2\/users\/1"}],"replies":[{"embeddable":true,"href":"https:\/\/tuttosprint.ch\/de\/wp-json\/wp\/v2\/comments?post=3847"}],"version-history":[{"count":4,"href":"https:\/\/tuttosprint.ch\/de\/wp-json\/wp\/v2\/posts\/3847\/revisions"}],"predecessor-version":[{"id":3881,"href":"https:\/\/tuttosprint.ch\/de\/wp-json\/wp\/v2\/posts\/3847\/revisions\/3881"}],"wp:featuredmedia":[{"embeddable":true,"href":"https:\/\/tuttosprint.ch\/de\/wp-json\/wp\/v2\/media\/3848"}],"wp:attachment":[{"href":"https:\/\/tuttosprint.ch\/de\/wp-json\/wp\/v2\/media?parent=3847"}],"wp:term":[{"taxonomy":"category","embeddable":true,"href":"https:\/\/tuttosprint.ch\/de\/wp-json\/wp\/v2\/categories?post=3847"},{"taxonomy":"post_tag","embeddable":true,"href":"https:\/\/tuttosprint.ch\/de\/wp-json\/wp\/v2\/tags?post=3847"}],"curies":[{"name":"wp","href":"https:\/\/api.w.org\/{rel}","templated":true}]}}