{"id":41021,"date":"2024-11-29T16:48:12","date_gmt":"2024-11-29T16:48:12","guid":{"rendered":"https:\/\/tuttosprint.ch\/?p=41021"},"modified":"2024-11-29T17:29:43","modified_gmt":"2024-11-29T17:29:43","slug":"maserati-entra-nella-gen-4-della-formula-e-abb-fia","status":"publish","type":"post","link":"https:\/\/tuttosprint.ch\/de\/maserati-entra-nella-gen-4-della-formula-e-abb-fia\/","title":{"rendered":"MASERATI WIRD AUCH IN DER FORMEL GEN 4 UND ABB FIA ANTRETEN"},"content":{"rendered":"\n<h4 class=\"wp-block-heading\"><strong>Maserati stellt Weichen f\u00fcr die ABB FIA Formel-E-Weltmeisterschaft: Auch in der GEN4-\u00c4ra ab Saison 13 (2026\/2027) mit dabei &#8211;<\/strong><\/h4>\n\n\n\n<p><em>Modena, November 2024 \u2013<\/em> Maserati wird sein Engagement als Hersteller in der ABB FIA Formel-E-Weltmeisterschaft mit der GEN4-Fahrzeuggeneration fortsetzen. Diese startet mit Saison 13 (2026\/2027). Der in Modena ans\u00e4ssige Automobilhersteller unterstreicht mit dieser Entscheidung die Bedeutung der Teilnahme an der elektrischen Spitzenrennserie.<\/p>\n\n\n\n<p><strong>F\u00fcr Maserati ist die Formel E eine nat\u00fcrliche Wahl,<\/strong> da sie der Inbegriff des elektro orientierten Engagements ist. Sie ist gleichzeitig eine wettbewerbsf\u00e4hige Plattform zum Testen und Entwickeln neuer Technologien. Die Meisterschaft hat einen stark technologischen Kontext, was sich im Technologietransfer auf die vollelektrischen Folgore Modelle von Maserati niederschl\u00e4gt. <\/p>\n\n\n\n<p>Maserati deb\u00fctierte in Saison 9 (2023) in der ABB FIA Formel-E-Weltmeisterschaft, in der erstmals Fahrzeuge der dritten Generation an den Start gingen. In der neuen Saison 11 werden die Fahrzeuge als GEN3 EVO eine deutliche Leistungssteigerung aufweisen. Vor dem grossen GEN4-Update erreicht die Zwischengeneration eine Leistung von bis zu 350 kW, besitzt Allradantrieb mit voller Leistung in bestimmten Momenten des Rennens sowie eine Energier\u00fcckgewinnung von bis zu 600 kW. Das Fahrzeug erreicht eine Beschleunigung von 0 auf 100 km\/h in nur 1,82 Sekunden \u2013 36 Prozent schneller als sein Vorg\u00e4nger. Das GEN4-Projekt zielt darauf ab, ein noch h\u00f6heres Leistungsniveau zu erreichen mit Allradantrieb w\u00e4hrend des gesamten Rennens sowie weiteren Leistungssteigerungen, um noch Action-reichere Rennen auf m\u00f6glichst nachhaltige Weise zu erm\u00f6glichen.<\/p>\n\n\n\n<p><strong>Santo Ficili, CEO, Maserati S.p.A.:<em> \u201eWir sind \u00e4usserst stolz darauf, unser Engagement f\u00fcr eine so prestigetr\u00e4chtige und innovative Plattform wie die Formel E fortzusetzen. F\u00fcr unsere Marke ist die Verbindung zwischen Rennstrecke und Strasse unzertrennlich. Die Entwicklung der Monoposti zeigt, wie viele Entwicklungsm\u00f6glichkeiten die Elektromobilit\u00e4t bietet. Wir werden weiterhin wichtige Erkenntnisse aus den Rennen der ABB FIA Formel-E-Weltmeisterschaft ziehen, um sie auf unsere vollelektrische Produktpalette zu \u00fcbertragen, die jetzt aus dem SUV Grecale Folgore, dem legend\u00e4ren GranTurismo Folgore und dem Cabriolet GranCabrio Folgore besteht.\u201c <\/em><\/strong><\/p>\n\n\n\n<p><strong>Jean-Marc Finot, Senior VP, STELLANTIS Motorsport:<em> \u201eWir freuen uns, das Engagement von Stellantis Motorsport f\u00fcr Maserati in der k\u00fcnftigen GEN4 der Formel E bekannt zu geben. Seit \u00fcber zehn Jahren entwickeln wir hocheffiziente Antriebsstr\u00e4nge f\u00fcr DS und Maserati und werden in einer so wettbewerbsintensiven und vielversprechenden Meisterschaft wie der Formel E weiterhin an diesen strassentauglichen Technologien arbeiten. Die Bedingungen f\u00fcr das Engagement anderer Stellantis Marken werden sp\u00e4ter festgelegt.\u201c <\/em><\/strong><\/p>\n\n\n\n<p><strong>Jeff Dodds, CEO, Formel E:<em> \u201eWir freuen uns sehr, das anhaltende Engagement von Maserati f\u00fcr die ABB FIA Formel E-Weltmeisterschaft zu best\u00e4tigen, indem sich die Marke an der Seite von Stellantis Motorsport f\u00fcr die GEN4-\u00c4ra anmeldet. Beide sind ein wertvoller Teil unserer Meisterschaft und haben auf der Strecke bemerkenswerte Leistungen gezeigt, w\u00e4hrend sie gleichzeitig die Technologie f\u00fcr Elektrofahrzeuge vorangetrieben haben. Davon profitieren die Verkehrsteilnehmer. Ihr anhaltendes Engagement ist neben anderen globalen OEMs wie Nissan, Jaguar, Porsche und Lola ein Beweis f\u00fcr den Status der Formel E als wettbewerbsf\u00e4hige und relevante Plattform f\u00fcr die Zukunft der Elektromobilit\u00e4t. Wir k\u00f6nnen es kaum erwarten, zu sehen, wie Maserati seine Reise mit der Formel E fortsetzt und eine neue \u00c4ra verbesserter Performance, Innovation und Action auf der Rennstrecke einleitet.\u201c<\/em><\/strong><\/p>\n\n\n\n<figure class=\"wp-block-image size-large\"><img loading=\"lazy\" decoding=\"async\" width=\"599\" height=\"400\" src=\"https:\/\/tuttosprint.ch\/wp-content\/uploads\/2024\/11\/241126_maseraticommitstogen4erainabbfiaformulaeworldchampionship-6745e1a6c42fd.jpg\" alt=\"241126_maseraticommitstogen4erainabbfiaformulaeworldchampionship-6745e1a6c42fd\" class=\"wp-image-41022\" srcset=\"https:\/\/tuttosprint.ch\/wp-content\/uploads\/2024\/11\/241126_maseraticommitstogen4erainabbfiaformulaeworldchampionship-6745e1a6c42fd.jpg 599w, https:\/\/tuttosprint.ch\/wp-content\/uploads\/2024\/11\/241126_maseraticommitstogen4erainabbfiaformulaeworldchampionship-6745e1a6c42fd-300x200.jpg 300w, https:\/\/tuttosprint.ch\/wp-content\/uploads\/2024\/11\/241126_maseraticommitstogen4erainabbfiaformulaeworldchampionship-6745e1a6c42fd-435x290.jpg 435w, https:\/\/tuttosprint.ch\/wp-content\/uploads\/2024\/11\/241126_maseraticommitstogen4erainabbfiaformulaeworldchampionship-6745e1a6c42fd-150x100.jpg 150w, https:\/\/tuttosprint.ch\/wp-content\/uploads\/2024\/11\/241126_maseraticommitstogen4erainabbfiaformulaeworldchampionship-6745e1a6c42fd-370x247.jpg 370w\" sizes=\"auto, (max-width: 599px) 100vw, 599px\" \/><figcaption><em>Maserati commits to GEN4 era in ABB FIA Formula E World Championship &#8211; (Credit: Maserati)<\/em><\/figcaption><\/figure>\n","protected":false},"excerpt":{"rendered":"<p>Maserati stellt Weichen f\u00fcr die ABB FIA Formel-E-Weltmeisterschaft: Auch in der GEN4-\u00c4ra\u2026<\/p>\n","protected":false},"author":1,"featured_media":41022,"comment_status":"closed","ping_status":"closed","sticky":false,"template":"","format":"standard","meta":{"footnotes":""},"categories":[40,23,21],"tags":[],"class_list":["post-41021","post","type-post","status-publish","format-standard","has-post-thumbnail","hentry","category-emobilitytime-de","category-motorsport-de","category-news"],"yoast_head":"<!-- This site is optimized with the Yoast SEO plugin v27.4 - https:\/\/yoast.com\/product\/yoast-seo-wordpress\/ -->\n<title>MASERATI WIRD AUCH IN DER FORMEL GEN 4 UND ABB FIA ANTRETEN - Tuttosprint<\/title>\n<meta name=\"robots\" content=\"index, follow, max-snippet:-1, max-image-preview:large, max-video-preview:-1\" \/>\n<link rel=\"canonical\" href=\"https:\/\/tuttosprint.ch\/de\/maserati-entra-nella-gen-4-della-formula-e-abb-fia\/\" \/>\n<meta property=\"og:locale\" content=\"de_DE\" \/>\n<meta property=\"og:type\" content=\"article\" \/>\n<meta property=\"og:title\" content=\"MASERATI WIRD AUCH IN DER FORMEL GEN 4 UND ABB FIA ANTRETEN - Tuttosprint\" \/>\n<meta property=\"og:description\" content=\"Maserati stellt Weichen f\u00fcr die ABB FIA Formel-E-Weltmeisterschaft: Auch in der GEN4-\u00c4ra\u2026\" \/>\n<meta property=\"og:url\" content=\"https:\/\/tuttosprint.ch\/de\/maserati-entra-nella-gen-4-della-formula-e-abb-fia\/\" \/>\n<meta property=\"og:site_name\" content=\"Tuttosprint\" \/>\n<meta property=\"article:published_time\" content=\"2024-11-29T16:48:12+00:00\" \/>\n<meta property=\"article:modified_time\" content=\"2024-11-29T17:29:43+00:00\" \/>\n<meta property=\"og:image\" content=\"https:\/\/tuttosprint.ch\/wp-content\/uploads\/2024\/11\/241126_maseraticommitstogen4erainabbfiaformulaeworldchampionship-6745e1a6c42fd.jpg\" \/>\n\t<meta property=\"og:image:width\" content=\"599\" \/>\n\t<meta property=\"og:image:height\" content=\"400\" \/>\n\t<meta property=\"og:image:type\" content=\"image\/jpeg\" \/>\n<meta name=\"author\" content=\"Red. TSP\" \/>\n<meta name=\"twitter:card\" content=\"summary_large_image\" \/>\n<meta name=\"twitter:label1\" content=\"Verfasst von\" \/>\n\t<meta name=\"twitter:data1\" content=\"Red. TSP\" \/>\n\t<meta name=\"twitter:label2\" content=\"Gesch\u00e4tzte Lesezeit\" \/>\n\t<meta name=\"twitter:data2\" content=\"3 Minuten\" \/>\n<script type=\"application\/ld+json\" class=\"yoast-schema-graph\">{\"@context\":\"https:\\\/\\\/schema.org\",\"@graph\":[{\"@type\":\"Article\",\"@id\":\"https:\\\/\\\/tuttosprint.ch\\\/de\\\/maserati-entra-nella-gen-4-della-formula-e-abb-fia\\\/#article\",\"isPartOf\":{\"@id\":\"https:\\\/\\\/tuttosprint.ch\\\/de\\\/maserati-entra-nella-gen-4-della-formula-e-abb-fia\\\/\"},\"author\":{\"name\":\"Red. TSP\",\"@id\":\"https:\\\/\\\/tuttosprint.ch\\\/#\\\/schema\\\/person\\\/84dfe95b43201d701bfdc5df5b4fa1f4\"},\"headline\":\"MASERATI WIRD AUCH IN DER FORMEL GEN 4 UND ABB FIA ANTRETEN\",\"datePublished\":\"2024-11-29T16:48:12+00:00\",\"dateModified\":\"2024-11-29T17:29:43+00:00\",\"mainEntityOfPage\":{\"@id\":\"https:\\\/\\\/tuttosprint.ch\\\/de\\\/maserati-entra-nella-gen-4-della-formula-e-abb-fia\\\/\"},\"wordCount\":562,\"publisher\":{\"@id\":\"https:\\\/\\\/tuttosprint.ch\\\/#organization\"},\"image\":{\"@id\":\"https:\\\/\\\/tuttosprint.ch\\\/de\\\/maserati-entra-nella-gen-4-della-formula-e-abb-fia\\\/#primaryimage\"},\"thumbnailUrl\":\"https:\\\/\\\/tuttosprint.ch\\\/wp-content\\\/uploads\\\/2024\\\/11\\\/241126_maseraticommitstogen4erainabbfiaformulaeworldchampionship-6745e1a6c42fd.jpg\",\"articleSection\":[\"EmobilityTime\",\"Motorsport\",\"News\"],\"inLanguage\":\"de-DE\"},{\"@type\":\"WebPage\",\"@id\":\"https:\\\/\\\/tuttosprint.ch\\\/de\\\/maserati-entra-nella-gen-4-della-formula-e-abb-fia\\\/\",\"url\":\"https:\\\/\\\/tuttosprint.ch\\\/de\\\/maserati-entra-nella-gen-4-della-formula-e-abb-fia\\\/\",\"name\":\"MASERATI WIRD AUCH IN DER FORMEL GEN 4 UND ABB FIA ANTRETEN - Tuttosprint\",\"isPartOf\":{\"@id\":\"https:\\\/\\\/tuttosprint.ch\\\/#website\"},\"primaryImageOfPage\":{\"@id\":\"https:\\\/\\\/tuttosprint.ch\\\/de\\\/maserati-entra-nella-gen-4-della-formula-e-abb-fia\\\/#primaryimage\"},\"image\":{\"@id\":\"https:\\\/\\\/tuttosprint.ch\\\/de\\\/maserati-entra-nella-gen-4-della-formula-e-abb-fia\\\/#primaryimage\"},\"thumbnailUrl\":\"https:\\\/\\\/tuttosprint.ch\\\/wp-content\\\/uploads\\\/2024\\\/11\\\/241126_maseraticommitstogen4erainabbfiaformulaeworldchampionship-6745e1a6c42fd.jpg\",\"datePublished\":\"2024-11-29T16:48:12+00:00\",\"dateModified\":\"2024-11-29T17:29:43+00:00\",\"inLanguage\":\"de-DE\",\"potentialAction\":[{\"@type\":\"ReadAction\",\"target\":[\"https:\\\/\\\/tuttosprint.ch\\\/de\\\/maserati-entra-nella-gen-4-della-formula-e-abb-fia\\\/\"]}]},{\"@type\":\"ImageObject\",\"inLanguage\":\"de-DE\",\"@id\":\"https:\\\/\\\/tuttosprint.ch\\\/de\\\/maserati-entra-nella-gen-4-della-formula-e-abb-fia\\\/#primaryimage\",\"url\":\"https:\\\/\\\/tuttosprint.ch\\\/wp-content\\\/uploads\\\/2024\\\/11\\\/241126_maseraticommitstogen4erainabbfiaformulaeworldchampionship-6745e1a6c42fd.jpg\",\"contentUrl\":\"https:\\\/\\\/tuttosprint.ch\\\/wp-content\\\/uploads\\\/2024\\\/11\\\/241126_maseraticommitstogen4erainabbfiaformulaeworldchampionship-6745e1a6c42fd.jpg\",\"width\":599,\"height\":400,\"caption\":\"Maserati commits to GEN4 era in ABB FIA Formula E World Championship - (Credit: Maserati)\"},{\"@type\":\"WebSite\",\"@id\":\"https:\\\/\\\/tuttosprint.ch\\\/#website\",\"url\":\"https:\\\/\\\/tuttosprint.ch\\\/\",\"name\":\"Tuttosprint\",\"description\":\"\",\"publisher\":{\"@id\":\"https:\\\/\\\/tuttosprint.ch\\\/#organization\"},\"potentialAction\":[{\"@type\":\"SearchAction\",\"target\":{\"@type\":\"EntryPoint\",\"urlTemplate\":\"https:\\\/\\\/tuttosprint.ch\\\/?s={search_term_string}\"},\"query-input\":{\"@type\":\"PropertyValueSpecification\",\"valueRequired\":true,\"valueName\":\"search_term_string\"}}],\"inLanguage\":\"de-DE\"},{\"@type\":\"Organization\",\"@id\":\"https:\\\/\\\/tuttosprint.ch\\\/#organization\",\"name\":\"Tuttosprint\",\"url\":\"https:\\\/\\\/tuttosprint.ch\\\/\",\"logo\":{\"@type\":\"ImageObject\",\"inLanguage\":\"de-DE\",\"@id\":\"https:\\\/\\\/tuttosprint.ch\\\/#\\\/schema\\\/logo\\\/image\\\/\",\"url\":\"https:\\\/\\\/tuttosprint.ch\\\/wp-content\\\/uploads\\\/2018\\\/05\\\/Logo_pos_Tuttosprint-2.png\",\"contentUrl\":\"https:\\\/\\\/tuttosprint.ch\\\/wp-content\\\/uploads\\\/2018\\\/05\\\/Logo_pos_Tuttosprint-2.png\",\"width\":350,\"height\":55,\"caption\":\"Tuttosprint\"},\"image\":{\"@id\":\"https:\\\/\\\/tuttosprint.ch\\\/#\\\/schema\\\/logo\\\/image\\\/\"}},{\"@type\":\"Person\",\"@id\":\"https:\\\/\\\/tuttosprint.ch\\\/#\\\/schema\\\/person\\\/84dfe95b43201d701bfdc5df5b4fa1f4\",\"name\":\"Red. TSP\",\"image\":{\"@type\":\"ImageObject\",\"inLanguage\":\"de-DE\",\"@id\":\"https:\\\/\\\/secure.gravatar.com\\\/avatar\\\/cf0c9e614551eb65b068b8ae2042e0ec60c802bc0fb815d4ebbd1eff13a2e9ad?s=96&d=mm&r=g\",\"url\":\"https:\\\/\\\/secure.gravatar.com\\\/avatar\\\/cf0c9e614551eb65b068b8ae2042e0ec60c802bc0fb815d4ebbd1eff13a2e9ad?s=96&d=mm&r=g\",\"contentUrl\":\"https:\\\/\\\/secure.gravatar.com\\\/avatar\\\/cf0c9e614551eb65b068b8ae2042e0ec60c802bc0fb815d4ebbd1eff13a2e9ad?s=96&d=mm&r=g\",\"caption\":\"Red. TSP\"},\"url\":\"https:\\\/\\\/tuttosprint.ch\\\/de\\\/author\\\/info_vb03q6f2\\\/\"}]}<\/script>\n<!-- \/ Yoast SEO plugin. -->","yoast_head_json":{"title":"MASERATI WIRD AUCH IN DER FORMEL GEN 4 UND ABB FIA ANTRETEN - Tuttosprint","robots":{"index":"index","follow":"follow","max-snippet":"max-snippet:-1","max-image-preview":"max-image-preview:large","max-video-preview":"max-video-preview:-1"},"canonical":"https:\/\/tuttosprint.ch\/de\/maserati-entra-nella-gen-4-della-formula-e-abb-fia\/","og_locale":"de_DE","og_type":"article","og_title":"MASERATI WIRD AUCH IN DER FORMEL GEN 4 UND ABB FIA ANTRETEN - Tuttosprint","og_description":"Maserati stellt Weichen f\u00fcr die ABB FIA Formel-E-Weltmeisterschaft: Auch in der GEN4-\u00c4ra\u2026","og_url":"https:\/\/tuttosprint.ch\/de\/maserati-entra-nella-gen-4-della-formula-e-abb-fia\/","og_site_name":"Tuttosprint","article_published_time":"2024-11-29T16:48:12+00:00","article_modified_time":"2024-11-29T17:29:43+00:00","og_image":[{"width":599,"height":400,"url":"https:\/\/tuttosprint.ch\/wp-content\/uploads\/2024\/11\/241126_maseraticommitstogen4erainabbfiaformulaeworldchampionship-6745e1a6c42fd.jpg","type":"image\/jpeg"}],"author":"Red. TSP","twitter_card":"summary_large_image","twitter_misc":{"Verfasst von":"Red. TSP","Gesch\u00e4tzte Lesezeit":"3 Minuten"},"schema":{"@context":"https:\/\/schema.org","@graph":[{"@type":"Article","@id":"https:\/\/tuttosprint.ch\/de\/maserati-entra-nella-gen-4-della-formula-e-abb-fia\/#article","isPartOf":{"@id":"https:\/\/tuttosprint.ch\/de\/maserati-entra-nella-gen-4-della-formula-e-abb-fia\/"},"author":{"name":"Red. TSP","@id":"https:\/\/tuttosprint.ch\/#\/schema\/person\/84dfe95b43201d701bfdc5df5b4fa1f4"},"headline":"MASERATI WIRD AUCH IN DER FORMEL GEN 4 UND ABB FIA ANTRETEN","datePublished":"2024-11-29T16:48:12+00:00","dateModified":"2024-11-29T17:29:43+00:00","mainEntityOfPage":{"@id":"https:\/\/tuttosprint.ch\/de\/maserati-entra-nella-gen-4-della-formula-e-abb-fia\/"},"wordCount":562,"publisher":{"@id":"https:\/\/tuttosprint.ch\/#organization"},"image":{"@id":"https:\/\/tuttosprint.ch\/de\/maserati-entra-nella-gen-4-della-formula-e-abb-fia\/#primaryimage"},"thumbnailUrl":"https:\/\/tuttosprint.ch\/wp-content\/uploads\/2024\/11\/241126_maseraticommitstogen4erainabbfiaformulaeworldchampionship-6745e1a6c42fd.jpg","articleSection":["EmobilityTime","Motorsport","News"],"inLanguage":"de-DE"},{"@type":"WebPage","@id":"https:\/\/tuttosprint.ch\/de\/maserati-entra-nella-gen-4-della-formula-e-abb-fia\/","url":"https:\/\/tuttosprint.ch\/de\/maserati-entra-nella-gen-4-della-formula-e-abb-fia\/","name":"MASERATI WIRD AUCH IN DER FORMEL GEN 4 UND ABB FIA ANTRETEN - Tuttosprint","isPartOf":{"@id":"https:\/\/tuttosprint.ch\/#website"},"primaryImageOfPage":{"@id":"https:\/\/tuttosprint.ch\/de\/maserati-entra-nella-gen-4-della-formula-e-abb-fia\/#primaryimage"},"image":{"@id":"https:\/\/tuttosprint.ch\/de\/maserati-entra-nella-gen-4-della-formula-e-abb-fia\/#primaryimage"},"thumbnailUrl":"https:\/\/tuttosprint.ch\/wp-content\/uploads\/2024\/11\/241126_maseraticommitstogen4erainabbfiaformulaeworldchampionship-6745e1a6c42fd.jpg","datePublished":"2024-11-29T16:48:12+00:00","dateModified":"2024-11-29T17:29:43+00:00","inLanguage":"de-DE","potentialAction":[{"@type":"ReadAction","target":["https:\/\/tuttosprint.ch\/de\/maserati-entra-nella-gen-4-della-formula-e-abb-fia\/"]}]},{"@type":"ImageObject","inLanguage":"de-DE","@id":"https:\/\/tuttosprint.ch\/de\/maserati-entra-nella-gen-4-della-formula-e-abb-fia\/#primaryimage","url":"https:\/\/tuttosprint.ch\/wp-content\/uploads\/2024\/11\/241126_maseraticommitstogen4erainabbfiaformulaeworldchampionship-6745e1a6c42fd.jpg","contentUrl":"https:\/\/tuttosprint.ch\/wp-content\/uploads\/2024\/11\/241126_maseraticommitstogen4erainabbfiaformulaeworldchampionship-6745e1a6c42fd.jpg","width":599,"height":400,"caption":"Maserati commits to GEN4 era in ABB FIA Formula E World Championship - (Credit: Maserati)"},{"@type":"WebSite","@id":"https:\/\/tuttosprint.ch\/#website","url":"https:\/\/tuttosprint.ch\/","name":"Tuttosprint","description":"","publisher":{"@id":"https:\/\/tuttosprint.ch\/#organization"},"potentialAction":[{"@type":"SearchAction","target":{"@type":"EntryPoint","urlTemplate":"https:\/\/tuttosprint.ch\/?s={search_term_string}"},"query-input":{"@type":"PropertyValueSpecification","valueRequired":true,"valueName":"search_term_string"}}],"inLanguage":"de-DE"},{"@type":"Organization","@id":"https:\/\/tuttosprint.ch\/#organization","name":"Tuttosprint","url":"https:\/\/tuttosprint.ch\/","logo":{"@type":"ImageObject","inLanguage":"de-DE","@id":"https:\/\/tuttosprint.ch\/#\/schema\/logo\/image\/","url":"https:\/\/tuttosprint.ch\/wp-content\/uploads\/2018\/05\/Logo_pos_Tuttosprint-2.png","contentUrl":"https:\/\/tuttosprint.ch\/wp-content\/uploads\/2018\/05\/Logo_pos_Tuttosprint-2.png","width":350,"height":55,"caption":"Tuttosprint"},"image":{"@id":"https:\/\/tuttosprint.ch\/#\/schema\/logo\/image\/"}},{"@type":"Person","@id":"https:\/\/tuttosprint.ch\/#\/schema\/person\/84dfe95b43201d701bfdc5df5b4fa1f4","name":"Red. TSP","image":{"@type":"ImageObject","inLanguage":"de-DE","@id":"https:\/\/secure.gravatar.com\/avatar\/cf0c9e614551eb65b068b8ae2042e0ec60c802bc0fb815d4ebbd1eff13a2e9ad?s=96&d=mm&r=g","url":"https:\/\/secure.gravatar.com\/avatar\/cf0c9e614551eb65b068b8ae2042e0ec60c802bc0fb815d4ebbd1eff13a2e9ad?s=96&d=mm&r=g","contentUrl":"https:\/\/secure.gravatar.com\/avatar\/cf0c9e614551eb65b068b8ae2042e0ec60c802bc0fb815d4ebbd1eff13a2e9ad?s=96&d=mm&r=g","caption":"Red. TSP"},"url":"https:\/\/tuttosprint.ch\/de\/author\/info_vb03q6f2\/"}]}},"_links":{"self":[{"href":"https:\/\/tuttosprint.ch\/de\/wp-json\/wp\/v2\/posts\/41021","targetHints":{"allow":["GET"]}}],"collection":[{"href":"https:\/\/tuttosprint.ch\/de\/wp-json\/wp\/v2\/posts"}],"about":[{"href":"https:\/\/tuttosprint.ch\/de\/wp-json\/wp\/v2\/types\/post"}],"author":[{"embeddable":true,"href":"https:\/\/tuttosprint.ch\/de\/wp-json\/wp\/v2\/users\/1"}],"replies":[{"embeddable":true,"href":"https:\/\/tuttosprint.ch\/de\/wp-json\/wp\/v2\/comments?post=41021"}],"version-history":[{"count":4,"href":"https:\/\/tuttosprint.ch\/de\/wp-json\/wp\/v2\/posts\/41021\/revisions"}],"predecessor-version":[{"id":41029,"href":"https:\/\/tuttosprint.ch\/de\/wp-json\/wp\/v2\/posts\/41021\/revisions\/41029"}],"wp:featuredmedia":[{"embeddable":true,"href":"https:\/\/tuttosprint.ch\/de\/wp-json\/wp\/v2\/media\/41022"}],"wp:attachment":[{"href":"https:\/\/tuttosprint.ch\/de\/wp-json\/wp\/v2\/media?parent=41021"}],"wp:term":[{"taxonomy":"category","embeddable":true,"href":"https:\/\/tuttosprint.ch\/de\/wp-json\/wp\/v2\/categories?post=41021"},{"taxonomy":"post_tag","embeddable":true,"href":"https:\/\/tuttosprint.ch\/de\/wp-json\/wp\/v2\/tags?post=41021"}],"curies":[{"name":"wp","href":"https:\/\/api.w.org\/{rel}","templated":true}]}}