{"id":51857,"date":"2026-02-06T19:09:37","date_gmt":"2026-02-06T17:09:37","guid":{"rendered":"https:\/\/tuttosprint.ch\/?p=51857"},"modified":"2026-02-06T19:09:38","modified_gmt":"2026-02-06T17:09:38","slug":"fiat-professional-verzeichnet-starkes-wachstum-in-der-schweiz","status":"publish","type":"post","link":"https:\/\/tuttosprint.ch\/de\/fiat-professional-verzeichnet-starkes-wachstum-in-der-schweiz\/","title":{"rendered":"FIAT PROFESSIONAL VERZEICHNET STARKES WACHSTUM IN DER SCHWEIZ"},"content":{"rendered":"\n<h4 class=\"wp-block-heading\">ENTGEGEN DEM MARKTTREND STEIGERT DIE ITALIENISCHE MARKE IHREN ABSATZ IM JAHR 2025 UM 10 % \u2013 STARKER ANTEIL AN ELEKTROFAHRZEUGEN &#8211; STARKER ELEKTROANTEIL &#8211;<\/h4>\n\n\n\n<p><\/p>\n\n\n\n<p>FIAT Professional steigerte die Verk\u00e4ufe in der Schweiz 2025 um 10 Prozent, obwohl der Gesamtmarkt f\u00fcr leichte Nutzfahrzeuge hierzulande um 4,4 Prozent zur\u00fcckging. Deutlicher Marktanteilsgewinn: Plus 0,5 Prozentpunkte im Vergleich zum Vorjahr. Starker Elektroanteil: 18 Prozent der FIAT Professional Neuzulassungen sind vollelektrisch.<\/p>\n\n\n\n<p>FIAT Dobl\u00f2 mit nahezu verdoppelten Verk\u00e4ufen \u2013 hohe Nachfrage auch dank Grossauftrag der Schweizerischen Post.<\/p>\n\n\n\n<p><strong>FIAT Professional verzeichnete im Jahr 2025<\/strong> eine deutliche Absatzsteigerung und wuchs damit klar gegen den Markttrend. W\u00e4hrend der Gesamtmarkt f\u00fcr leichte Nutzfahrzeuge in der Schweiz um 4,4 Prozent auf 25\u2019152 zugelassene Fahrzeuge zur\u00fcckging, konnte FIAT Professional seine Verk\u00e4ufe auf 1\u2019008 Einheiten steigern und erzielte damit ein Plus von 10 Prozent gegen\u00fcber dem Vorjahr, in dem 918 Fahrzeuge verkauft wurden. Der Marktanteil erh\u00f6hte sich gleichzeitig von 3,5 auf 4,0 Prozent.<\/p>\n\n\n\n<p><strong>Auch im Bereich der Elektromobilit\u00e4t<\/strong> zeigt die Marke eine starke Entwicklung. Insgesamt 177 der verkauften Fahrzeuge waren 2025 vollelektrisch, was einem Anteil von 18 Prozent entspricht und nahezu dem BEV\u2011Marktanteil von 18 Prozent im Gesamtsegment entspricht. Besonders erfolgreich war der vollelektrische FIAT E\u2011Dobl\u00f2, dessen Zulassungen um beeindruckende 214 Prozent stiegen: 110 Einheiten wurden verkauft, nachdem es im Vorjahr 35 gewesen waren. Einen wesentlichen Beitrag zu diesem Ergebnis leistete ein Grossauftrag der Schweizerischen Post \u00fcber 64 Fahrzeuge.<\/p>\n\n\n\n<p><strong>Der FIAT Dobl\u00f2 entwickelte sich 2025 zum \u00dcberflieger der Marke.<\/strong> Mit 288 neu zugelassenen Einheiten verdoppelte er seine Verk\u00e4ufe im Vergleich zu 2024. Dieses Wachstum f\u00fchrte dazu, dass FIAT Professional seinen Marktanteil im C\u2011Segment deutlich von 2,6 auf 4,5 Prozent erh\u00f6hen konnte.<\/p>\n\n\n\n<p>Auch in weiteren Segmenten konnte die Marke ihre Position festigen. Im D\u2011Segment wurden 351 FIAT Scudo zugelassen, was einer Steigerung um 10,4 Prozent gegen\u00fcber den 318 Fahrzeugen des Vorjahres entspricht. Dadurch wuchs der Marktanteil von 2,8 auf 3,2 Prozent.<\/p>\n\n\n\n<p><strong>Im E\u2011Segment, in dem FIAT Professional mit dem Ducato vertreten ist,<\/strong> wurden 2025 insgesamt 369 Fahrzeuge verkauft, was zwar einem R\u00fcckgang von 18,9 Prozent entspricht, jedoch angesichts eines marktweiten Segmentr\u00fcckgangs von 21,4 Prozent dennoch zu einer leichten Marktanteilssteigerung von 5,0 auf 5,1 Prozent f\u00fchrte.<\/p>\n\n\n\n<p><strong>FIAT Professional bietet ein umfassendes Angebot an leichten Nutzfahrzeugen,<\/strong> das vom kompakten Dobl\u00f2 \u00fcber den vielseitigen Scudo bis zum etablierten Ducato reicht, der k\u00fcrzlich vom Fachmagazin \u00abpromobil\u00bb zum 18. Mal infolge zum beliebtesten Basisfahrzeug f\u00fcr Reisemobile ausgezeichnet wurde.<\/p>\n","protected":false},"excerpt":{"rendered":"<p>ENTGEGEN DEM MARKTTREND STEIGERT DIE ITALIENISCHE MARKE IHREN ABSATZ IM JAHR 2025\u2026<\/p>\n","protected":false},"author":1,"featured_media":51854,"comment_status":"closed","ping_status":"closed","sticky":false,"template":"","format":"standard","meta":{"footnotes":""},"categories":[21,42],"tags":[],"class_list":["post-51857","post","type-post","status-publish","format-standard","has-post-thumbnail","hentry","category-news","category-nutzfahrzeuge"],"yoast_head":"<!-- This site is optimized with the Yoast SEO plugin v27.4 - https:\/\/yoast.com\/product\/yoast-seo-wordpress\/ -->\n<title>FIAT PROFESSIONAL VERZEICHNET STARKES WACHSTUM IN DER SCHWEIZ - Tuttosprint<\/title>\n<meta name=\"robots\" content=\"index, follow, max-snippet:-1, max-image-preview:large, max-video-preview:-1\" \/>\n<link rel=\"canonical\" href=\"https:\/\/tuttosprint.ch\/de\/fiat-professional-verzeichnet-starkes-wachstum-in-der-schweiz\/\" \/>\n<meta property=\"og:locale\" content=\"de_DE\" \/>\n<meta property=\"og:type\" content=\"article\" \/>\n<meta property=\"og:title\" content=\"FIAT PROFESSIONAL VERZEICHNET STARKES WACHSTUM IN DER SCHWEIZ - Tuttosprint\" \/>\n<meta property=\"og:description\" content=\"ENTGEGEN DEM MARKTTREND STEIGERT DIE ITALIENISCHE MARKE IHREN ABSATZ IM JAHR 2025\u2026\" \/>\n<meta property=\"og:url\" content=\"https:\/\/tuttosprint.ch\/de\/fiat-professional-verzeichnet-starkes-wachstum-in-der-schweiz\/\" \/>\n<meta property=\"og:site_name\" content=\"Tuttosprint\" \/>\n<meta property=\"article:published_time\" content=\"2026-02-06T17:09:37+00:00\" \/>\n<meta property=\"article:modified_time\" content=\"2026-02-06T17:09:38+00:00\" \/>\n<meta property=\"og:image\" content=\"https:\/\/tuttosprint.ch\/wp-content\/uploads\/2026\/02\/fiat_pro_range-6985e6fc9300c.jpg\" \/>\n\t<meta property=\"og:image:width\" content=\"711\" \/>\n\t<meta property=\"og:image:height\" content=\"400\" \/>\n\t<meta property=\"og:image:type\" content=\"image\/jpeg\" \/>\n<meta name=\"author\" content=\"Red. TSP\" \/>\n<meta name=\"twitter:card\" content=\"summary_large_image\" \/>\n<meta name=\"twitter:label1\" content=\"Verfasst von\" \/>\n\t<meta name=\"twitter:data1\" content=\"Red. TSP\" \/>\n\t<meta name=\"twitter:label2\" content=\"Gesch\u00e4tzte Lesezeit\" \/>\n\t<meta name=\"twitter:data2\" content=\"3 Minuten\" \/>\n<script type=\"application\/ld+json\" class=\"yoast-schema-graph\">{\"@context\":\"https:\\\/\\\/schema.org\",\"@graph\":[{\"@type\":\"Article\",\"@id\":\"https:\\\/\\\/tuttosprint.ch\\\/de\\\/fiat-professional-verzeichnet-starkes-wachstum-in-der-schweiz\\\/#article\",\"isPartOf\":{\"@id\":\"https:\\\/\\\/tuttosprint.ch\\\/de\\\/fiat-professional-verzeichnet-starkes-wachstum-in-der-schweiz\\\/\"},\"author\":{\"name\":\"Red. TSP\",\"@id\":\"https:\\\/\\\/tuttosprint.ch\\\/#\\\/schema\\\/person\\\/84dfe95b43201d701bfdc5df5b4fa1f4\"},\"headline\":\"FIAT PROFESSIONAL VERZEICHNET STARKES WACHSTUM IN DER SCHWEIZ\",\"datePublished\":\"2026-02-06T17:09:37+00:00\",\"dateModified\":\"2026-02-06T17:09:38+00:00\",\"mainEntityOfPage\":{\"@id\":\"https:\\\/\\\/tuttosprint.ch\\\/de\\\/fiat-professional-verzeichnet-starkes-wachstum-in-der-schweiz\\\/\"},\"wordCount\":379,\"publisher\":{\"@id\":\"https:\\\/\\\/tuttosprint.ch\\\/#organization\"},\"image\":{\"@id\":\"https:\\\/\\\/tuttosprint.ch\\\/de\\\/fiat-professional-verzeichnet-starkes-wachstum-in-der-schweiz\\\/#primaryimage\"},\"thumbnailUrl\":\"https:\\\/\\\/tuttosprint.ch\\\/wp-content\\\/uploads\\\/2026\\\/02\\\/fiat_pro_range-6985e6fc9300c.jpg\",\"articleSection\":[\"News\",\"Nutzfahrzeuge\"],\"inLanguage\":\"de-DE\"},{\"@type\":\"WebPage\",\"@id\":\"https:\\\/\\\/tuttosprint.ch\\\/de\\\/fiat-professional-verzeichnet-starkes-wachstum-in-der-schweiz\\\/\",\"url\":\"https:\\\/\\\/tuttosprint.ch\\\/de\\\/fiat-professional-verzeichnet-starkes-wachstum-in-der-schweiz\\\/\",\"name\":\"FIAT PROFESSIONAL VERZEICHNET STARKES WACHSTUM IN DER SCHWEIZ - Tuttosprint\",\"isPartOf\":{\"@id\":\"https:\\\/\\\/tuttosprint.ch\\\/#website\"},\"primaryImageOfPage\":{\"@id\":\"https:\\\/\\\/tuttosprint.ch\\\/de\\\/fiat-professional-verzeichnet-starkes-wachstum-in-der-schweiz\\\/#primaryimage\"},\"image\":{\"@id\":\"https:\\\/\\\/tuttosprint.ch\\\/de\\\/fiat-professional-verzeichnet-starkes-wachstum-in-der-schweiz\\\/#primaryimage\"},\"thumbnailUrl\":\"https:\\\/\\\/tuttosprint.ch\\\/wp-content\\\/uploads\\\/2026\\\/02\\\/fiat_pro_range-6985e6fc9300c.jpg\",\"datePublished\":\"2026-02-06T17:09:37+00:00\",\"dateModified\":\"2026-02-06T17:09:38+00:00\",\"inLanguage\":\"de-DE\",\"potentialAction\":[{\"@type\":\"ReadAction\",\"target\":[\"https:\\\/\\\/tuttosprint.ch\\\/de\\\/fiat-professional-verzeichnet-starkes-wachstum-in-der-schweiz\\\/\"]}]},{\"@type\":\"ImageObject\",\"inLanguage\":\"de-DE\",\"@id\":\"https:\\\/\\\/tuttosprint.ch\\\/de\\\/fiat-professional-verzeichnet-starkes-wachstum-in-der-schweiz\\\/#primaryimage\",\"url\":\"https:\\\/\\\/tuttosprint.ch\\\/wp-content\\\/uploads\\\/2026\\\/02\\\/fiat_pro_range-6985e6fc9300c.jpg\",\"contentUrl\":\"https:\\\/\\\/tuttosprint.ch\\\/wp-content\\\/uploads\\\/2026\\\/02\\\/fiat_pro_range-6985e6fc9300c.jpg\",\"width\":711,\"height\":400,\"caption\":\"(Credit: Fiat Professional)\"},{\"@type\":\"WebSite\",\"@id\":\"https:\\\/\\\/tuttosprint.ch\\\/#website\",\"url\":\"https:\\\/\\\/tuttosprint.ch\\\/\",\"name\":\"Tuttosprint\",\"description\":\"\",\"publisher\":{\"@id\":\"https:\\\/\\\/tuttosprint.ch\\\/#organization\"},\"potentialAction\":[{\"@type\":\"SearchAction\",\"target\":{\"@type\":\"EntryPoint\",\"urlTemplate\":\"https:\\\/\\\/tuttosprint.ch\\\/?s={search_term_string}\"},\"query-input\":{\"@type\":\"PropertyValueSpecification\",\"valueRequired\":true,\"valueName\":\"search_term_string\"}}],\"inLanguage\":\"de-DE\"},{\"@type\":\"Organization\",\"@id\":\"https:\\\/\\\/tuttosprint.ch\\\/#organization\",\"name\":\"Tuttosprint\",\"url\":\"https:\\\/\\\/tuttosprint.ch\\\/\",\"logo\":{\"@type\":\"ImageObject\",\"inLanguage\":\"de-DE\",\"@id\":\"https:\\\/\\\/tuttosprint.ch\\\/#\\\/schema\\\/logo\\\/image\\\/\",\"url\":\"https:\\\/\\\/tuttosprint.ch\\\/wp-content\\\/uploads\\\/2018\\\/05\\\/Logo_pos_Tuttosprint-2.png\",\"contentUrl\":\"https:\\\/\\\/tuttosprint.ch\\\/wp-content\\\/uploads\\\/2018\\\/05\\\/Logo_pos_Tuttosprint-2.png\",\"width\":350,\"height\":55,\"caption\":\"Tuttosprint\"},\"image\":{\"@id\":\"https:\\\/\\\/tuttosprint.ch\\\/#\\\/schema\\\/logo\\\/image\\\/\"}},{\"@type\":\"Person\",\"@id\":\"https:\\\/\\\/tuttosprint.ch\\\/#\\\/schema\\\/person\\\/84dfe95b43201d701bfdc5df5b4fa1f4\",\"name\":\"Red. TSP\",\"image\":{\"@type\":\"ImageObject\",\"inLanguage\":\"de-DE\",\"@id\":\"https:\\\/\\\/secure.gravatar.com\\\/avatar\\\/cf0c9e614551eb65b068b8ae2042e0ec60c802bc0fb815d4ebbd1eff13a2e9ad?s=96&d=mm&r=g\",\"url\":\"https:\\\/\\\/secure.gravatar.com\\\/avatar\\\/cf0c9e614551eb65b068b8ae2042e0ec60c802bc0fb815d4ebbd1eff13a2e9ad?s=96&d=mm&r=g\",\"contentUrl\":\"https:\\\/\\\/secure.gravatar.com\\\/avatar\\\/cf0c9e614551eb65b068b8ae2042e0ec60c802bc0fb815d4ebbd1eff13a2e9ad?s=96&d=mm&r=g\",\"caption\":\"Red. TSP\"},\"url\":\"https:\\\/\\\/tuttosprint.ch\\\/de\\\/author\\\/info_vb03q6f2\\\/\"}]}<\/script>\n<!-- \/ Yoast SEO plugin. -->","yoast_head_json":{"title":"FIAT PROFESSIONAL VERZEICHNET STARKES WACHSTUM IN DER SCHWEIZ - Tuttosprint","robots":{"index":"index","follow":"follow","max-snippet":"max-snippet:-1","max-image-preview":"max-image-preview:large","max-video-preview":"max-video-preview:-1"},"canonical":"https:\/\/tuttosprint.ch\/de\/fiat-professional-verzeichnet-starkes-wachstum-in-der-schweiz\/","og_locale":"de_DE","og_type":"article","og_title":"FIAT PROFESSIONAL VERZEICHNET STARKES WACHSTUM IN DER SCHWEIZ - Tuttosprint","og_description":"ENTGEGEN DEM MARKTTREND STEIGERT DIE ITALIENISCHE MARKE IHREN ABSATZ IM JAHR 2025\u2026","og_url":"https:\/\/tuttosprint.ch\/de\/fiat-professional-verzeichnet-starkes-wachstum-in-der-schweiz\/","og_site_name":"Tuttosprint","article_published_time":"2026-02-06T17:09:37+00:00","article_modified_time":"2026-02-06T17:09:38+00:00","og_image":[{"width":711,"height":400,"url":"https:\/\/tuttosprint.ch\/wp-content\/uploads\/2026\/02\/fiat_pro_range-6985e6fc9300c.jpg","type":"image\/jpeg"}],"author":"Red. TSP","twitter_card":"summary_large_image","twitter_misc":{"Verfasst von":"Red. TSP","Gesch\u00e4tzte Lesezeit":"3 Minuten"},"schema":{"@context":"https:\/\/schema.org","@graph":[{"@type":"Article","@id":"https:\/\/tuttosprint.ch\/de\/fiat-professional-verzeichnet-starkes-wachstum-in-der-schweiz\/#article","isPartOf":{"@id":"https:\/\/tuttosprint.ch\/de\/fiat-professional-verzeichnet-starkes-wachstum-in-der-schweiz\/"},"author":{"name":"Red. TSP","@id":"https:\/\/tuttosprint.ch\/#\/schema\/person\/84dfe95b43201d701bfdc5df5b4fa1f4"},"headline":"FIAT PROFESSIONAL VERZEICHNET STARKES WACHSTUM IN DER SCHWEIZ","datePublished":"2026-02-06T17:09:37+00:00","dateModified":"2026-02-06T17:09:38+00:00","mainEntityOfPage":{"@id":"https:\/\/tuttosprint.ch\/de\/fiat-professional-verzeichnet-starkes-wachstum-in-der-schweiz\/"},"wordCount":379,"publisher":{"@id":"https:\/\/tuttosprint.ch\/#organization"},"image":{"@id":"https:\/\/tuttosprint.ch\/de\/fiat-professional-verzeichnet-starkes-wachstum-in-der-schweiz\/#primaryimage"},"thumbnailUrl":"https:\/\/tuttosprint.ch\/wp-content\/uploads\/2026\/02\/fiat_pro_range-6985e6fc9300c.jpg","articleSection":["News","Nutzfahrzeuge"],"inLanguage":"de-DE"},{"@type":"WebPage","@id":"https:\/\/tuttosprint.ch\/de\/fiat-professional-verzeichnet-starkes-wachstum-in-der-schweiz\/","url":"https:\/\/tuttosprint.ch\/de\/fiat-professional-verzeichnet-starkes-wachstum-in-der-schweiz\/","name":"FIAT PROFESSIONAL VERZEICHNET STARKES WACHSTUM IN DER SCHWEIZ - Tuttosprint","isPartOf":{"@id":"https:\/\/tuttosprint.ch\/#website"},"primaryImageOfPage":{"@id":"https:\/\/tuttosprint.ch\/de\/fiat-professional-verzeichnet-starkes-wachstum-in-der-schweiz\/#primaryimage"},"image":{"@id":"https:\/\/tuttosprint.ch\/de\/fiat-professional-verzeichnet-starkes-wachstum-in-der-schweiz\/#primaryimage"},"thumbnailUrl":"https:\/\/tuttosprint.ch\/wp-content\/uploads\/2026\/02\/fiat_pro_range-6985e6fc9300c.jpg","datePublished":"2026-02-06T17:09:37+00:00","dateModified":"2026-02-06T17:09:38+00:00","inLanguage":"de-DE","potentialAction":[{"@type":"ReadAction","target":["https:\/\/tuttosprint.ch\/de\/fiat-professional-verzeichnet-starkes-wachstum-in-der-schweiz\/"]}]},{"@type":"ImageObject","inLanguage":"de-DE","@id":"https:\/\/tuttosprint.ch\/de\/fiat-professional-verzeichnet-starkes-wachstum-in-der-schweiz\/#primaryimage","url":"https:\/\/tuttosprint.ch\/wp-content\/uploads\/2026\/02\/fiat_pro_range-6985e6fc9300c.jpg","contentUrl":"https:\/\/tuttosprint.ch\/wp-content\/uploads\/2026\/02\/fiat_pro_range-6985e6fc9300c.jpg","width":711,"height":400,"caption":"(Credit: Fiat Professional)"},{"@type":"WebSite","@id":"https:\/\/tuttosprint.ch\/#website","url":"https:\/\/tuttosprint.ch\/","name":"Tuttosprint","description":"","publisher":{"@id":"https:\/\/tuttosprint.ch\/#organization"},"potentialAction":[{"@type":"SearchAction","target":{"@type":"EntryPoint","urlTemplate":"https:\/\/tuttosprint.ch\/?s={search_term_string}"},"query-input":{"@type":"PropertyValueSpecification","valueRequired":true,"valueName":"search_term_string"}}],"inLanguage":"de-DE"},{"@type":"Organization","@id":"https:\/\/tuttosprint.ch\/#organization","name":"Tuttosprint","url":"https:\/\/tuttosprint.ch\/","logo":{"@type":"ImageObject","inLanguage":"de-DE","@id":"https:\/\/tuttosprint.ch\/#\/schema\/logo\/image\/","url":"https:\/\/tuttosprint.ch\/wp-content\/uploads\/2018\/05\/Logo_pos_Tuttosprint-2.png","contentUrl":"https:\/\/tuttosprint.ch\/wp-content\/uploads\/2018\/05\/Logo_pos_Tuttosprint-2.png","width":350,"height":55,"caption":"Tuttosprint"},"image":{"@id":"https:\/\/tuttosprint.ch\/#\/schema\/logo\/image\/"}},{"@type":"Person","@id":"https:\/\/tuttosprint.ch\/#\/schema\/person\/84dfe95b43201d701bfdc5df5b4fa1f4","name":"Red. TSP","image":{"@type":"ImageObject","inLanguage":"de-DE","@id":"https:\/\/secure.gravatar.com\/avatar\/cf0c9e614551eb65b068b8ae2042e0ec60c802bc0fb815d4ebbd1eff13a2e9ad?s=96&d=mm&r=g","url":"https:\/\/secure.gravatar.com\/avatar\/cf0c9e614551eb65b068b8ae2042e0ec60c802bc0fb815d4ebbd1eff13a2e9ad?s=96&d=mm&r=g","contentUrl":"https:\/\/secure.gravatar.com\/avatar\/cf0c9e614551eb65b068b8ae2042e0ec60c802bc0fb815d4ebbd1eff13a2e9ad?s=96&d=mm&r=g","caption":"Red. TSP"},"url":"https:\/\/tuttosprint.ch\/de\/author\/info_vb03q6f2\/"}]}},"_links":{"self":[{"href":"https:\/\/tuttosprint.ch\/de\/wp-json\/wp\/v2\/posts\/51857","targetHints":{"allow":["GET"]}}],"collection":[{"href":"https:\/\/tuttosprint.ch\/de\/wp-json\/wp\/v2\/posts"}],"about":[{"href":"https:\/\/tuttosprint.ch\/de\/wp-json\/wp\/v2\/types\/post"}],"author":[{"embeddable":true,"href":"https:\/\/tuttosprint.ch\/de\/wp-json\/wp\/v2\/users\/1"}],"replies":[{"embeddable":true,"href":"https:\/\/tuttosprint.ch\/de\/wp-json\/wp\/v2\/comments?post=51857"}],"version-history":[{"count":1,"href":"https:\/\/tuttosprint.ch\/de\/wp-json\/wp\/v2\/posts\/51857\/revisions"}],"predecessor-version":[{"id":51858,"href":"https:\/\/tuttosprint.ch\/de\/wp-json\/wp\/v2\/posts\/51857\/revisions\/51858"}],"wp:featuredmedia":[{"embeddable":true,"href":"https:\/\/tuttosprint.ch\/de\/wp-json\/wp\/v2\/media\/51854"}],"wp:attachment":[{"href":"https:\/\/tuttosprint.ch\/de\/wp-json\/wp\/v2\/media?parent=51857"}],"wp:term":[{"taxonomy":"category","embeddable":true,"href":"https:\/\/tuttosprint.ch\/de\/wp-json\/wp\/v2\/categories?post=51857"},{"taxonomy":"post_tag","embeddable":true,"href":"https:\/\/tuttosprint.ch\/de\/wp-json\/wp\/v2\/tags?post=51857"}],"curies":[{"name":"wp","href":"https:\/\/api.w.org\/{rel}","templated":true}]}}