{"id":52843,"date":"2026-03-12T23:07:56","date_gmt":"2026-03-12T21:07:56","guid":{"rendered":"https:\/\/tuttosprint.ch\/?p=52843"},"modified":"2026-03-21T02:34:51","modified_gmt":"2026-03-21T00:34:51","slug":"volkswagen-nutzfahrzeuge-2025-2026","status":"publish","type":"post","link":"https:\/\/tuttosprint.ch\/de\/volkswagen-nutzfahrzeuge-2025-2026\/","title":{"rendered":"VOLKSWAGEN NUTZFAHRZEUGE &#8211; WACHSTUM UND AUSBLICK"},"content":{"rendered":"\n<h4 class=\"wp-block-heading\">AUS DER PRESSEKONFERENZ DER BRAND GROUP CORE GEHEN KLARE PRIORIT\u00c4TEN HERVOR: AKTUALISIERTE MODELLPALETTE, STRENGERE KOSTENDISZIPLIN UND EINE ZENTRALE ROLLE F\u00dcR DEN ID. BUZZ IM EUROP\u00c4ISCHEN MARKT &#8211;<\/h4>\n\n\n\n<figure class=\"wp-block-image size-full\"><img loading=\"lazy\" decoding=\"async\" width=\"829\" height=\"400\" src=\"https:\/\/tuttosprint.ch\/wp-content\/uploads\/2026\/03\/Screenshot-2026-03-12-103403_VWN_2b.jpg\" alt=\"Screenshot 2026-03-12 103403_VWN_2b\" class=\"wp-image-52837\" srcset=\"https:\/\/tuttosprint.ch\/wp-content\/uploads\/2026\/03\/Screenshot-2026-03-12-103403_VWN_2b.jpg 829w, https:\/\/tuttosprint.ch\/wp-content\/uploads\/2026\/03\/Screenshot-2026-03-12-103403_VWN_2b-300x145.jpg 300w, https:\/\/tuttosprint.ch\/wp-content\/uploads\/2026\/03\/Screenshot-2026-03-12-103403_VWN_2b-768x371.jpg 768w\" sizes=\"auto, (max-width: 829px) 100vw, 829px\" \/><figcaption class=\"wp-element-caption\">Stefan Mecha, CEO von Volkswagen Nutzfahrzeuge, w\u00e4hrend des Annual Media Call der Brand Group Core -\/\/- Stefan Mecha, CEO di Volkswagen Veicoli Commerciali, durante l\u2019Annual Media Call della Brand Group Core &#8211; (Credit: scr\u2011cs Brand Group Core, 12.3.26)<\/figcaption><\/figure>\n\n\n\n<p>Heute Morgen habe ich auf Einladung an der Online\u2011Pressekonferenz der Brand Group Core des Volkswagen Konzerns teilgenommen. Die Veranstaltung bot einen detaillierten \u00dcberblick \u00fcber die Ergebnisse 2025 und die Schwerpunkte f\u00fcr 2026 \u2013 mit einem besonderen Fokus auf Volkswagen Nutzfahrzeuge (VWN).<\/p>\n\n\n\n<p><strong>Im Jahr 2025 lieferte die Marke 428.000 Fahrzeuge aus,<\/strong> ein Plus gegen\u00fcber dem Vorjahr, und erzielte einen Umsatz von 16,9 Milliarden Euro. Trotz eines anspruchsvollen Wettbewerbsumfelds behauptete VWN seine starke Position in Europa und blieb in zw\u00f6lf M\u00e4rkten, darunter Deutschland, die Nummer eins.<\/p>\n\n\n\n<p><strong>Das Symbol der elektrischen Transformation im Segment ist der ID. Buzz,<\/strong> der sein Marktsegment weiterhin anf\u00fchrt und in Europa einen Marktanteil von 25 Prozent erreicht. Die Strategie 2026 zielt darauf ab, diese F\u00fchrungsrolle weiter auszubauen \u2013 mit Modellaktualisierungen, neuen Varianten und einer verbesserten Profitabilit\u00e4t durch eine strengere Kostensteuerung.<\/p>\n\n\n\n<p><strong>Die Marke hob zudem konkrete Fortschritte bei der Senkung der operativen Ausgaben hervor,<\/strong> insbesondere im Personalbereich. Der Entwicklungsplan umfasst neue Derivate und technologische Updates, um Volumen und Margen nachhaltig zu st\u00e4rken.<\/p>\n\n\n\n<p><strong>F\u00fcr Gewerbekunden und Flotten verspricht 2026<\/strong> ein Jahr der Konsolidierung zu werden: mehr Effizienz, mehr aktualisierte Produkte und eine weiter wachsende elektrische Modellpalette.<\/p>\n\n\n\n<figure class=\"wp-block-image size-full is-resized\"><img loading=\"lazy\" decoding=\"async\" width=\"732\" height=\"400\" src=\"https:\/\/tuttosprint.ch\/wp-content\/uploads\/2026\/03\/Screenshot-2026-03-12-103327_VWN.jpg\" alt=\"Screenshot 2026-03-12 103327_VWN\" class=\"wp-image-52840\" style=\"aspect-ratio:1.8300585556278464;width:842px;height:auto\" srcset=\"https:\/\/tuttosprint.ch\/wp-content\/uploads\/2026\/03\/Screenshot-2026-03-12-103327_VWN.jpg 732w, https:\/\/tuttosprint.ch\/wp-content\/uploads\/2026\/03\/Screenshot-2026-03-12-103327_VWN-300x164.jpg 300w\" sizes=\"auto, (max-width: 732px) 100vw, 732px\" \/><figcaption class=\"wp-element-caption\">Auslieferungen von VWN im Jahr 2025 nach Modellreihen &#8211; \/\/ &#8211; Consegne VWN 2025 per modello: Caddy, T\u2011Modelli, ID. Buzz, Crafter e Amarok &#8211; (Credit: scr\u2011cs Brand Group Core, 12.3.26)<\/figcaption><\/figure>\n","protected":false},"excerpt":{"rendered":"<p>Volkswagen Nutzfahrzeuge verzeichnet 2025 ein solides Wachstum und bleibt in Europa f\u00fchrend.\u2026<\/p>\n","protected":false},"author":8,"featured_media":52836,"comment_status":"closed","ping_status":"closed","sticky":false,"template":"","format":"standard","meta":{"footnotes":""},"categories":[40,21,42],"tags":[193,223,202,225,221,222,206,200,224],"class_list":["post-52843","post","type-post","status-publish","format-standard","has-post-thumbnail","hentry","category-emobilitytime-de","category-news","category-nutzfahrzeuge","tag-brand-group-core","tag-flottenfahrzeuge","tag-geschaeftsjahr-2025","tag-gewerbliche-mobilitaet","tag-id-buzz","tag-nutzfahrzeuge","tag-strategie-2026","tag-volkswagen-nutzfahrzeuge","tag-vwn-modellpflege"],"yoast_head":"<!-- This site is optimized with the Yoast SEO plugin v27.4 - https:\/\/yoast.com\/product\/yoast-seo-wordpress\/ -->\n<title>Volkswagen Nutzfahrzeuge: Ergebnisse 2025 und Strategie 2026 - Tuttosprint<\/title>\n<meta name=\"description\" content=\"Die Brand Group Core best\u00e4tigt das Wachstum von Volkswagen Nutzfahrzeuge und legt die Schwerpunkte f\u00fcr 2026 fest: Effizienz, Modellupdates und ein starker ID. Buzz.\" \/>\n<meta name=\"robots\" content=\"index, follow, max-snippet:-1, max-image-preview:large, max-video-preview:-1\" \/>\n<link rel=\"canonical\" href=\"https:\/\/tuttosprint.ch\/de\/volkswagen-nutzfahrzeuge-2025-2026\/\" \/>\n<meta property=\"og:locale\" content=\"de_DE\" \/>\n<meta property=\"og:type\" content=\"article\" \/>\n<meta property=\"og:title\" content=\"Volkswagen Nutzfahrzeuge: Ergebnisse 2025 und Strategie 2026 - Tuttosprint\" \/>\n<meta property=\"og:description\" content=\"Die Brand Group Core best\u00e4tigt das Wachstum von Volkswagen Nutzfahrzeuge und legt die Schwerpunkte f\u00fcr 2026 fest: Effizienz, Modellupdates und ein starker ID. Buzz.\" \/>\n<meta property=\"og:url\" content=\"https:\/\/tuttosprint.ch\/de\/volkswagen-nutzfahrzeuge-2025-2026\/\" \/>\n<meta property=\"og:site_name\" content=\"Tuttosprint\" \/>\n<meta property=\"article:published_time\" content=\"2026-03-12T21:07:56+00:00\" \/>\n<meta property=\"article:modified_time\" content=\"2026-03-21T00:34:51+00:00\" \/>\n<meta property=\"og:image\" content=\"https:\/\/tuttosprint.ch\/wp-content\/uploads\/2026\/03\/Screenshot-2026-03-12-103252_St.-Mecha_.jpg\" \/>\n\t<meta property=\"og:image:width\" content=\"686\" \/>\n\t<meta property=\"og:image:height\" content=\"400\" \/>\n\t<meta property=\"og:image:type\" content=\"image\/jpeg\" \/>\n<meta name=\"author\" content=\"Redaktion\" \/>\n<meta name=\"twitter:card\" content=\"summary_large_image\" \/>\n<meta name=\"twitter:label1\" content=\"Verfasst von\" \/>\n\t<meta name=\"twitter:data1\" content=\"Redaktion\" \/>\n\t<meta name=\"twitter:label2\" content=\"Gesch\u00e4tzte Lesezeit\" \/>\n\t<meta name=\"twitter:data2\" content=\"3 Minuten\" \/>\n<script type=\"application\/ld+json\" class=\"yoast-schema-graph\">{\"@context\":\"https:\\\/\\\/schema.org\",\"@graph\":[{\"@type\":\"Article\",\"@id\":\"https:\\\/\\\/tuttosprint.ch\\\/de\\\/volkswagen-nutzfahrzeuge-2025-2026\\\/#article\",\"isPartOf\":{\"@id\":\"https:\\\/\\\/tuttosprint.ch\\\/de\\\/volkswagen-nutzfahrzeuge-2025-2026\\\/\"},\"author\":{\"name\":\"Redaktion\",\"@id\":\"https:\\\/\\\/tuttosprint.ch\\\/#\\\/schema\\\/person\\\/90bb42ebb40e1ef2cd416a28d84cb4fd\"},\"headline\":\"VOLKSWAGEN NUTZFAHRZEUGE &#8211; WACHSTUM UND AUSBLICK\",\"datePublished\":\"2026-03-12T21:07:56+00:00\",\"dateModified\":\"2026-03-21T00:34:51+00:00\",\"mainEntityOfPage\":{\"@id\":\"https:\\\/\\\/tuttosprint.ch\\\/de\\\/volkswagen-nutzfahrzeuge-2025-2026\\\/\"},\"wordCount\":291,\"publisher\":{\"@id\":\"https:\\\/\\\/tuttosprint.ch\\\/#organization\"},\"image\":{\"@id\":\"https:\\\/\\\/tuttosprint.ch\\\/de\\\/volkswagen-nutzfahrzeuge-2025-2026\\\/#primaryimage\"},\"thumbnailUrl\":\"https:\\\/\\\/tuttosprint.ch\\\/wp-content\\\/uploads\\\/2026\\\/03\\\/Screenshot-2026-03-12-103252_St.-Mecha_.jpg\",\"keywords\":[\"Brand Group Core\",\"Flottenfahrzeuge\",\"Gesch\u00e4ftsjahr 2025\",\"gewerbliche Mobilit\u00e4t\",\"ID Buzz\",\"Nutzfahrzeuge\",\"Strategie 2026\",\"Volkswagen Nutzfahrzeuge\",\"VWN Modellpflege\"],\"articleSection\":[\"EmobilityTime\",\"News\",\"Nutzfahrzeuge\"],\"inLanguage\":\"de-DE\"},{\"@type\":\"WebPage\",\"@id\":\"https:\\\/\\\/tuttosprint.ch\\\/de\\\/volkswagen-nutzfahrzeuge-2025-2026\\\/\",\"url\":\"https:\\\/\\\/tuttosprint.ch\\\/de\\\/volkswagen-nutzfahrzeuge-2025-2026\\\/\",\"name\":\"Volkswagen Nutzfahrzeuge: Ergebnisse 2025 und Strategie 2026 - Tuttosprint\",\"isPartOf\":{\"@id\":\"https:\\\/\\\/tuttosprint.ch\\\/#website\"},\"primaryImageOfPage\":{\"@id\":\"https:\\\/\\\/tuttosprint.ch\\\/de\\\/volkswagen-nutzfahrzeuge-2025-2026\\\/#primaryimage\"},\"image\":{\"@id\":\"https:\\\/\\\/tuttosprint.ch\\\/de\\\/volkswagen-nutzfahrzeuge-2025-2026\\\/#primaryimage\"},\"thumbnailUrl\":\"https:\\\/\\\/tuttosprint.ch\\\/wp-content\\\/uploads\\\/2026\\\/03\\\/Screenshot-2026-03-12-103252_St.-Mecha_.jpg\",\"datePublished\":\"2026-03-12T21:07:56+00:00\",\"dateModified\":\"2026-03-21T00:34:51+00:00\",\"description\":\"Die Brand Group Core best\u00e4tigt das Wachstum von Volkswagen Nutzfahrzeuge und legt die Schwerpunkte f\u00fcr 2026 fest: Effizienz, Modellupdates und ein starker ID. Buzz.\",\"inLanguage\":\"de-DE\",\"potentialAction\":[{\"@type\":\"ReadAction\",\"target\":[\"https:\\\/\\\/tuttosprint.ch\\\/de\\\/volkswagen-nutzfahrzeuge-2025-2026\\\/\"]}]},{\"@type\":\"ImageObject\",\"inLanguage\":\"de-DE\",\"@id\":\"https:\\\/\\\/tuttosprint.ch\\\/de\\\/volkswagen-nutzfahrzeuge-2025-2026\\\/#primaryimage\",\"url\":\"https:\\\/\\\/tuttosprint.ch\\\/wp-content\\\/uploads\\\/2026\\\/03\\\/Screenshot-2026-03-12-103252_St.-Mecha_.jpg\",\"contentUrl\":\"https:\\\/\\\/tuttosprint.ch\\\/wp-content\\\/uploads\\\/2026\\\/03\\\/Screenshot-2026-03-12-103252_St.-Mecha_.jpg\",\"width\":686,\"height\":400,\"caption\":\"Stefan Mecha, CEO von Volkswagen Nutzfahrzeuge, w\u00e4hrend des Annual Media Call der Brand Group Core -\\\/\\\/- Stefan Mecha, CEO di Volkswagen Veicoli Commerciali, durante l\u2019Annual Media Call della Brand Group Core \u2013 (Credit: scr\u2011cs Brand Group Core, 12.3.26)\"},{\"@type\":\"WebSite\",\"@id\":\"https:\\\/\\\/tuttosprint.ch\\\/#website\",\"url\":\"https:\\\/\\\/tuttosprint.ch\\\/\",\"name\":\"Tuttosprint\",\"description\":\"\",\"publisher\":{\"@id\":\"https:\\\/\\\/tuttosprint.ch\\\/#organization\"},\"potentialAction\":[{\"@type\":\"SearchAction\",\"target\":{\"@type\":\"EntryPoint\",\"urlTemplate\":\"https:\\\/\\\/tuttosprint.ch\\\/?s={search_term_string}\"},\"query-input\":{\"@type\":\"PropertyValueSpecification\",\"valueRequired\":true,\"valueName\":\"search_term_string\"}}],\"inLanguage\":\"de-DE\"},{\"@type\":\"Organization\",\"@id\":\"https:\\\/\\\/tuttosprint.ch\\\/#organization\",\"name\":\"Tuttosprint\",\"url\":\"https:\\\/\\\/tuttosprint.ch\\\/\",\"logo\":{\"@type\":\"ImageObject\",\"inLanguage\":\"de-DE\",\"@id\":\"https:\\\/\\\/tuttosprint.ch\\\/#\\\/schema\\\/logo\\\/image\\\/\",\"url\":\"https:\\\/\\\/tuttosprint.ch\\\/wp-content\\\/uploads\\\/2018\\\/05\\\/Logo_pos_Tuttosprint-2.png\",\"contentUrl\":\"https:\\\/\\\/tuttosprint.ch\\\/wp-content\\\/uploads\\\/2018\\\/05\\\/Logo_pos_Tuttosprint-2.png\",\"width\":350,\"height\":55,\"caption\":\"Tuttosprint\"},\"image\":{\"@id\":\"https:\\\/\\\/tuttosprint.ch\\\/#\\\/schema\\\/logo\\\/image\\\/\"}},{\"@type\":\"Person\",\"@id\":\"https:\\\/\\\/tuttosprint.ch\\\/#\\\/schema\\\/person\\\/90bb42ebb40e1ef2cd416a28d84cb4fd\",\"name\":\"Redaktion\",\"image\":{\"@type\":\"ImageObject\",\"inLanguage\":\"de-DE\",\"@id\":\"https:\\\/\\\/secure.gravatar.com\\\/avatar\\\/71b2e7d3e9a91348495de1f26b310134ef10a7a454f949b0f6065c3f20479297?s=96&d=mm&r=g\",\"url\":\"https:\\\/\\\/secure.gravatar.com\\\/avatar\\\/71b2e7d3e9a91348495de1f26b310134ef10a7a454f949b0f6065c3f20479297?s=96&d=mm&r=g\",\"contentUrl\":\"https:\\\/\\\/secure.gravatar.com\\\/avatar\\\/71b2e7d3e9a91348495de1f26b310134ef10a7a454f949b0f6065c3f20479297?s=96&d=mm&r=g\",\"caption\":\"Redaktion\"},\"url\":\"https:\\\/\\\/tuttosprint.ch\\\/de\\\/author\\\/redaktion-tsp\\\/\"}]}<\/script>\n<!-- \/ Yoast SEO plugin. -->","yoast_head_json":{"title":"Volkswagen Nutzfahrzeuge: Ergebnisse 2025 und Strategie 2026 - Tuttosprint","description":"Die Brand Group Core best\u00e4tigt das Wachstum von Volkswagen Nutzfahrzeuge und legt die Schwerpunkte f\u00fcr 2026 fest: Effizienz, Modellupdates und ein starker ID. Buzz.","robots":{"index":"index","follow":"follow","max-snippet":"max-snippet:-1","max-image-preview":"max-image-preview:large","max-video-preview":"max-video-preview:-1"},"canonical":"https:\/\/tuttosprint.ch\/de\/volkswagen-nutzfahrzeuge-2025-2026\/","og_locale":"de_DE","og_type":"article","og_title":"Volkswagen Nutzfahrzeuge: Ergebnisse 2025 und Strategie 2026 - Tuttosprint","og_description":"Die Brand Group Core best\u00e4tigt das Wachstum von Volkswagen Nutzfahrzeuge und legt die Schwerpunkte f\u00fcr 2026 fest: Effizienz, Modellupdates und ein starker ID. Buzz.","og_url":"https:\/\/tuttosprint.ch\/de\/volkswagen-nutzfahrzeuge-2025-2026\/","og_site_name":"Tuttosprint","article_published_time":"2026-03-12T21:07:56+00:00","article_modified_time":"2026-03-21T00:34:51+00:00","og_image":[{"width":686,"height":400,"url":"https:\/\/tuttosprint.ch\/wp-content\/uploads\/2026\/03\/Screenshot-2026-03-12-103252_St.-Mecha_.jpg","type":"image\/jpeg"}],"author":"Redaktion","twitter_card":"summary_large_image","twitter_misc":{"Verfasst von":"Redaktion","Gesch\u00e4tzte Lesezeit":"3 Minuten"},"schema":{"@context":"https:\/\/schema.org","@graph":[{"@type":"Article","@id":"https:\/\/tuttosprint.ch\/de\/volkswagen-nutzfahrzeuge-2025-2026\/#article","isPartOf":{"@id":"https:\/\/tuttosprint.ch\/de\/volkswagen-nutzfahrzeuge-2025-2026\/"},"author":{"name":"Redaktion","@id":"https:\/\/tuttosprint.ch\/#\/schema\/person\/90bb42ebb40e1ef2cd416a28d84cb4fd"},"headline":"VOLKSWAGEN NUTZFAHRZEUGE &#8211; WACHSTUM UND AUSBLICK","datePublished":"2026-03-12T21:07:56+00:00","dateModified":"2026-03-21T00:34:51+00:00","mainEntityOfPage":{"@id":"https:\/\/tuttosprint.ch\/de\/volkswagen-nutzfahrzeuge-2025-2026\/"},"wordCount":291,"publisher":{"@id":"https:\/\/tuttosprint.ch\/#organization"},"image":{"@id":"https:\/\/tuttosprint.ch\/de\/volkswagen-nutzfahrzeuge-2025-2026\/#primaryimage"},"thumbnailUrl":"https:\/\/tuttosprint.ch\/wp-content\/uploads\/2026\/03\/Screenshot-2026-03-12-103252_St.-Mecha_.jpg","keywords":["Brand Group Core","Flottenfahrzeuge","Gesch\u00e4ftsjahr 2025","gewerbliche Mobilit\u00e4t","ID Buzz","Nutzfahrzeuge","Strategie 2026","Volkswagen Nutzfahrzeuge","VWN Modellpflege"],"articleSection":["EmobilityTime","News","Nutzfahrzeuge"],"inLanguage":"de-DE"},{"@type":"WebPage","@id":"https:\/\/tuttosprint.ch\/de\/volkswagen-nutzfahrzeuge-2025-2026\/","url":"https:\/\/tuttosprint.ch\/de\/volkswagen-nutzfahrzeuge-2025-2026\/","name":"Volkswagen Nutzfahrzeuge: Ergebnisse 2025 und Strategie 2026 - Tuttosprint","isPartOf":{"@id":"https:\/\/tuttosprint.ch\/#website"},"primaryImageOfPage":{"@id":"https:\/\/tuttosprint.ch\/de\/volkswagen-nutzfahrzeuge-2025-2026\/#primaryimage"},"image":{"@id":"https:\/\/tuttosprint.ch\/de\/volkswagen-nutzfahrzeuge-2025-2026\/#primaryimage"},"thumbnailUrl":"https:\/\/tuttosprint.ch\/wp-content\/uploads\/2026\/03\/Screenshot-2026-03-12-103252_St.-Mecha_.jpg","datePublished":"2026-03-12T21:07:56+00:00","dateModified":"2026-03-21T00:34:51+00:00","description":"Die Brand Group Core best\u00e4tigt das Wachstum von Volkswagen Nutzfahrzeuge und legt die Schwerpunkte f\u00fcr 2026 fest: Effizienz, Modellupdates und ein starker ID. Buzz.","inLanguage":"de-DE","potentialAction":[{"@type":"ReadAction","target":["https:\/\/tuttosprint.ch\/de\/volkswagen-nutzfahrzeuge-2025-2026\/"]}]},{"@type":"ImageObject","inLanguage":"de-DE","@id":"https:\/\/tuttosprint.ch\/de\/volkswagen-nutzfahrzeuge-2025-2026\/#primaryimage","url":"https:\/\/tuttosprint.ch\/wp-content\/uploads\/2026\/03\/Screenshot-2026-03-12-103252_St.-Mecha_.jpg","contentUrl":"https:\/\/tuttosprint.ch\/wp-content\/uploads\/2026\/03\/Screenshot-2026-03-12-103252_St.-Mecha_.jpg","width":686,"height":400,"caption":"Stefan Mecha, CEO von Volkswagen Nutzfahrzeuge, w\u00e4hrend des Annual Media Call der Brand Group Core -\/\/- Stefan Mecha, CEO di Volkswagen Veicoli Commerciali, durante l\u2019Annual Media Call della Brand Group Core \u2013 (Credit: scr\u2011cs Brand Group Core, 12.3.26)"},{"@type":"WebSite","@id":"https:\/\/tuttosprint.ch\/#website","url":"https:\/\/tuttosprint.ch\/","name":"Tuttosprint","description":"","publisher":{"@id":"https:\/\/tuttosprint.ch\/#organization"},"potentialAction":[{"@type":"SearchAction","target":{"@type":"EntryPoint","urlTemplate":"https:\/\/tuttosprint.ch\/?s={search_term_string}"},"query-input":{"@type":"PropertyValueSpecification","valueRequired":true,"valueName":"search_term_string"}}],"inLanguage":"de-DE"},{"@type":"Organization","@id":"https:\/\/tuttosprint.ch\/#organization","name":"Tuttosprint","url":"https:\/\/tuttosprint.ch\/","logo":{"@type":"ImageObject","inLanguage":"de-DE","@id":"https:\/\/tuttosprint.ch\/#\/schema\/logo\/image\/","url":"https:\/\/tuttosprint.ch\/wp-content\/uploads\/2018\/05\/Logo_pos_Tuttosprint-2.png","contentUrl":"https:\/\/tuttosprint.ch\/wp-content\/uploads\/2018\/05\/Logo_pos_Tuttosprint-2.png","width":350,"height":55,"caption":"Tuttosprint"},"image":{"@id":"https:\/\/tuttosprint.ch\/#\/schema\/logo\/image\/"}},{"@type":"Person","@id":"https:\/\/tuttosprint.ch\/#\/schema\/person\/90bb42ebb40e1ef2cd416a28d84cb4fd","name":"Redaktion","image":{"@type":"ImageObject","inLanguage":"de-DE","@id":"https:\/\/secure.gravatar.com\/avatar\/71b2e7d3e9a91348495de1f26b310134ef10a7a454f949b0f6065c3f20479297?s=96&d=mm&r=g","url":"https:\/\/secure.gravatar.com\/avatar\/71b2e7d3e9a91348495de1f26b310134ef10a7a454f949b0f6065c3f20479297?s=96&d=mm&r=g","contentUrl":"https:\/\/secure.gravatar.com\/avatar\/71b2e7d3e9a91348495de1f26b310134ef10a7a454f949b0f6065c3f20479297?s=96&d=mm&r=g","caption":"Redaktion"},"url":"https:\/\/tuttosprint.ch\/de\/author\/redaktion-tsp\/"}]}},"_links":{"self":[{"href":"https:\/\/tuttosprint.ch\/de\/wp-json\/wp\/v2\/posts\/52843","targetHints":{"allow":["GET"]}}],"collection":[{"href":"https:\/\/tuttosprint.ch\/de\/wp-json\/wp\/v2\/posts"}],"about":[{"href":"https:\/\/tuttosprint.ch\/de\/wp-json\/wp\/v2\/types\/post"}],"author":[{"embeddable":true,"href":"https:\/\/tuttosprint.ch\/de\/wp-json\/wp\/v2\/users\/8"}],"replies":[{"embeddable":true,"href":"https:\/\/tuttosprint.ch\/de\/wp-json\/wp\/v2\/comments?post=52843"}],"version-history":[{"count":1,"href":"https:\/\/tuttosprint.ch\/de\/wp-json\/wp\/v2\/posts\/52843\/revisions"}],"predecessor-version":[{"id":52844,"href":"https:\/\/tuttosprint.ch\/de\/wp-json\/wp\/v2\/posts\/52843\/revisions\/52844"}],"wp:featuredmedia":[{"embeddable":true,"href":"https:\/\/tuttosprint.ch\/de\/wp-json\/wp\/v2\/media\/52836"}],"wp:attachment":[{"href":"https:\/\/tuttosprint.ch\/de\/wp-json\/wp\/v2\/media?parent=52843"}],"wp:term":[{"taxonomy":"category","embeddable":true,"href":"https:\/\/tuttosprint.ch\/de\/wp-json\/wp\/v2\/categories?post=52843"},{"taxonomy":"post_tag","embeddable":true,"href":"https:\/\/tuttosprint.ch\/de\/wp-json\/wp\/v2\/tags?post=52843"}],"curies":[{"name":"wp","href":"https:\/\/api.w.org\/{rel}","templated":true}]}}