{"id":53013,"date":"2026-03-18T20:31:55","date_gmt":"2026-03-18T18:31:55","guid":{"rendered":"https:\/\/tuttosprint.ch\/?p=53013"},"modified":"2026-03-21T02:34:49","modified_gmt":"2026-03-21T00:34:49","slug":"volkswagen-id-cross-elektro-suv-2026","status":"publish","type":"post","link":"https:\/\/tuttosprint.ch\/de\/volkswagen-id-cross-elektro-suv-2026\/","title":{"rendered":"VOLKSWAGEN ID. Cross &#8211; das neue elektrische Kompakt\u2011SUV"},"content":{"rendered":"\n<h4 class=\"wp-block-heading\">Marktstart 2026: Der ID. Cross absolviert die letzten Testfahrten und bringt \u00abPure Positive\u00bb Design, zwei Batterien und moderne Assistenzsysteme &#8211;<\/h4>\n\n\n\n<p><\/p>\n\n\n\n<figure class=\"wp-block-image size-full\"><img loading=\"lazy\" decoding=\"async\" width=\"800\" height=\"533\" src=\"https:\/\/tuttosprint.ch\/wp-content\/uploads\/2026\/03\/VW_ID_Cross-10_media_low.jpg\" alt=\"VW_ID_Cross (10)_media_low\" class=\"wp-image-53003\" srcset=\"https:\/\/tuttosprint.ch\/wp-content\/uploads\/2026\/03\/VW_ID_Cross-10_media_low.jpg 800w, https:\/\/tuttosprint.ch\/wp-content\/uploads\/2026\/03\/VW_ID_Cross-10_media_low-300x200.jpg 300w, https:\/\/tuttosprint.ch\/wp-content\/uploads\/2026\/03\/VW_ID_Cross-10_media_low-768x512.jpg 768w\" sizes=\"auto, (max-width: 800px) 100vw, 800px\" \/><figcaption class=\"wp-element-caption\">VW ID Cross &#8211;  (Credit: VW)<\/figcaption><\/figure>\n\n\n\n<p><em>Wolfsburg \/ Cham &#8211;<\/em> Volkswagen bereitet den Marktstart des neuen ID. Cross vor, einem kompakten Elektro\u2011SUV, das in der zweiten Jahresh\u00e4lfte 2026 nach Europa und damit auch in die Schweiz kommt. Der F\u00fcnfsitzer richtet sich an Kundinnen und Kunden, die alltagstaugliche, hochwertige und bezahlbare Elektromobilit\u00e4t suchen. Aktuell absolviert das Modell seine finalen Testfahrten in Amsterdam \u2013 noch vollst\u00e4ndig getarnt.<\/p>\n\n\n\n<p><strong>Das Exterieur folgt der neuen Designsprache \u00abPure Positive\u00bb:<\/strong> klare Linien, ausgewogene Proportionen und ein hochwertiger Auftritt. Der ID. Cross wirkt bewusst zur\u00fcckhaltend, gleichzeitig modern und souver\u00e4n. Auch der Innenraum setzt auf Ruhe und \u00dcbersichtlichkeit. Materialien und Verarbeitung orientieren sich an h\u00f6heren Fahrzeugklassen, w\u00e4hrend f\u00fcnf Sitzpl\u00e4tze, grossz\u00fcgige Platzverh\u00e4ltnisse und intuitive Bedienung den Premium\u2011Eindruck unterstreichen. <\/p>\n\n\n\n<p><strong>Beim Antrieb zeigt sich der ID. Cross flexibel:<\/strong> Volkswagen bietet Leistungsstufen von 85 kW, 99 kW und 155 kW sowie zwei Batteriegr\u00f6ssen mit 37 kWh und 52 kWh netto an. Damit deckt das Modell sowohl st\u00e4dtische Nutzung als auch regelm\u00e4ssige \u00dcberlandfahrten ab. Die DC\u2011Schnellladung erfolgt serienm\u00e4ssig mit bis zu 90 kW, bei der gr\u00f6sseren Batterie mit bis zu 105 kW.<\/p>\n\n\n\n<figure class=\"wp-block-gallery has-nested-images columns-default is-cropped wp-block-gallery-1 is-layout-flex wp-block-gallery-is-layout-flex\">\n<figure class=\"wp-block-image size-large\"><img loading=\"lazy\" decoding=\"async\" width=\"800\" height=\"533\" data-id=\"53007\" src=\"https:\/\/tuttosprint.ch\/wp-content\/uploads\/2026\/03\/VW_ID_Cross-12_media_low.jpg\" alt=\"VW_ID_Cross (12)_media_low\" class=\"wp-image-53007\" srcset=\"https:\/\/tuttosprint.ch\/wp-content\/uploads\/2026\/03\/VW_ID_Cross-12_media_low.jpg 800w, https:\/\/tuttosprint.ch\/wp-content\/uploads\/2026\/03\/VW_ID_Cross-12_media_low-300x200.jpg 300w, https:\/\/tuttosprint.ch\/wp-content\/uploads\/2026\/03\/VW_ID_Cross-12_media_low-768x512.jpg 768w\" sizes=\"auto, (max-width: 800px) 100vw, 800px\" \/><figcaption class=\"wp-element-caption\">VW ID Cross &#8211;  (Credit: VW)<\/figcaption><\/figure>\n\n\n\n<figure class=\"wp-block-image size-large\"><img loading=\"lazy\" decoding=\"async\" width=\"800\" height=\"534\" data-id=\"53009\" src=\"https:\/\/tuttosprint.ch\/wp-content\/uploads\/2026\/03\/VW_ID_Cross-13_media_low.jpg\" alt=\"VW_ID_Cross (13)_media_low\" class=\"wp-image-53009\" srcset=\"https:\/\/tuttosprint.ch\/wp-content\/uploads\/2026\/03\/VW_ID_Cross-13_media_low.jpg 800w, https:\/\/tuttosprint.ch\/wp-content\/uploads\/2026\/03\/VW_ID_Cross-13_media_low-300x200.jpg 300w, https:\/\/tuttosprint.ch\/wp-content\/uploads\/2026\/03\/VW_ID_Cross-13_media_low-768x513.jpg 768w\" sizes=\"auto, (max-width: 800px) 100vw, 800px\" \/><figcaption class=\"wp-element-caption\">VW ID Cross &#8211;  (Credit: VW)<\/figcaption><\/figure>\n<\/figure>\n\n\n\n<p><strong>Dank MEB+ Plattform und neuester Software<\/strong> verf\u00fcgt der ID. Cross \u00fcber zahlreiche moderne Assistenzsysteme. Optional erh\u00e4ltlich ist der neue \u00abConnected Travel Assist\u00bb, der erstmals Schwarmdaten nutzt und auf Ampeln sowie Stoppschilder reagiert \u2013 ein Novum in dieser Preisklasse. Ebenfalls neu ist das One\u2011Pedal\u2011Driving, das starke Verz\u00f6gern allein \u00fcber das Fahrpedal erm\u00f6glicht.<\/p>\n\n\n\n<p><strong>Mit kompakten Abmessungen, moderner Technik, hoher Verarbeitungsqualit\u00e4t<\/strong> und viel Raumangebot pr\u00e4sentiert sich der ID. Cross als attraktives Gesamtpaket im wachsenden Segment der elektrischen Kompakt\u2011SUV.<\/p>\n\n\n\n<p><\/p>\n","protected":false},"excerpt":{"rendered":"<p>Volkswagen bringt 2026 den neuen ID. Cross: ein elektrisches Kompakt\u2011SUV mit \u00abPure\u2026<\/p>\n","protected":false},"author":8,"featured_media":53005,"comment_status":"closed","ping_status":"closed","sticky":false,"template":"","format":"standard","meta":{"footnotes":""},"categories":[40,21],"tags":[418,178,419,420,417,382,352,199],"class_list":["post-53013","post","type-post","status-publish","format-standard","has-post-thumbnail","hentry","category-emobilitytime-de","category-news","tag-elektro","tag-elektromobilitaet","tag-id-cross","tag-meb-plattform","tag-neue-autos","tag-neuheiten-2026","tag-suv","tag-volkswagen"],"yoast_head":"<!-- This site is optimized with the Yoast SEO plugin v27.4 - https:\/\/yoast.com\/product\/yoast-seo-wordpress\/ -->\n<title>Volkswagen ID. Cross: elektrisches Kompakt\u2011SUV f\u00fcr 2026 - Tuttosprint<\/title>\n<meta name=\"description\" content=\"Der neue Volkswagen ID. Cross kommt 2026: elektrisches Kompakt\u2011SUV mit \u00abPure Positive\u00bb Design, Batterien von 37 und 52 kWh, bis zu 155 kW Leistung und modernen Assistenzsystemen.\" \/>\n<meta name=\"robots\" content=\"index, follow, max-snippet:-1, max-image-preview:large, max-video-preview:-1\" \/>\n<link rel=\"canonical\" href=\"https:\/\/tuttosprint.ch\/de\/volkswagen-id-cross-elektro-suv-2026\/\" \/>\n<meta property=\"og:locale\" content=\"de_DE\" \/>\n<meta property=\"og:type\" content=\"article\" \/>\n<meta property=\"og:title\" content=\"Volkswagen ID. Cross: elektrisches Kompakt\u2011SUV f\u00fcr 2026 - Tuttosprint\" \/>\n<meta property=\"og:description\" content=\"Der neue Volkswagen ID. Cross kommt 2026: elektrisches Kompakt\u2011SUV mit \u00abPure Positive\u00bb Design, Batterien von 37 und 52 kWh, bis zu 155 kW Leistung und modernen Assistenzsystemen.\" \/>\n<meta property=\"og:url\" content=\"https:\/\/tuttosprint.ch\/de\/volkswagen-id-cross-elektro-suv-2026\/\" \/>\n<meta property=\"og:site_name\" content=\"Tuttosprint\" \/>\n<meta property=\"article:published_time\" content=\"2026-03-18T18:31:55+00:00\" \/>\n<meta property=\"article:modified_time\" content=\"2026-03-21T00:34:49+00:00\" \/>\n<meta property=\"og:image\" content=\"https:\/\/tuttosprint.ch\/wp-content\/uploads\/2026\/03\/VW_ID_Cross-11_media_low.jpg\" \/>\n\t<meta property=\"og:image:width\" content=\"800\" \/>\n\t<meta property=\"og:image:height\" content=\"533\" \/>\n\t<meta property=\"og:image:type\" content=\"image\/jpeg\" \/>\n<meta name=\"author\" content=\"Redaktion\" \/>\n<meta name=\"twitter:card\" content=\"summary_large_image\" \/>\n<meta name=\"twitter:label1\" content=\"Verfasst von\" \/>\n\t<meta name=\"twitter:data1\" content=\"Redaktion\" \/>\n\t<meta name=\"twitter:label2\" content=\"Gesch\u00e4tzte Lesezeit\" \/>\n\t<meta name=\"twitter:data2\" content=\"3 Minuten\" \/>\n<script type=\"application\/ld+json\" class=\"yoast-schema-graph\">{\"@context\":\"https:\\\/\\\/schema.org\",\"@graph\":[{\"@type\":\"Article\",\"@id\":\"https:\\\/\\\/tuttosprint.ch\\\/de\\\/volkswagen-id-cross-elektro-suv-2026\\\/#article\",\"isPartOf\":{\"@id\":\"https:\\\/\\\/tuttosprint.ch\\\/de\\\/volkswagen-id-cross-elektro-suv-2026\\\/\"},\"author\":{\"name\":\"Redaktion\",\"@id\":\"https:\\\/\\\/tuttosprint.ch\\\/#\\\/schema\\\/person\\\/90bb42ebb40e1ef2cd416a28d84cb4fd\"},\"headline\":\"VOLKSWAGEN ID. Cross &#8211; das neue elektrische Kompakt\u2011SUV\",\"datePublished\":\"2026-03-18T18:31:55+00:00\",\"dateModified\":\"2026-03-21T00:34:49+00:00\",\"mainEntityOfPage\":{\"@id\":\"https:\\\/\\\/tuttosprint.ch\\\/de\\\/volkswagen-id-cross-elektro-suv-2026\\\/\"},\"wordCount\":311,\"publisher\":{\"@id\":\"https:\\\/\\\/tuttosprint.ch\\\/#organization\"},\"image\":{\"@id\":\"https:\\\/\\\/tuttosprint.ch\\\/de\\\/volkswagen-id-cross-elektro-suv-2026\\\/#primaryimage\"},\"thumbnailUrl\":\"https:\\\/\\\/tuttosprint.ch\\\/wp-content\\\/uploads\\\/2026\\\/03\\\/VW_ID_Cross-11_media_low.jpg\",\"keywords\":[\"Elektro\",\"Elektromobilit\u00e4t\",\"ID. Cross\",\"MEB+ Plattform\",\"Neue Autos\",\"Neuheiten 2026\",\"SUV\",\"Volkswagen\"],\"articleSection\":[\"EmobilityTime\",\"News\"],\"inLanguage\":\"de-DE\"},{\"@type\":\"WebPage\",\"@id\":\"https:\\\/\\\/tuttosprint.ch\\\/de\\\/volkswagen-id-cross-elektro-suv-2026\\\/\",\"url\":\"https:\\\/\\\/tuttosprint.ch\\\/de\\\/volkswagen-id-cross-elektro-suv-2026\\\/\",\"name\":\"Volkswagen ID. Cross: elektrisches Kompakt\u2011SUV f\u00fcr 2026 - Tuttosprint\",\"isPartOf\":{\"@id\":\"https:\\\/\\\/tuttosprint.ch\\\/#website\"},\"primaryImageOfPage\":{\"@id\":\"https:\\\/\\\/tuttosprint.ch\\\/de\\\/volkswagen-id-cross-elektro-suv-2026\\\/#primaryimage\"},\"image\":{\"@id\":\"https:\\\/\\\/tuttosprint.ch\\\/de\\\/volkswagen-id-cross-elektro-suv-2026\\\/#primaryimage\"},\"thumbnailUrl\":\"https:\\\/\\\/tuttosprint.ch\\\/wp-content\\\/uploads\\\/2026\\\/03\\\/VW_ID_Cross-11_media_low.jpg\",\"datePublished\":\"2026-03-18T18:31:55+00:00\",\"dateModified\":\"2026-03-21T00:34:49+00:00\",\"description\":\"Der neue Volkswagen ID. Cross kommt 2026: elektrisches Kompakt\u2011SUV mit \u00abPure Positive\u00bb Design, Batterien von 37 und 52 kWh, bis zu 155 kW Leistung und modernen Assistenzsystemen.\",\"inLanguage\":\"de-DE\",\"potentialAction\":[{\"@type\":\"ReadAction\",\"target\":[\"https:\\\/\\\/tuttosprint.ch\\\/de\\\/volkswagen-id-cross-elektro-suv-2026\\\/\"]}]},{\"@type\":\"ImageObject\",\"inLanguage\":\"de-DE\",\"@id\":\"https:\\\/\\\/tuttosprint.ch\\\/de\\\/volkswagen-id-cross-elektro-suv-2026\\\/#primaryimage\",\"url\":\"https:\\\/\\\/tuttosprint.ch\\\/wp-content\\\/uploads\\\/2026\\\/03\\\/VW_ID_Cross-11_media_low.jpg\",\"contentUrl\":\"https:\\\/\\\/tuttosprint.ch\\\/wp-content\\\/uploads\\\/2026\\\/03\\\/VW_ID_Cross-11_media_low.jpg\",\"width\":800,\"height\":533,\"caption\":\"VW ID Cross - (Credit: VW)\"},{\"@type\":\"WebSite\",\"@id\":\"https:\\\/\\\/tuttosprint.ch\\\/#website\",\"url\":\"https:\\\/\\\/tuttosprint.ch\\\/\",\"name\":\"Tuttosprint\",\"description\":\"\",\"publisher\":{\"@id\":\"https:\\\/\\\/tuttosprint.ch\\\/#organization\"},\"potentialAction\":[{\"@type\":\"SearchAction\",\"target\":{\"@type\":\"EntryPoint\",\"urlTemplate\":\"https:\\\/\\\/tuttosprint.ch\\\/?s={search_term_string}\"},\"query-input\":{\"@type\":\"PropertyValueSpecification\",\"valueRequired\":true,\"valueName\":\"search_term_string\"}}],\"inLanguage\":\"de-DE\"},{\"@type\":\"Organization\",\"@id\":\"https:\\\/\\\/tuttosprint.ch\\\/#organization\",\"name\":\"Tuttosprint\",\"url\":\"https:\\\/\\\/tuttosprint.ch\\\/\",\"logo\":{\"@type\":\"ImageObject\",\"inLanguage\":\"de-DE\",\"@id\":\"https:\\\/\\\/tuttosprint.ch\\\/#\\\/schema\\\/logo\\\/image\\\/\",\"url\":\"https:\\\/\\\/tuttosprint.ch\\\/wp-content\\\/uploads\\\/2018\\\/05\\\/Logo_pos_Tuttosprint-2.png\",\"contentUrl\":\"https:\\\/\\\/tuttosprint.ch\\\/wp-content\\\/uploads\\\/2018\\\/05\\\/Logo_pos_Tuttosprint-2.png\",\"width\":350,\"height\":55,\"caption\":\"Tuttosprint\"},\"image\":{\"@id\":\"https:\\\/\\\/tuttosprint.ch\\\/#\\\/schema\\\/logo\\\/image\\\/\"}},{\"@type\":\"Person\",\"@id\":\"https:\\\/\\\/tuttosprint.ch\\\/#\\\/schema\\\/person\\\/90bb42ebb40e1ef2cd416a28d84cb4fd\",\"name\":\"Redaktion\",\"image\":{\"@type\":\"ImageObject\",\"inLanguage\":\"de-DE\",\"@id\":\"https:\\\/\\\/secure.gravatar.com\\\/avatar\\\/71b2e7d3e9a91348495de1f26b310134ef10a7a454f949b0f6065c3f20479297?s=96&d=mm&r=g\",\"url\":\"https:\\\/\\\/secure.gravatar.com\\\/avatar\\\/71b2e7d3e9a91348495de1f26b310134ef10a7a454f949b0f6065c3f20479297?s=96&d=mm&r=g\",\"contentUrl\":\"https:\\\/\\\/secure.gravatar.com\\\/avatar\\\/71b2e7d3e9a91348495de1f26b310134ef10a7a454f949b0f6065c3f20479297?s=96&d=mm&r=g\",\"caption\":\"Redaktion\"},\"url\":\"https:\\\/\\\/tuttosprint.ch\\\/de\\\/author\\\/redaktion-tsp\\\/\"}]}<\/script>\n<!-- \/ Yoast SEO plugin. -->","yoast_head_json":{"title":"Volkswagen ID. Cross: elektrisches Kompakt\u2011SUV f\u00fcr 2026 - Tuttosprint","description":"Der neue Volkswagen ID. Cross kommt 2026: elektrisches Kompakt\u2011SUV mit \u00abPure Positive\u00bb Design, Batterien von 37 und 52 kWh, bis zu 155 kW Leistung und modernen Assistenzsystemen.","robots":{"index":"index","follow":"follow","max-snippet":"max-snippet:-1","max-image-preview":"max-image-preview:large","max-video-preview":"max-video-preview:-1"},"canonical":"https:\/\/tuttosprint.ch\/de\/volkswagen-id-cross-elektro-suv-2026\/","og_locale":"de_DE","og_type":"article","og_title":"Volkswagen ID. Cross: elektrisches Kompakt\u2011SUV f\u00fcr 2026 - Tuttosprint","og_description":"Der neue Volkswagen ID. Cross kommt 2026: elektrisches Kompakt\u2011SUV mit \u00abPure Positive\u00bb Design, Batterien von 37 und 52 kWh, bis zu 155 kW Leistung und modernen Assistenzsystemen.","og_url":"https:\/\/tuttosprint.ch\/de\/volkswagen-id-cross-elektro-suv-2026\/","og_site_name":"Tuttosprint","article_published_time":"2026-03-18T18:31:55+00:00","article_modified_time":"2026-03-21T00:34:49+00:00","og_image":[{"width":800,"height":533,"url":"https:\/\/tuttosprint.ch\/wp-content\/uploads\/2026\/03\/VW_ID_Cross-11_media_low.jpg","type":"image\/jpeg"}],"author":"Redaktion","twitter_card":"summary_large_image","twitter_misc":{"Verfasst von":"Redaktion","Gesch\u00e4tzte Lesezeit":"3 Minuten"},"schema":{"@context":"https:\/\/schema.org","@graph":[{"@type":"Article","@id":"https:\/\/tuttosprint.ch\/de\/volkswagen-id-cross-elektro-suv-2026\/#article","isPartOf":{"@id":"https:\/\/tuttosprint.ch\/de\/volkswagen-id-cross-elektro-suv-2026\/"},"author":{"name":"Redaktion","@id":"https:\/\/tuttosprint.ch\/#\/schema\/person\/90bb42ebb40e1ef2cd416a28d84cb4fd"},"headline":"VOLKSWAGEN ID. Cross &#8211; das neue elektrische Kompakt\u2011SUV","datePublished":"2026-03-18T18:31:55+00:00","dateModified":"2026-03-21T00:34:49+00:00","mainEntityOfPage":{"@id":"https:\/\/tuttosprint.ch\/de\/volkswagen-id-cross-elektro-suv-2026\/"},"wordCount":311,"publisher":{"@id":"https:\/\/tuttosprint.ch\/#organization"},"image":{"@id":"https:\/\/tuttosprint.ch\/de\/volkswagen-id-cross-elektro-suv-2026\/#primaryimage"},"thumbnailUrl":"https:\/\/tuttosprint.ch\/wp-content\/uploads\/2026\/03\/VW_ID_Cross-11_media_low.jpg","keywords":["Elektro","Elektromobilit\u00e4t","ID. Cross","MEB+ Plattform","Neue Autos","Neuheiten 2026","SUV","Volkswagen"],"articleSection":["EmobilityTime","News"],"inLanguage":"de-DE"},{"@type":"WebPage","@id":"https:\/\/tuttosprint.ch\/de\/volkswagen-id-cross-elektro-suv-2026\/","url":"https:\/\/tuttosprint.ch\/de\/volkswagen-id-cross-elektro-suv-2026\/","name":"Volkswagen ID. Cross: elektrisches Kompakt\u2011SUV f\u00fcr 2026 - Tuttosprint","isPartOf":{"@id":"https:\/\/tuttosprint.ch\/#website"},"primaryImageOfPage":{"@id":"https:\/\/tuttosprint.ch\/de\/volkswagen-id-cross-elektro-suv-2026\/#primaryimage"},"image":{"@id":"https:\/\/tuttosprint.ch\/de\/volkswagen-id-cross-elektro-suv-2026\/#primaryimage"},"thumbnailUrl":"https:\/\/tuttosprint.ch\/wp-content\/uploads\/2026\/03\/VW_ID_Cross-11_media_low.jpg","datePublished":"2026-03-18T18:31:55+00:00","dateModified":"2026-03-21T00:34:49+00:00","description":"Der neue Volkswagen ID. Cross kommt 2026: elektrisches Kompakt\u2011SUV mit \u00abPure Positive\u00bb Design, Batterien von 37 und 52 kWh, bis zu 155 kW Leistung und modernen Assistenzsystemen.","inLanguage":"de-DE","potentialAction":[{"@type":"ReadAction","target":["https:\/\/tuttosprint.ch\/de\/volkswagen-id-cross-elektro-suv-2026\/"]}]},{"@type":"ImageObject","inLanguage":"de-DE","@id":"https:\/\/tuttosprint.ch\/de\/volkswagen-id-cross-elektro-suv-2026\/#primaryimage","url":"https:\/\/tuttosprint.ch\/wp-content\/uploads\/2026\/03\/VW_ID_Cross-11_media_low.jpg","contentUrl":"https:\/\/tuttosprint.ch\/wp-content\/uploads\/2026\/03\/VW_ID_Cross-11_media_low.jpg","width":800,"height":533,"caption":"VW ID Cross - (Credit: VW)"},{"@type":"WebSite","@id":"https:\/\/tuttosprint.ch\/#website","url":"https:\/\/tuttosprint.ch\/","name":"Tuttosprint","description":"","publisher":{"@id":"https:\/\/tuttosprint.ch\/#organization"},"potentialAction":[{"@type":"SearchAction","target":{"@type":"EntryPoint","urlTemplate":"https:\/\/tuttosprint.ch\/?s={search_term_string}"},"query-input":{"@type":"PropertyValueSpecification","valueRequired":true,"valueName":"search_term_string"}}],"inLanguage":"de-DE"},{"@type":"Organization","@id":"https:\/\/tuttosprint.ch\/#organization","name":"Tuttosprint","url":"https:\/\/tuttosprint.ch\/","logo":{"@type":"ImageObject","inLanguage":"de-DE","@id":"https:\/\/tuttosprint.ch\/#\/schema\/logo\/image\/","url":"https:\/\/tuttosprint.ch\/wp-content\/uploads\/2018\/05\/Logo_pos_Tuttosprint-2.png","contentUrl":"https:\/\/tuttosprint.ch\/wp-content\/uploads\/2018\/05\/Logo_pos_Tuttosprint-2.png","width":350,"height":55,"caption":"Tuttosprint"},"image":{"@id":"https:\/\/tuttosprint.ch\/#\/schema\/logo\/image\/"}},{"@type":"Person","@id":"https:\/\/tuttosprint.ch\/#\/schema\/person\/90bb42ebb40e1ef2cd416a28d84cb4fd","name":"Redaktion","image":{"@type":"ImageObject","inLanguage":"de-DE","@id":"https:\/\/secure.gravatar.com\/avatar\/71b2e7d3e9a91348495de1f26b310134ef10a7a454f949b0f6065c3f20479297?s=96&d=mm&r=g","url":"https:\/\/secure.gravatar.com\/avatar\/71b2e7d3e9a91348495de1f26b310134ef10a7a454f949b0f6065c3f20479297?s=96&d=mm&r=g","contentUrl":"https:\/\/secure.gravatar.com\/avatar\/71b2e7d3e9a91348495de1f26b310134ef10a7a454f949b0f6065c3f20479297?s=96&d=mm&r=g","caption":"Redaktion"},"url":"https:\/\/tuttosprint.ch\/de\/author\/redaktion-tsp\/"}]}},"_links":{"self":[{"href":"https:\/\/tuttosprint.ch\/de\/wp-json\/wp\/v2\/posts\/53013","targetHints":{"allow":["GET"]}}],"collection":[{"href":"https:\/\/tuttosprint.ch\/de\/wp-json\/wp\/v2\/posts"}],"about":[{"href":"https:\/\/tuttosprint.ch\/de\/wp-json\/wp\/v2\/types\/post"}],"author":[{"embeddable":true,"href":"https:\/\/tuttosprint.ch\/de\/wp-json\/wp\/v2\/users\/8"}],"replies":[{"embeddable":true,"href":"https:\/\/tuttosprint.ch\/de\/wp-json\/wp\/v2\/comments?post=53013"}],"version-history":[{"count":1,"href":"https:\/\/tuttosprint.ch\/de\/wp-json\/wp\/v2\/posts\/53013\/revisions"}],"predecessor-version":[{"id":53014,"href":"https:\/\/tuttosprint.ch\/de\/wp-json\/wp\/v2\/posts\/53013\/revisions\/53014"}],"wp:featuredmedia":[{"embeddable":true,"href":"https:\/\/tuttosprint.ch\/de\/wp-json\/wp\/v2\/media\/53005"}],"wp:attachment":[{"href":"https:\/\/tuttosprint.ch\/de\/wp-json\/wp\/v2\/media?parent=53013"}],"wp:term":[{"taxonomy":"category","embeddable":true,"href":"https:\/\/tuttosprint.ch\/de\/wp-json\/wp\/v2\/categories?post=53013"},{"taxonomy":"post_tag","embeddable":true,"href":"https:\/\/tuttosprint.ch\/de\/wp-json\/wp\/v2\/tags?post=53013"}],"curies":[{"name":"wp","href":"https:\/\/api.w.org\/{rel}","templated":true}]}}