{"id":53023,"date":"2026-03-20T19:20:47","date_gmt":"2026-03-20T17:20:47","guid":{"rendered":"https:\/\/tuttosprint.ch\/?p=53023"},"modified":"2026-03-21T18:42:05","modified_gmt":"2026-03-21T16:42:05","slug":"opel-formel-e-start-2026-gse-team","status":"publish","type":"post","link":"https:\/\/tuttosprint.ch\/de\/opel-formel-e-start-2026-gse-team\/","title":{"rendered":"OPEL STEIGT AB DER SAISON 2026\/27 IN DIE FORMEL E EIN"},"content":{"rendered":"\n<h4 class=\"wp-block-heading\">\u00abOPEL GSE FORMULA E TEAM\u00bb WIRD ALS OFFIZIELLES TEAM IN DER ABB FIA FORMEL-E-WELTMEISTERSCHAFT STARTEN.<\/h4>\n\n\n\n<figure class=\"wp-block-image size-full\"><img loading=\"lazy\" decoding=\"async\" width=\"600\" height=\"400\" src=\"https:\/\/tuttosprint.ch\/wp-content\/uploads\/2026\/03\/Opel_529789.jpg\" alt=\"Opel_529789\" class=\"wp-image-53020\" srcset=\"https:\/\/tuttosprint.ch\/wp-content\/uploads\/2026\/03\/Opel_529789.jpg 600w, https:\/\/tuttosprint.ch\/wp-content\/uploads\/2026\/03\/Opel_529789-300x200.jpg 300w\" sizes=\"auto, (max-width: 600px) 100vw, 600px\" \/><figcaption class=\"wp-element-caption\">Florian Huettl Opel CEO (links) \u2013 Jeff Dodds, CEO di Formula E- (Credit: Opel Automobile GmbH)<\/figcaption><\/figure>\n\n\n\n<p>Opel steigt ab der Saison 2026\/27 offiziell in die ABB FIA Formel\u2011E\u2011Weltmeisterschaft ein. Mit dem neuen Opel GSE Formula E Team setzt die Marke aus R\u00fcsselsheim ein starkes Zeichen f\u00fcr elektrischen Spitzenmotorsport und die k\u00fcnftige Hochleistungsreihe GSE \u2013 Grand Sport Electric.<\/p>\n\n\n\n<p>CEO Florian Huettl und Formel\u2011E\u2011Chef Jeff Dodds gaben den Einstieg auf dem Circuito de Jarama bekannt. Der Zeitpunkt ist ideal: Ab der kommenden Saison startet die neue GEN4\u2011Generation, mit bis zu 600 kW Leistung, permanenter Allradtraktion und einer Rekuperation von bis zu 700 kW \u2013 der gr\u00f6sste Technologiesprung in der Geschichte der Serie.<\/p>\n\n\n\n<p>Opel bringt jahrzehntelange Motorsport\u2011Erfahrung mit, von Rallye\u2011Erfolgen bis zum DTM, und baut auf die Kompetenz aus der ADAC Opel Electric Rally Cup, dem weltweit ersten elektrischen Markenpokal. Parallel dazu beginnt die neue GSE Rally Cup mit dem 207\u2011kW\u2011starken Opel Mokka GSE Rally.<\/p>\n\n\n\n<figure class=\"wp-block-image size-large\"><img loading=\"lazy\" decoding=\"async\" width=\"1024\" height=\"373\" src=\"https:\/\/tuttosprint.ch\/wp-content\/uploads\/2026\/03\/02_Opel_529745_-1024x373.jpg\" alt=\"02_Opel_529745_\" class=\"wp-image-53018\" srcset=\"https:\/\/tuttosprint.ch\/wp-content\/uploads\/2026\/03\/02_Opel_529745_-1024x373.jpg 1024w, https:\/\/tuttosprint.ch\/wp-content\/uploads\/2026\/03\/02_Opel_529745_-300x109.jpg 300w, https:\/\/tuttosprint.ch\/wp-content\/uploads\/2026\/03\/02_Opel_529745_-768x280.jpg 768w, https:\/\/tuttosprint.ch\/wp-content\/uploads\/2026\/03\/02_Opel_529745_-1536x559.jpg 1536w, https:\/\/tuttosprint.ch\/wp-content\/uploads\/2026\/03\/02_Opel_529745_-2048x745.jpg 2048w\" sizes=\"auto, (max-width: 1024px) 100vw, 1024px\" \/><figcaption class=\"wp-element-caption\">(Credit: Opel Automobile GmbH)<\/figcaption><\/figure>\n\n\n\n<p>Der erste \u00f6ffentliche Auftritt des Teams erfolgt beim offiziellen GEN4\u2011Launch im April auf dem Circuit Paul Ricard.<\/p>\n\n\n\n<p class=\"has-text-align-center has-accent-color has-base-background-color has-text-color has-background has-link-color has-small-font-size wp-elements-f2692f6cf8328a70664d4424e0dcc5af\"><em>Red. TSP<br>Tuttosprint \u2013 Mobilit\u00e4t, Motoren, Reisen und Lifestyle.<\/em><\/p>\n","protected":false},"excerpt":{"rendered":"<p>Opel steigt ab der Saison 2026\/27 mit dem neuen Opel GSE Formula\u2026<\/p>\n","protected":false},"author":8,"featured_media":53016,"comment_status":"closed","ping_status":"closed","sticky":false,"template":"","format":"standard","meta":{"footnotes":""},"categories":[40,23,21],"tags":[444,446,442,439,441,440,438,443,434,445,436,435,437],"class_list":["post-53023","post","type-post","status-publish","format-standard","has-post-thumbnail","hentry","category-emobilitytime-de","category-motorsport-de","category-news","tag-electric-rally","tag-elektrischer-motorsport","tag-fia","tag-florian-huettl","tag-formel-e","tag-gen4","tag-gse","tag-jeff-dodds","tag-opel","tag-opel-corsa-gse","tag-opel-gse-formula-e-team","tag-opel-mokka-gse","tag-stellantis-motorsport"],"yoast_head":"<!-- This site is optimized with the Yoast SEO plugin v27.4 - https:\/\/yoast.com\/product\/yoast-seo-wordpress\/ -->\n<title>Opel startet mit dem neuen GSE Formula E Team in der Formel E - Tuttosprint<\/title>\n<meta name=\"description\" content=\"Opel steigt zur Saison 2026\/27 offiziell in die ABB FIA Formel\u2011E\u2011Weltmeisterschaft ein. Mit dem neuen Opel GSE Formula E Team und der Einf\u00fchrung der GEN4\u2011Fahrzeuge setzt die Marke ein starkes Zeichen f\u00fcr elektrischen Spitzenmotorsport.\" \/>\n<meta name=\"robots\" content=\"index, follow, max-snippet:-1, max-image-preview:large, max-video-preview:-1\" \/>\n<link rel=\"canonical\" href=\"https:\/\/tuttosprint.ch\/de\/opel-formel-e-start-2026-gse-team\/\" \/>\n<meta property=\"og:locale\" content=\"de_DE\" \/>\n<meta property=\"og:type\" content=\"article\" \/>\n<meta property=\"og:title\" content=\"Opel startet mit dem neuen GSE Formula E Team in der Formel E - Tuttosprint\" \/>\n<meta property=\"og:description\" content=\"Opel steigt zur Saison 2026\/27 offiziell in die ABB FIA Formel\u2011E\u2011Weltmeisterschaft ein. Mit dem neuen Opel GSE Formula E Team und der Einf\u00fchrung der GEN4\u2011Fahrzeuge setzt die Marke ein starkes Zeichen f\u00fcr elektrischen Spitzenmotorsport.\" \/>\n<meta property=\"og:url\" content=\"https:\/\/tuttosprint.ch\/de\/opel-formel-e-start-2026-gse-team\/\" \/>\n<meta property=\"og:site_name\" content=\"Tuttosprint\" \/>\n<meta property=\"article:published_time\" content=\"2026-03-20T17:20:47+00:00\" \/>\n<meta property=\"article:modified_time\" content=\"2026-03-21T16:42:05+00:00\" \/>\n<meta property=\"og:image\" content=\"https:\/\/tuttosprint.ch\/wp-content\/uploads\/2026\/03\/01_Opel_529744_.jpg\" \/>\n\t<meta property=\"og:image:width\" content=\"711\" \/>\n\t<meta property=\"og:image:height\" content=\"400\" \/>\n\t<meta property=\"og:image:type\" content=\"image\/jpeg\" \/>\n<meta name=\"author\" content=\"Redaktion\" \/>\n<meta name=\"twitter:card\" content=\"summary_large_image\" \/>\n<meta name=\"twitter:label1\" content=\"Verfasst von\" \/>\n\t<meta name=\"twitter:data1\" content=\"Redaktion\" \/>\n\t<meta name=\"twitter:label2\" content=\"Gesch\u00e4tzte Lesezeit\" \/>\n\t<meta name=\"twitter:data2\" content=\"1 Minute\" \/>\n<script type=\"application\/ld+json\" class=\"yoast-schema-graph\">{\"@context\":\"https:\\\/\\\/schema.org\",\"@graph\":[{\"@type\":\"Article\",\"@id\":\"https:\\\/\\\/tuttosprint.ch\\\/de\\\/opel-formel-e-start-2026-gse-team\\\/#article\",\"isPartOf\":{\"@id\":\"https:\\\/\\\/tuttosprint.ch\\\/de\\\/opel-formel-e-start-2026-gse-team\\\/\"},\"author\":{\"name\":\"Redaktion\",\"@id\":\"https:\\\/\\\/tuttosprint.ch\\\/#\\\/schema\\\/person\\\/90bb42ebb40e1ef2cd416a28d84cb4fd\"},\"headline\":\"OPEL STEIGT AB DER SAISON 2026\\\/27 IN DIE FORMEL E EIN\",\"datePublished\":\"2026-03-20T17:20:47+00:00\",\"dateModified\":\"2026-03-21T16:42:05+00:00\",\"mainEntityOfPage\":{\"@id\":\"https:\\\/\\\/tuttosprint.ch\\\/de\\\/opel-formel-e-start-2026-gse-team\\\/\"},\"wordCount\":205,\"publisher\":{\"@id\":\"https:\\\/\\\/tuttosprint.ch\\\/#organization\"},\"image\":{\"@id\":\"https:\\\/\\\/tuttosprint.ch\\\/de\\\/opel-formel-e-start-2026-gse-team\\\/#primaryimage\"},\"thumbnailUrl\":\"https:\\\/\\\/tuttosprint.ch\\\/wp-content\\\/uploads\\\/2026\\\/03\\\/01_Opel_529744_.jpg\",\"keywords\":[\"Electric Rally\",\"elektrischer Motorsport\",\"FIA\",\"Florian Huettl\",\"Formel E\",\"GEN4\",\"GSE\",\"Jeff Dodds\",\"Opel\",\"Opel Corsa GSE\",\"Opel GSE Formula E Team\",\"Opel Mokka GSE\",\"Stellantis Motorsport\"],\"articleSection\":[\"EmobilityTime\",\"Motorsport\",\"News\"],\"inLanguage\":\"de-DE\"},{\"@type\":\"WebPage\",\"@id\":\"https:\\\/\\\/tuttosprint.ch\\\/de\\\/opel-formel-e-start-2026-gse-team\\\/\",\"url\":\"https:\\\/\\\/tuttosprint.ch\\\/de\\\/opel-formel-e-start-2026-gse-team\\\/\",\"name\":\"Opel startet mit dem neuen GSE Formula E Team in der Formel E - Tuttosprint\",\"isPartOf\":{\"@id\":\"https:\\\/\\\/tuttosprint.ch\\\/#website\"},\"primaryImageOfPage\":{\"@id\":\"https:\\\/\\\/tuttosprint.ch\\\/de\\\/opel-formel-e-start-2026-gse-team\\\/#primaryimage\"},\"image\":{\"@id\":\"https:\\\/\\\/tuttosprint.ch\\\/de\\\/opel-formel-e-start-2026-gse-team\\\/#primaryimage\"},\"thumbnailUrl\":\"https:\\\/\\\/tuttosprint.ch\\\/wp-content\\\/uploads\\\/2026\\\/03\\\/01_Opel_529744_.jpg\",\"datePublished\":\"2026-03-20T17:20:47+00:00\",\"dateModified\":\"2026-03-21T16:42:05+00:00\",\"description\":\"Opel steigt zur Saison 2026\\\/27 offiziell in die ABB FIA Formel\u2011E\u2011Weltmeisterschaft ein. Mit dem neuen Opel GSE Formula E Team und der Einf\u00fchrung der GEN4\u2011Fahrzeuge setzt die Marke ein starkes Zeichen f\u00fcr elektrischen Spitzenmotorsport.\",\"inLanguage\":\"de-DE\",\"potentialAction\":[{\"@type\":\"ReadAction\",\"target\":[\"https:\\\/\\\/tuttosprint.ch\\\/de\\\/opel-formel-e-start-2026-gse-team\\\/\"]}]},{\"@type\":\"ImageObject\",\"inLanguage\":\"de-DE\",\"@id\":\"https:\\\/\\\/tuttosprint.ch\\\/de\\\/opel-formel-e-start-2026-gse-team\\\/#primaryimage\",\"url\":\"https:\\\/\\\/tuttosprint.ch\\\/wp-content\\\/uploads\\\/2026\\\/03\\\/01_Opel_529744_.jpg\",\"contentUrl\":\"https:\\\/\\\/tuttosprint.ch\\\/wp-content\\\/uploads\\\/2026\\\/03\\\/01_Opel_529744_.jpg\",\"width\":711,\"height\":400,\"caption\":\"(Credit: Opel Automobile GmbH)\"},{\"@type\":\"WebSite\",\"@id\":\"https:\\\/\\\/tuttosprint.ch\\\/#website\",\"url\":\"https:\\\/\\\/tuttosprint.ch\\\/\",\"name\":\"Tuttosprint\",\"description\":\"\",\"publisher\":{\"@id\":\"https:\\\/\\\/tuttosprint.ch\\\/#organization\"},\"potentialAction\":[{\"@type\":\"SearchAction\",\"target\":{\"@type\":\"EntryPoint\",\"urlTemplate\":\"https:\\\/\\\/tuttosprint.ch\\\/?s={search_term_string}\"},\"query-input\":{\"@type\":\"PropertyValueSpecification\",\"valueRequired\":true,\"valueName\":\"search_term_string\"}}],\"inLanguage\":\"de-DE\"},{\"@type\":\"Organization\",\"@id\":\"https:\\\/\\\/tuttosprint.ch\\\/#organization\",\"name\":\"Tuttosprint\",\"url\":\"https:\\\/\\\/tuttosprint.ch\\\/\",\"logo\":{\"@type\":\"ImageObject\",\"inLanguage\":\"de-DE\",\"@id\":\"https:\\\/\\\/tuttosprint.ch\\\/#\\\/schema\\\/logo\\\/image\\\/\",\"url\":\"https:\\\/\\\/tuttosprint.ch\\\/wp-content\\\/uploads\\\/2018\\\/05\\\/Logo_pos_Tuttosprint-2.png\",\"contentUrl\":\"https:\\\/\\\/tuttosprint.ch\\\/wp-content\\\/uploads\\\/2018\\\/05\\\/Logo_pos_Tuttosprint-2.png\",\"width\":350,\"height\":55,\"caption\":\"Tuttosprint\"},\"image\":{\"@id\":\"https:\\\/\\\/tuttosprint.ch\\\/#\\\/schema\\\/logo\\\/image\\\/\"}},{\"@type\":\"Person\",\"@id\":\"https:\\\/\\\/tuttosprint.ch\\\/#\\\/schema\\\/person\\\/90bb42ebb40e1ef2cd416a28d84cb4fd\",\"name\":\"Redaktion\",\"image\":{\"@type\":\"ImageObject\",\"inLanguage\":\"de-DE\",\"@id\":\"https:\\\/\\\/secure.gravatar.com\\\/avatar\\\/71b2e7d3e9a91348495de1f26b310134ef10a7a454f949b0f6065c3f20479297?s=96&d=mm&r=g\",\"url\":\"https:\\\/\\\/secure.gravatar.com\\\/avatar\\\/71b2e7d3e9a91348495de1f26b310134ef10a7a454f949b0f6065c3f20479297?s=96&d=mm&r=g\",\"contentUrl\":\"https:\\\/\\\/secure.gravatar.com\\\/avatar\\\/71b2e7d3e9a91348495de1f26b310134ef10a7a454f949b0f6065c3f20479297?s=96&d=mm&r=g\",\"caption\":\"Redaktion\"},\"url\":\"https:\\\/\\\/tuttosprint.ch\\\/de\\\/author\\\/redaktion-tsp\\\/\"}]}<\/script>\n<!-- \/ Yoast SEO plugin. -->","yoast_head_json":{"title":"Opel startet mit dem neuen GSE Formula E Team in der Formel E - Tuttosprint","description":"Opel steigt zur Saison 2026\/27 offiziell in die ABB FIA Formel\u2011E\u2011Weltmeisterschaft ein. Mit dem neuen Opel GSE Formula E Team und der Einf\u00fchrung der GEN4\u2011Fahrzeuge setzt die Marke ein starkes Zeichen f\u00fcr elektrischen Spitzenmotorsport.","robots":{"index":"index","follow":"follow","max-snippet":"max-snippet:-1","max-image-preview":"max-image-preview:large","max-video-preview":"max-video-preview:-1"},"canonical":"https:\/\/tuttosprint.ch\/de\/opel-formel-e-start-2026-gse-team\/","og_locale":"de_DE","og_type":"article","og_title":"Opel startet mit dem neuen GSE Formula E Team in der Formel E - Tuttosprint","og_description":"Opel steigt zur Saison 2026\/27 offiziell in die ABB FIA Formel\u2011E\u2011Weltmeisterschaft ein. Mit dem neuen Opel GSE Formula E Team und der Einf\u00fchrung der GEN4\u2011Fahrzeuge setzt die Marke ein starkes Zeichen f\u00fcr elektrischen Spitzenmotorsport.","og_url":"https:\/\/tuttosprint.ch\/de\/opel-formel-e-start-2026-gse-team\/","og_site_name":"Tuttosprint","article_published_time":"2026-03-20T17:20:47+00:00","article_modified_time":"2026-03-21T16:42:05+00:00","og_image":[{"width":711,"height":400,"url":"https:\/\/tuttosprint.ch\/wp-content\/uploads\/2026\/03\/01_Opel_529744_.jpg","type":"image\/jpeg"}],"author":"Redaktion","twitter_card":"summary_large_image","twitter_misc":{"Verfasst von":"Redaktion","Gesch\u00e4tzte Lesezeit":"1 Minute"},"schema":{"@context":"https:\/\/schema.org","@graph":[{"@type":"Article","@id":"https:\/\/tuttosprint.ch\/de\/opel-formel-e-start-2026-gse-team\/#article","isPartOf":{"@id":"https:\/\/tuttosprint.ch\/de\/opel-formel-e-start-2026-gse-team\/"},"author":{"name":"Redaktion","@id":"https:\/\/tuttosprint.ch\/#\/schema\/person\/90bb42ebb40e1ef2cd416a28d84cb4fd"},"headline":"OPEL STEIGT AB DER SAISON 2026\/27 IN DIE FORMEL E EIN","datePublished":"2026-03-20T17:20:47+00:00","dateModified":"2026-03-21T16:42:05+00:00","mainEntityOfPage":{"@id":"https:\/\/tuttosprint.ch\/de\/opel-formel-e-start-2026-gse-team\/"},"wordCount":205,"publisher":{"@id":"https:\/\/tuttosprint.ch\/#organization"},"image":{"@id":"https:\/\/tuttosprint.ch\/de\/opel-formel-e-start-2026-gse-team\/#primaryimage"},"thumbnailUrl":"https:\/\/tuttosprint.ch\/wp-content\/uploads\/2026\/03\/01_Opel_529744_.jpg","keywords":["Electric Rally","elektrischer Motorsport","FIA","Florian Huettl","Formel E","GEN4","GSE","Jeff Dodds","Opel","Opel Corsa GSE","Opel GSE Formula E Team","Opel Mokka GSE","Stellantis Motorsport"],"articleSection":["EmobilityTime","Motorsport","News"],"inLanguage":"de-DE"},{"@type":"WebPage","@id":"https:\/\/tuttosprint.ch\/de\/opel-formel-e-start-2026-gse-team\/","url":"https:\/\/tuttosprint.ch\/de\/opel-formel-e-start-2026-gse-team\/","name":"Opel startet mit dem neuen GSE Formula E Team in der Formel E - Tuttosprint","isPartOf":{"@id":"https:\/\/tuttosprint.ch\/#website"},"primaryImageOfPage":{"@id":"https:\/\/tuttosprint.ch\/de\/opel-formel-e-start-2026-gse-team\/#primaryimage"},"image":{"@id":"https:\/\/tuttosprint.ch\/de\/opel-formel-e-start-2026-gse-team\/#primaryimage"},"thumbnailUrl":"https:\/\/tuttosprint.ch\/wp-content\/uploads\/2026\/03\/01_Opel_529744_.jpg","datePublished":"2026-03-20T17:20:47+00:00","dateModified":"2026-03-21T16:42:05+00:00","description":"Opel steigt zur Saison 2026\/27 offiziell in die ABB FIA Formel\u2011E\u2011Weltmeisterschaft ein. Mit dem neuen Opel GSE Formula E Team und der Einf\u00fchrung der GEN4\u2011Fahrzeuge setzt die Marke ein starkes Zeichen f\u00fcr elektrischen Spitzenmotorsport.","inLanguage":"de-DE","potentialAction":[{"@type":"ReadAction","target":["https:\/\/tuttosprint.ch\/de\/opel-formel-e-start-2026-gse-team\/"]}]},{"@type":"ImageObject","inLanguage":"de-DE","@id":"https:\/\/tuttosprint.ch\/de\/opel-formel-e-start-2026-gse-team\/#primaryimage","url":"https:\/\/tuttosprint.ch\/wp-content\/uploads\/2026\/03\/01_Opel_529744_.jpg","contentUrl":"https:\/\/tuttosprint.ch\/wp-content\/uploads\/2026\/03\/01_Opel_529744_.jpg","width":711,"height":400,"caption":"(Credit: Opel Automobile GmbH)"},{"@type":"WebSite","@id":"https:\/\/tuttosprint.ch\/#website","url":"https:\/\/tuttosprint.ch\/","name":"Tuttosprint","description":"","publisher":{"@id":"https:\/\/tuttosprint.ch\/#organization"},"potentialAction":[{"@type":"SearchAction","target":{"@type":"EntryPoint","urlTemplate":"https:\/\/tuttosprint.ch\/?s={search_term_string}"},"query-input":{"@type":"PropertyValueSpecification","valueRequired":true,"valueName":"search_term_string"}}],"inLanguage":"de-DE"},{"@type":"Organization","@id":"https:\/\/tuttosprint.ch\/#organization","name":"Tuttosprint","url":"https:\/\/tuttosprint.ch\/","logo":{"@type":"ImageObject","inLanguage":"de-DE","@id":"https:\/\/tuttosprint.ch\/#\/schema\/logo\/image\/","url":"https:\/\/tuttosprint.ch\/wp-content\/uploads\/2018\/05\/Logo_pos_Tuttosprint-2.png","contentUrl":"https:\/\/tuttosprint.ch\/wp-content\/uploads\/2018\/05\/Logo_pos_Tuttosprint-2.png","width":350,"height":55,"caption":"Tuttosprint"},"image":{"@id":"https:\/\/tuttosprint.ch\/#\/schema\/logo\/image\/"}},{"@type":"Person","@id":"https:\/\/tuttosprint.ch\/#\/schema\/person\/90bb42ebb40e1ef2cd416a28d84cb4fd","name":"Redaktion","image":{"@type":"ImageObject","inLanguage":"de-DE","@id":"https:\/\/secure.gravatar.com\/avatar\/71b2e7d3e9a91348495de1f26b310134ef10a7a454f949b0f6065c3f20479297?s=96&d=mm&r=g","url":"https:\/\/secure.gravatar.com\/avatar\/71b2e7d3e9a91348495de1f26b310134ef10a7a454f949b0f6065c3f20479297?s=96&d=mm&r=g","contentUrl":"https:\/\/secure.gravatar.com\/avatar\/71b2e7d3e9a91348495de1f26b310134ef10a7a454f949b0f6065c3f20479297?s=96&d=mm&r=g","caption":"Redaktion"},"url":"https:\/\/tuttosprint.ch\/de\/author\/redaktion-tsp\/"}]}},"_links":{"self":[{"href":"https:\/\/tuttosprint.ch\/de\/wp-json\/wp\/v2\/posts\/53023","targetHints":{"allow":["GET"]}}],"collection":[{"href":"https:\/\/tuttosprint.ch\/de\/wp-json\/wp\/v2\/posts"}],"about":[{"href":"https:\/\/tuttosprint.ch\/de\/wp-json\/wp\/v2\/types\/post"}],"author":[{"embeddable":true,"href":"https:\/\/tuttosprint.ch\/de\/wp-json\/wp\/v2\/users\/8"}],"replies":[{"embeddable":true,"href":"https:\/\/tuttosprint.ch\/de\/wp-json\/wp\/v2\/comments?post=53023"}],"version-history":[{"count":2,"href":"https:\/\/tuttosprint.ch\/de\/wp-json\/wp\/v2\/posts\/53023\/revisions"}],"predecessor-version":[{"id":53037,"href":"https:\/\/tuttosprint.ch\/de\/wp-json\/wp\/v2\/posts\/53023\/revisions\/53037"}],"wp:featuredmedia":[{"embeddable":true,"href":"https:\/\/tuttosprint.ch\/de\/wp-json\/wp\/v2\/media\/53016"}],"wp:attachment":[{"href":"https:\/\/tuttosprint.ch\/de\/wp-json\/wp\/v2\/media?parent=53023"}],"wp:term":[{"taxonomy":"category","embeddable":true,"href":"https:\/\/tuttosprint.ch\/de\/wp-json\/wp\/v2\/categories?post=53023"},{"taxonomy":"post_tag","embeddable":true,"href":"https:\/\/tuttosprint.ch\/de\/wp-json\/wp\/v2\/tags?post=53023"}],"curies":[{"name":"wp","href":"https:\/\/api.w.org\/{rel}","templated":true}]}}