{"id":53029,"date":"2026-03-20T19:31:48","date_gmt":"2026-03-20T17:31:48","guid":{"rendered":"https:\/\/tuttosprint.ch\/?p=53029"},"modified":"2026-03-21T02:34:48","modified_gmt":"2026-03-21T00:34:48","slug":"praesidentenwechsel-motosuisse-ivo-grossenbacher","status":"publish","type":"post","link":"https:\/\/tuttosprint.ch\/de\/praesidentenwechsel-motosuisse-ivo-grossenbacher\/","title":{"rendered":"IVO GROSSENBACHER NEUER PR\u00c4SIDENT VON MOTOSUISSE"},"content":{"rendered":"\n<h4 class=\"wp-block-heading\">DIE GENERALVERSAMMLUNG DES SCHWEIZER VERBANDES DER MOTORRAD-, ROLLER- UND ZUBEH\u00d6RIMPORTEURE HAT DEN BISHERIGEN GESCH\u00c4FTSF\u00dcHRER EINSTIMMIG ZUM NACHFOLGER VON J\u00d6RG BUCHER (66) GEW\u00c4HLT.<\/h4>\n\n\n\n<p><\/p>\n\n\n\n<p><em>20. M\u00e4rz 2026 (SFMR)<\/em> &#8211; Die diesj\u00e4hrige Generalversammlung des Motorrad-, Roller- und Zubeh\u00f6rImporteurs-Verbandes motosuisse w\u00e4hlte ihren bisherigen Gesch\u00e4ftsf\u00fchrer Ivo Grossenbacher (36) einstimmig zu ihrem neuen Pr\u00e4sidenten und Nachfolger des in Pension gehenden J\u00f6rg Bucher (66).<\/p>\n\n\n\n<p><em>\u00abEs ist Zeit, dass eine neue Generation die Leitung des Verbandes \u00fcbernimmt\u00bb,<\/em> erkl\u00e4rte Bucher bei seiner Verabschiedung. Er \u00fcbergibt dem neuen Pr\u00e4sidenten einen finanziell gesunden Verband mit klarer Struktur, der eine Branche in einem konstant wachsenden, attraktiven Markt vertritt.<\/p>\n\n\n\n<p>534\u2018000 Motorr\u00e4der und 286\u2018000 Roller sind aktuell im Kurvenparadies Schweiz bei den Strassenverkehrs\u00e4mtern registriert und werden vorwiegend in der Freizeit von einem breiten Spektrum der Bev\u00f6lkerung mit Vorliebe \u00fcber kurvige H\u00fcgel- und Bergstrassen gelenkt.<\/p>\n\n\n\n<p>Die wichtigsten 28 Importeure aus der Fahrzeug-, Zubeh\u00f6r- und Bekleidungsbranche sind im Branchenverband motosuisse zusammengeschlossen, welcher die wirtschaftlichen, politischen und medialen Aspekte der schweizerischen \u201eT\u00f6ff-Branche\u201c betreut und nach aussen vertritt. 2021 \u00fcbernahm J\u00f6rg Bucher (66) das Pr\u00e4sidentenamt. Die wichtigsten Herausforderungen w\u00e4hrend seiner Amtszeit waren die wirtschaftlich und organisatorisch anspruchsvollen Corona-Jahre 2021\/2022 sowie die langj\u00e4hrigen und harten Debatten bei der auf den 1. Januar 2021 in Kraft gesetzten F\u00fchrerschein-Revision.<\/p>\n\n\n\n<p><em>\u201eJetzt ist die Zeit gekommen, die Geschicke des Verbandes in j\u00fcngere H\u00e4nde zu \u00fcbergeben\u201c,<\/em> erkl\u00e4rte der in den verdienten Ruhestand tretende Bucher. <em>\u201eMit dem bisherigen Gesch\u00e4ftsf\u00fchrer Ivo Grossenbacher haben wir einen perfekt geeigneten Nachfolger gefunden, der sich als Anwalt im heute immer anspruchsvolleren rechtlichen Regelwerk und auch im politischen Gef\u00fcge bestens auskennt.\u201c<\/em><\/p>\n\n\n\n<p>Auf den neuen Pr\u00e4sidenten Ivo Grossenbacher (36) und motosuisse warten neue Herausforderungen. Aktuell bereiten die Unfallzahlen bei den jungen Neueinsteigenden Sorgen und verlangen auch aus der Sicht des Branchenverbandes Nachbesserungen bei der Ausbildung. Zudem weiss im Moment noch niemand, wie die anhaltenden geopolitischen Unruhen mittel- und langfristig das Konsumverhalten im Freizeitsektor und damit den Markt beeinflussen werden. Und wie immer bei Saisonbeginn werden auch die Diskussionen und Medienberichte \u00fcber \u00fcberm\u00e4ssige L\u00e4rmemissionen wieder aufflammen beziehungsweise zahlreicher werden.<\/p>\n\n\n\n<p><em>\u201eLangweilig wird mir mit Sicherheit nicht werden\u201c, <\/em>betont der neue Pr\u00e4sident,<em> \u201eaber ich kann in Vorstand und Verband auf tatkr\u00e4ftige Unterst\u00fctzung von Personen mit hoher Fachkompetenz vertrauen.\u201c<\/em><\/p>\n","protected":false},"excerpt":{"rendered":"<p>Pr\u00e4sidentenwechsel bei motosuisse: Ivo Grossenbacher \u00fcbernimmt das Amt von J\u00f6rg Bucher. Der\u2026<\/p>\n","protected":false},"author":8,"featured_media":53026,"comment_status":"closed","ping_status":"closed","sticky":false,"template":"","format":"standard","meta":{"footnotes":""},"categories":[21],"tags":[460,456,462,463,458,464,192,459,457,461],"class_list":["post-53029","post","type-post","status-publish","format-standard","has-post-thumbnail","hentry","category-news","tag-importeure","tag-ivo-grossenbacher","tag-joerg-bucher","tag-motorradausbildung","tag-motorradbranche-schweiz","tag-motorradmarkt","tag-motosuisse","tag-praesidentenwechsel","tag-verband","tag-verkehrssicherheit"],"yoast_head":"<!-- This site is optimized with the Yoast SEO plugin v27.4 - https:\/\/yoast.com\/product\/yoast-seo-wordpress\/ -->\n<title>Pr\u00e4sidentenwechsel bei motosuisse: Grossenbacher folgt auf Bucher - Tuttosprint<\/title>\n<meta name=\"description\" content=\"Die Generalversammlung von motosuisse w\u00e4hlt Ivo Grossenbacher einstimmig zum neuen Pr\u00e4sidenten. Der Verband steht vor Herausforderungen in Sicherheit, Ausbildung und Marktentwicklung.\" \/>\n<meta name=\"robots\" content=\"index, follow, max-snippet:-1, max-image-preview:large, max-video-preview:-1\" \/>\n<link rel=\"canonical\" href=\"https:\/\/tuttosprint.ch\/de\/praesidentenwechsel-motosuisse-ivo-grossenbacher\/\" \/>\n<meta property=\"og:locale\" content=\"de_DE\" \/>\n<meta property=\"og:type\" content=\"article\" \/>\n<meta property=\"og:title\" content=\"Pr\u00e4sidentenwechsel bei motosuisse: Grossenbacher folgt auf Bucher - Tuttosprint\" \/>\n<meta property=\"og:description\" content=\"Die Generalversammlung von motosuisse w\u00e4hlt Ivo Grossenbacher einstimmig zum neuen Pr\u00e4sidenten. Der Verband steht vor Herausforderungen in Sicherheit, Ausbildung und Marktentwicklung.\" \/>\n<meta property=\"og:url\" content=\"https:\/\/tuttosprint.ch\/de\/praesidentenwechsel-motosuisse-ivo-grossenbacher\/\" \/>\n<meta property=\"og:site_name\" content=\"Tuttosprint\" \/>\n<meta property=\"article:published_time\" content=\"2026-03-20T17:31:48+00:00\" \/>\n<meta property=\"article:modified_time\" content=\"2026-03-21T00:34:48+00:00\" \/>\n<meta property=\"og:image\" content=\"https:\/\/tuttosprint.ch\/wp-content\/uploads\/2026\/03\/motosuisse_Grossenbacher_Bucher_.jpg\" \/>\n\t<meta property=\"og:image:width\" content=\"400\" \/>\n\t<meta property=\"og:image:height\" content=\"587\" \/>\n\t<meta property=\"og:image:type\" content=\"image\/jpeg\" \/>\n<meta name=\"author\" content=\"Redaktion\" \/>\n<meta name=\"twitter:card\" content=\"summary_large_image\" \/>\n<meta name=\"twitter:label1\" content=\"Verfasst von\" \/>\n\t<meta name=\"twitter:data1\" content=\"Redaktion\" \/>\n\t<meta name=\"twitter:label2\" content=\"Gesch\u00e4tzte Lesezeit\" \/>\n\t<meta name=\"twitter:data2\" content=\"3 Minuten\" \/>\n<script type=\"application\/ld+json\" class=\"yoast-schema-graph\">{\"@context\":\"https:\\\/\\\/schema.org\",\"@graph\":[{\"@type\":\"Article\",\"@id\":\"https:\\\/\\\/tuttosprint.ch\\\/de\\\/praesidentenwechsel-motosuisse-ivo-grossenbacher\\\/#article\",\"isPartOf\":{\"@id\":\"https:\\\/\\\/tuttosprint.ch\\\/de\\\/praesidentenwechsel-motosuisse-ivo-grossenbacher\\\/\"},\"author\":{\"name\":\"Redaktion\",\"@id\":\"https:\\\/\\\/tuttosprint.ch\\\/#\\\/schema\\\/person\\\/90bb42ebb40e1ef2cd416a28d84cb4fd\"},\"headline\":\"IVO GROSSENBACHER NEUER PR\u00c4SIDENT VON MOTOSUISSE\",\"datePublished\":\"2026-03-20T17:31:48+00:00\",\"dateModified\":\"2026-03-21T00:34:48+00:00\",\"mainEntityOfPage\":{\"@id\":\"https:\\\/\\\/tuttosprint.ch\\\/de\\\/praesidentenwechsel-motosuisse-ivo-grossenbacher\\\/\"},\"wordCount\":384,\"publisher\":{\"@id\":\"https:\\\/\\\/tuttosprint.ch\\\/#organization\"},\"image\":{\"@id\":\"https:\\\/\\\/tuttosprint.ch\\\/de\\\/praesidentenwechsel-motosuisse-ivo-grossenbacher\\\/#primaryimage\"},\"thumbnailUrl\":\"https:\\\/\\\/tuttosprint.ch\\\/wp-content\\\/uploads\\\/2026\\\/03\\\/motosuisse_Grossenbacher_Bucher_.jpg\",\"keywords\":[\"Importeure\",\"Ivo Grossenbacher\",\"J\u00f6rg Bucher\",\"Motorradausbildung\",\"Motorradbranche Schweiz\",\"Motorradmarkt\",\"motosuisse\",\"Pr\u00e4sidentenwechsel\",\"Verband\",\"Verkehrssicherheit\"],\"articleSection\":[\"News\"],\"inLanguage\":\"de-DE\"},{\"@type\":\"WebPage\",\"@id\":\"https:\\\/\\\/tuttosprint.ch\\\/de\\\/praesidentenwechsel-motosuisse-ivo-grossenbacher\\\/\",\"url\":\"https:\\\/\\\/tuttosprint.ch\\\/de\\\/praesidentenwechsel-motosuisse-ivo-grossenbacher\\\/\",\"name\":\"Pr\u00e4sidentenwechsel bei motosuisse: Grossenbacher folgt auf Bucher - Tuttosprint\",\"isPartOf\":{\"@id\":\"https:\\\/\\\/tuttosprint.ch\\\/#website\"},\"primaryImageOfPage\":{\"@id\":\"https:\\\/\\\/tuttosprint.ch\\\/de\\\/praesidentenwechsel-motosuisse-ivo-grossenbacher\\\/#primaryimage\"},\"image\":{\"@id\":\"https:\\\/\\\/tuttosprint.ch\\\/de\\\/praesidentenwechsel-motosuisse-ivo-grossenbacher\\\/#primaryimage\"},\"thumbnailUrl\":\"https:\\\/\\\/tuttosprint.ch\\\/wp-content\\\/uploads\\\/2026\\\/03\\\/motosuisse_Grossenbacher_Bucher_.jpg\",\"datePublished\":\"2026-03-20T17:31:48+00:00\",\"dateModified\":\"2026-03-21T00:34:48+00:00\",\"description\":\"Die Generalversammlung von motosuisse w\u00e4hlt Ivo Grossenbacher einstimmig zum neuen Pr\u00e4sidenten. Der Verband steht vor Herausforderungen in Sicherheit, Ausbildung und Marktentwicklung.\",\"inLanguage\":\"de-DE\",\"potentialAction\":[{\"@type\":\"ReadAction\",\"target\":[\"https:\\\/\\\/tuttosprint.ch\\\/de\\\/praesidentenwechsel-motosuisse-ivo-grossenbacher\\\/\"]}]},{\"@type\":\"ImageObject\",\"inLanguage\":\"de-DE\",\"@id\":\"https:\\\/\\\/tuttosprint.ch\\\/de\\\/praesidentenwechsel-motosuisse-ivo-grossenbacher\\\/#primaryimage\",\"url\":\"https:\\\/\\\/tuttosprint.ch\\\/wp-content\\\/uploads\\\/2026\\\/03\\\/motosuisse_Grossenbacher_Bucher_.jpg\",\"contentUrl\":\"https:\\\/\\\/tuttosprint.ch\\\/wp-content\\\/uploads\\\/2026\\\/03\\\/motosuisse_Grossenbacher_Bucher_.jpg\",\"width\":400,\"height\":587,\"caption\":\"Ivo Grossenbacher (36) - J\u00f6rg Bucher (66)- (Credit: SFMR-OSMS-USMS)\"},{\"@type\":\"WebSite\",\"@id\":\"https:\\\/\\\/tuttosprint.ch\\\/#website\",\"url\":\"https:\\\/\\\/tuttosprint.ch\\\/\",\"name\":\"Tuttosprint\",\"description\":\"\",\"publisher\":{\"@id\":\"https:\\\/\\\/tuttosprint.ch\\\/#organization\"},\"potentialAction\":[{\"@type\":\"SearchAction\",\"target\":{\"@type\":\"EntryPoint\",\"urlTemplate\":\"https:\\\/\\\/tuttosprint.ch\\\/?s={search_term_string}\"},\"query-input\":{\"@type\":\"PropertyValueSpecification\",\"valueRequired\":true,\"valueName\":\"search_term_string\"}}],\"inLanguage\":\"de-DE\"},{\"@type\":\"Organization\",\"@id\":\"https:\\\/\\\/tuttosprint.ch\\\/#organization\",\"name\":\"Tuttosprint\",\"url\":\"https:\\\/\\\/tuttosprint.ch\\\/\",\"logo\":{\"@type\":\"ImageObject\",\"inLanguage\":\"de-DE\",\"@id\":\"https:\\\/\\\/tuttosprint.ch\\\/#\\\/schema\\\/logo\\\/image\\\/\",\"url\":\"https:\\\/\\\/tuttosprint.ch\\\/wp-content\\\/uploads\\\/2018\\\/05\\\/Logo_pos_Tuttosprint-2.png\",\"contentUrl\":\"https:\\\/\\\/tuttosprint.ch\\\/wp-content\\\/uploads\\\/2018\\\/05\\\/Logo_pos_Tuttosprint-2.png\",\"width\":350,\"height\":55,\"caption\":\"Tuttosprint\"},\"image\":{\"@id\":\"https:\\\/\\\/tuttosprint.ch\\\/#\\\/schema\\\/logo\\\/image\\\/\"}},{\"@type\":\"Person\",\"@id\":\"https:\\\/\\\/tuttosprint.ch\\\/#\\\/schema\\\/person\\\/90bb42ebb40e1ef2cd416a28d84cb4fd\",\"name\":\"Redaktion\",\"image\":{\"@type\":\"ImageObject\",\"inLanguage\":\"de-DE\",\"@id\":\"https:\\\/\\\/secure.gravatar.com\\\/avatar\\\/71b2e7d3e9a91348495de1f26b310134ef10a7a454f949b0f6065c3f20479297?s=96&d=mm&r=g\",\"url\":\"https:\\\/\\\/secure.gravatar.com\\\/avatar\\\/71b2e7d3e9a91348495de1f26b310134ef10a7a454f949b0f6065c3f20479297?s=96&d=mm&r=g\",\"contentUrl\":\"https:\\\/\\\/secure.gravatar.com\\\/avatar\\\/71b2e7d3e9a91348495de1f26b310134ef10a7a454f949b0f6065c3f20479297?s=96&d=mm&r=g\",\"caption\":\"Redaktion\"},\"url\":\"https:\\\/\\\/tuttosprint.ch\\\/de\\\/author\\\/redaktion-tsp\\\/\"}]}<\/script>\n<!-- \/ Yoast SEO plugin. -->","yoast_head_json":{"title":"Pr\u00e4sidentenwechsel bei motosuisse: Grossenbacher folgt auf Bucher - Tuttosprint","description":"Die Generalversammlung von motosuisse w\u00e4hlt Ivo Grossenbacher einstimmig zum neuen Pr\u00e4sidenten. Der Verband steht vor Herausforderungen in Sicherheit, Ausbildung und Marktentwicklung.","robots":{"index":"index","follow":"follow","max-snippet":"max-snippet:-1","max-image-preview":"max-image-preview:large","max-video-preview":"max-video-preview:-1"},"canonical":"https:\/\/tuttosprint.ch\/de\/praesidentenwechsel-motosuisse-ivo-grossenbacher\/","og_locale":"de_DE","og_type":"article","og_title":"Pr\u00e4sidentenwechsel bei motosuisse: Grossenbacher folgt auf Bucher - Tuttosprint","og_description":"Die Generalversammlung von motosuisse w\u00e4hlt Ivo Grossenbacher einstimmig zum neuen Pr\u00e4sidenten. Der Verband steht vor Herausforderungen in Sicherheit, Ausbildung und Marktentwicklung.","og_url":"https:\/\/tuttosprint.ch\/de\/praesidentenwechsel-motosuisse-ivo-grossenbacher\/","og_site_name":"Tuttosprint","article_published_time":"2026-03-20T17:31:48+00:00","article_modified_time":"2026-03-21T00:34:48+00:00","og_image":[{"width":400,"height":587,"url":"https:\/\/tuttosprint.ch\/wp-content\/uploads\/2026\/03\/motosuisse_Grossenbacher_Bucher_.jpg","type":"image\/jpeg"}],"author":"Redaktion","twitter_card":"summary_large_image","twitter_misc":{"Verfasst von":"Redaktion","Gesch\u00e4tzte Lesezeit":"3 Minuten"},"schema":{"@context":"https:\/\/schema.org","@graph":[{"@type":"Article","@id":"https:\/\/tuttosprint.ch\/de\/praesidentenwechsel-motosuisse-ivo-grossenbacher\/#article","isPartOf":{"@id":"https:\/\/tuttosprint.ch\/de\/praesidentenwechsel-motosuisse-ivo-grossenbacher\/"},"author":{"name":"Redaktion","@id":"https:\/\/tuttosprint.ch\/#\/schema\/person\/90bb42ebb40e1ef2cd416a28d84cb4fd"},"headline":"IVO GROSSENBACHER NEUER PR\u00c4SIDENT VON MOTOSUISSE","datePublished":"2026-03-20T17:31:48+00:00","dateModified":"2026-03-21T00:34:48+00:00","mainEntityOfPage":{"@id":"https:\/\/tuttosprint.ch\/de\/praesidentenwechsel-motosuisse-ivo-grossenbacher\/"},"wordCount":384,"publisher":{"@id":"https:\/\/tuttosprint.ch\/#organization"},"image":{"@id":"https:\/\/tuttosprint.ch\/de\/praesidentenwechsel-motosuisse-ivo-grossenbacher\/#primaryimage"},"thumbnailUrl":"https:\/\/tuttosprint.ch\/wp-content\/uploads\/2026\/03\/motosuisse_Grossenbacher_Bucher_.jpg","keywords":["Importeure","Ivo Grossenbacher","J\u00f6rg Bucher","Motorradausbildung","Motorradbranche Schweiz","Motorradmarkt","motosuisse","Pr\u00e4sidentenwechsel","Verband","Verkehrssicherheit"],"articleSection":["News"],"inLanguage":"de-DE"},{"@type":"WebPage","@id":"https:\/\/tuttosprint.ch\/de\/praesidentenwechsel-motosuisse-ivo-grossenbacher\/","url":"https:\/\/tuttosprint.ch\/de\/praesidentenwechsel-motosuisse-ivo-grossenbacher\/","name":"Pr\u00e4sidentenwechsel bei motosuisse: Grossenbacher folgt auf Bucher - Tuttosprint","isPartOf":{"@id":"https:\/\/tuttosprint.ch\/#website"},"primaryImageOfPage":{"@id":"https:\/\/tuttosprint.ch\/de\/praesidentenwechsel-motosuisse-ivo-grossenbacher\/#primaryimage"},"image":{"@id":"https:\/\/tuttosprint.ch\/de\/praesidentenwechsel-motosuisse-ivo-grossenbacher\/#primaryimage"},"thumbnailUrl":"https:\/\/tuttosprint.ch\/wp-content\/uploads\/2026\/03\/motosuisse_Grossenbacher_Bucher_.jpg","datePublished":"2026-03-20T17:31:48+00:00","dateModified":"2026-03-21T00:34:48+00:00","description":"Die Generalversammlung von motosuisse w\u00e4hlt Ivo Grossenbacher einstimmig zum neuen Pr\u00e4sidenten. Der Verband steht vor Herausforderungen in Sicherheit, Ausbildung und Marktentwicklung.","inLanguage":"de-DE","potentialAction":[{"@type":"ReadAction","target":["https:\/\/tuttosprint.ch\/de\/praesidentenwechsel-motosuisse-ivo-grossenbacher\/"]}]},{"@type":"ImageObject","inLanguage":"de-DE","@id":"https:\/\/tuttosprint.ch\/de\/praesidentenwechsel-motosuisse-ivo-grossenbacher\/#primaryimage","url":"https:\/\/tuttosprint.ch\/wp-content\/uploads\/2026\/03\/motosuisse_Grossenbacher_Bucher_.jpg","contentUrl":"https:\/\/tuttosprint.ch\/wp-content\/uploads\/2026\/03\/motosuisse_Grossenbacher_Bucher_.jpg","width":400,"height":587,"caption":"Ivo Grossenbacher (36) - J\u00f6rg Bucher (66)- (Credit: SFMR-OSMS-USMS)"},{"@type":"WebSite","@id":"https:\/\/tuttosprint.ch\/#website","url":"https:\/\/tuttosprint.ch\/","name":"Tuttosprint","description":"","publisher":{"@id":"https:\/\/tuttosprint.ch\/#organization"},"potentialAction":[{"@type":"SearchAction","target":{"@type":"EntryPoint","urlTemplate":"https:\/\/tuttosprint.ch\/?s={search_term_string}"},"query-input":{"@type":"PropertyValueSpecification","valueRequired":true,"valueName":"search_term_string"}}],"inLanguage":"de-DE"},{"@type":"Organization","@id":"https:\/\/tuttosprint.ch\/#organization","name":"Tuttosprint","url":"https:\/\/tuttosprint.ch\/","logo":{"@type":"ImageObject","inLanguage":"de-DE","@id":"https:\/\/tuttosprint.ch\/#\/schema\/logo\/image\/","url":"https:\/\/tuttosprint.ch\/wp-content\/uploads\/2018\/05\/Logo_pos_Tuttosprint-2.png","contentUrl":"https:\/\/tuttosprint.ch\/wp-content\/uploads\/2018\/05\/Logo_pos_Tuttosprint-2.png","width":350,"height":55,"caption":"Tuttosprint"},"image":{"@id":"https:\/\/tuttosprint.ch\/#\/schema\/logo\/image\/"}},{"@type":"Person","@id":"https:\/\/tuttosprint.ch\/#\/schema\/person\/90bb42ebb40e1ef2cd416a28d84cb4fd","name":"Redaktion","image":{"@type":"ImageObject","inLanguage":"de-DE","@id":"https:\/\/secure.gravatar.com\/avatar\/71b2e7d3e9a91348495de1f26b310134ef10a7a454f949b0f6065c3f20479297?s=96&d=mm&r=g","url":"https:\/\/secure.gravatar.com\/avatar\/71b2e7d3e9a91348495de1f26b310134ef10a7a454f949b0f6065c3f20479297?s=96&d=mm&r=g","contentUrl":"https:\/\/secure.gravatar.com\/avatar\/71b2e7d3e9a91348495de1f26b310134ef10a7a454f949b0f6065c3f20479297?s=96&d=mm&r=g","caption":"Redaktion"},"url":"https:\/\/tuttosprint.ch\/de\/author\/redaktion-tsp\/"}]}},"_links":{"self":[{"href":"https:\/\/tuttosprint.ch\/de\/wp-json\/wp\/v2\/posts\/53029","targetHints":{"allow":["GET"]}}],"collection":[{"href":"https:\/\/tuttosprint.ch\/de\/wp-json\/wp\/v2\/posts"}],"about":[{"href":"https:\/\/tuttosprint.ch\/de\/wp-json\/wp\/v2\/types\/post"}],"author":[{"embeddable":true,"href":"https:\/\/tuttosprint.ch\/de\/wp-json\/wp\/v2\/users\/8"}],"replies":[{"embeddable":true,"href":"https:\/\/tuttosprint.ch\/de\/wp-json\/wp\/v2\/comments?post=53029"}],"version-history":[{"count":1,"href":"https:\/\/tuttosprint.ch\/de\/wp-json\/wp\/v2\/posts\/53029\/revisions"}],"predecessor-version":[{"id":53030,"href":"https:\/\/tuttosprint.ch\/de\/wp-json\/wp\/v2\/posts\/53029\/revisions\/53030"}],"wp:featuredmedia":[{"embeddable":true,"href":"https:\/\/tuttosprint.ch\/de\/wp-json\/wp\/v2\/media\/53026"}],"wp:attachment":[{"href":"https:\/\/tuttosprint.ch\/de\/wp-json\/wp\/v2\/media?parent=53029"}],"wp:term":[{"taxonomy":"category","embeddable":true,"href":"https:\/\/tuttosprint.ch\/de\/wp-json\/wp\/v2\/categories?post=53029"},{"taxonomy":"post_tag","embeddable":true,"href":"https:\/\/tuttosprint.ch\/de\/wp-json\/wp\/v2\/tags?post=53029"}],"curies":[{"name":"wp","href":"https:\/\/api.w.org\/{rel}","templated":true}]}}