{"id":53046,"date":"2026-03-22T11:15:19","date_gmt":"2026-03-22T09:15:19","guid":{"rendered":"https:\/\/tuttosprint.ch\/?p=53046"},"modified":"2026-03-22T11:15:20","modified_gmt":"2026-03-22T09:15:20","slug":"audi-a2-e-tron-vorschau-2026","status":"publish","type":"post","link":"https:\/\/tuttosprint.ch\/de\/audi-a2-e-tron-vorschau-2026\/","title":{"rendered":"NEUE AUDI A2 E-TRON KOMMT 2026"},"content":{"rendered":"\n<h4 class=\"wp-block-heading\">VORSCHAU AUF DAS NEUE VOLLELEKTRISCHE EINSTIEGSMODELL VON AUDI.<\/h4>\n\n\n\n<p><\/p>\n\n\n\n<p><em>M\u00e4rz 2026<\/em> \u2013 Im Herbst 2026 pr\u00e4sentiert Audi den neuen A2 e-tron und erweitert sein Portfolio um ein rein elektrisches Einstiegsmodell in der Kompaktklasse. Gefertigt am Standort Ingolstadt, st\u00e4rkt der A2 e-tron das Angebot der Marke mit den vier Ringen und erleichtert den Zugang zur elektrischen Premiummobilit\u00e4t. Eine erste Designskizze zeigt bereits die Silhouette des Fahrzeugs.<\/p>\n\n\n\n<p>Audi macht einen weiteren Schritt in Richtung einer konsequent elektrischen Zukunft. Auf der Annual Media Conference k\u00fcndigte CEO Gernot D\u00f6llner die neue elektrische Modellfamilie A2 e-tron an: \u201eUnsere Kundinnen und Kunden w\u00fcnschen sich alltagstaugliche, \u00fcberzeugende Elektromobilit\u00e4t. Der A2 e-tron liefert genau das \u2013 effizient, kompakt und selbstbewusst. Wir machen den Einstieg in die elektrische Audi Welt einfacher und relevanter denn je.\u201c<\/p>\n\n\n\n<p><strong>Neues Kapitel im kompakten Premiumsegment<\/strong><\/p>\n\n\n\n<p>Der Markt f\u00fcr kompakte Elektrofahrzeuge w\u00e4chst weiter, besonders in europ\u00e4ischen Metropolen. Mit dem A2 e-tron spricht Audi eine internationale Kundschaft an, die urbane Alltagstauglichkeit, Nachhaltigkeit, Effizienz und digitale Vernetzung sch\u00e4tzt. Das Modell st\u00e4rkt ein j\u00fcngeres und zunehmend elektrisches Portfolio und macht den Zugang zur Marke moderner und relevanter. Die Typbezeichnung kn\u00fcpft bewusst an den Audi A2 an, der vor \u00fcber 25 Jahren als Pionier f\u00fcr Effizienz und urbane Mobilit\u00e4t galt. Der neue A2 e-tron f\u00fchrt diesen Anspruch in das elektrische Zeitalter fort.<\/p>\n\n\n\n<p><strong>Produktion am Standort Ingolstadt<\/strong><\/p>\n\n\n\n<p>Der Audi A2 e-tron wird als weitere vollelektrische Baureihe am deutschen Standort Ingolstadt produziert und unterstreicht Audis Engagement f\u00fcr die Transformation der Werke in Deutschland und Europa. \u201eDer A2 e-tron ist zentral f\u00fcr unsere Marke und f\u00fcr den Standort Deutschland. Mit einer zus\u00e4tzlichen vollelektrischen Modellfamilie sichern wir Arbeitspl\u00e4tze und liefern E-Mobilit\u00e4t \u201amade in Germany\u2018\u201c, so D\u00f6llner.<\/p>\n\n\n\n<p><strong>Fortsetzung der Modelloffensive<\/strong><\/p>\n\n\n\n<p>Nach \u00fcber 20 neuen Modellen in den Jahren 2024 und 2025 verf\u00fcgt Audi heute \u00fcber das j\u00fcngste Portfolio im Wettbewerb. 2026 setzt das Unternehmen diesen Kurs fort \u2013 mit zwei strategisch wichtigen Baureihen: an der Spitze der Audi Q9 und im Kompaktsegment der A2 e-tron. Erste Designskizze &#8211; Der neue Audi A2 e-tron feiert im Herbst Weltpremiere. Eine Designskizze zeigt bereits die Silhouette des kommenden Kompaktmodells<\/p>\n\n\n\n<figure class=\"wp-block-image size-full\"><img loading=\"lazy\" decoding=\"async\" width=\"711\" height=\"400\" src=\"https:\/\/tuttosprint.ch\/wp-content\/uploads\/2026\/03\/A260486_medium.png\" alt=\"A260486_medium\" class=\"wp-image-53042\" srcset=\"https:\/\/tuttosprint.ch\/wp-content\/uploads\/2026\/03\/A260486_medium.png 711w, https:\/\/tuttosprint.ch\/wp-content\/uploads\/2026\/03\/A260486_medium-300x169.png 300w\" sizes=\"auto, (max-width: 711px) 100vw, 711px\" \/><figcaption class=\"wp-element-caption\">(Copyright: AUDI AG)<\/figcaption><\/figure>\n\n\n\n<p>Prima bozza di design &#8211; Nuova Audi A2 e-tron debutter\u00e0 in autunno. Una bozza di design rivela la silhouette della futura compatta elettrica.<\/p>\n\n\n\n<p class=\"has-text-align-center has-accent-color has-base-background-color has-text-color has-background has-link-color has-small-font-size wp-elements-8823c95c6287a6f75b9310bdb1617034\"><em>Red. TSP<br>Tuttosprint \u2013 Mobilit\u00e0, motori, viaggi e lifestyle.<\/em><\/p>\n","protected":false},"excerpt":{"rendered":"<p>Audi stellt den neuen A2 e-tron vor: ein vollelektrischer Kompakt-Einstieg aus Ingolstadt.\u2026<\/p>\n","protected":false},"author":8,"featured_media":53042,"comment_status":"closed","ping_status":"closed","sticky":false,"template":"","format":"standard","meta":{"footnotes":""},"categories":[40,21],"tags":[487,488,485,480,490,489,492,486,98,178,484,482,491,493,483,481],"class_list":["post-53046","post","type-post","status-publish","format-standard","has-post-thumbnail","hentry","category-emobilitytime-de","category-news","tag-a2-e-tron","tag-audi","tag-audi-a2","tag-audi-a2-e-tron","tag-audi-design","tag-audi-neuheiten-2026","tag-e-tron-modellfamilie","tag-effizienz","tag-elektroauto","tag-elektromobilitaet","tag-ingolstadt","tag-kompaktklasse","tag-kompaktsegment","tag-premium-elektrofahrzeuge","tag-urbane-mobilitaet","tag-weltpremiere-audi"],"yoast_head":"<!-- This site is optimized with the Yoast SEO plugin v27.4 - https:\/\/yoast.com\/product\/yoast-seo-wordpress\/ -->\n<title>Neuer Audi A2 e-tron elektrisch - Tuttosprint<\/title>\n<meta name=\"description\" content=\"Audi stellt den A2 e-tron vor: kompakt, effizient und vollelektrisch. Produktion in Ingolstadt, Weltpremiere im Herbst 2026.\" \/>\n<meta name=\"robots\" content=\"index, follow, max-snippet:-1, max-image-preview:large, max-video-preview:-1\" \/>\n<link rel=\"canonical\" href=\"https:\/\/tuttosprint.ch\/de\/audi-a2-e-tron-vorschau-2026\/\" \/>\n<meta property=\"og:locale\" content=\"de_DE\" \/>\n<meta property=\"og:type\" content=\"article\" \/>\n<meta property=\"og:title\" content=\"Neuer Audi A2 e-tron elektrisch - Tuttosprint\" \/>\n<meta property=\"og:description\" content=\"Audi stellt den A2 e-tron vor: kompakt, effizient und vollelektrisch. Produktion in Ingolstadt, Weltpremiere im Herbst 2026.\" \/>\n<meta property=\"og:url\" content=\"https:\/\/tuttosprint.ch\/de\/audi-a2-e-tron-vorschau-2026\/\" \/>\n<meta property=\"og:site_name\" content=\"Tuttosprint\" \/>\n<meta property=\"article:published_time\" content=\"2026-03-22T09:15:19+00:00\" \/>\n<meta property=\"article:modified_time\" content=\"2026-03-22T09:15:20+00:00\" \/>\n<meta property=\"og:image\" content=\"https:\/\/tuttosprint.ch\/wp-content\/uploads\/2026\/03\/A260486_medium.png\" \/>\n\t<meta property=\"og:image:width\" content=\"711\" \/>\n\t<meta property=\"og:image:height\" content=\"400\" \/>\n\t<meta property=\"og:image:type\" content=\"image\/png\" \/>\n<meta name=\"author\" content=\"Redaktion\" \/>\n<meta name=\"twitter:card\" content=\"summary_large_image\" \/>\n<meta name=\"twitter:label1\" content=\"Verfasst von\" \/>\n\t<meta name=\"twitter:data1\" content=\"Redaktion\" \/>\n\t<meta name=\"twitter:label2\" content=\"Gesch\u00e4tzte Lesezeit\" \/>\n\t<meta name=\"twitter:data2\" content=\"3 Minuten\" \/>\n<script type=\"application\/ld+json\" class=\"yoast-schema-graph\">{\"@context\":\"https:\\\/\\\/schema.org\",\"@graph\":[{\"@type\":\"Article\",\"@id\":\"https:\\\/\\\/tuttosprint.ch\\\/de\\\/audi-a2-e-tron-vorschau-2026\\\/#article\",\"isPartOf\":{\"@id\":\"https:\\\/\\\/tuttosprint.ch\\\/de\\\/audi-a2-e-tron-vorschau-2026\\\/\"},\"author\":{\"name\":\"Redaktion\",\"@id\":\"https:\\\/\\\/tuttosprint.ch\\\/#\\\/schema\\\/person\\\/90bb42ebb40e1ef2cd416a28d84cb4fd\"},\"headline\":\"NEUE AUDI A2 E-TRON KOMMT 2026\",\"datePublished\":\"2026-03-22T09:15:19+00:00\",\"dateModified\":\"2026-03-22T09:15:20+00:00\",\"mainEntityOfPage\":{\"@id\":\"https:\\\/\\\/tuttosprint.ch\\\/de\\\/audi-a2-e-tron-vorschau-2026\\\/\"},\"wordCount\":389,\"publisher\":{\"@id\":\"https:\\\/\\\/tuttosprint.ch\\\/#organization\"},\"image\":{\"@id\":\"https:\\\/\\\/tuttosprint.ch\\\/de\\\/audi-a2-e-tron-vorschau-2026\\\/#primaryimage\"},\"thumbnailUrl\":\"https:\\\/\\\/tuttosprint.ch\\\/wp-content\\\/uploads\\\/2026\\\/03\\\/A260486_medium.png\",\"keywords\":[\"a2 e-tron\",\"audi\",\"audi a2\",\"audi a2 e-tron\",\"audi design\",\"audi neuheiten 2026\",\"e-tron modellfamilie\",\"effizienz\",\"Elektroauto\",\"Elektromobilit\u00e4t\",\"ingolstadt\",\"kompaktklasse\",\"kompaktsegment\",\"premium elektrofahrzeuge\",\"urbane mobilit\u00e4t\",\"weltpremiere audi\"],\"articleSection\":[\"EmobilityTime\",\"News\"],\"inLanguage\":\"de-DE\"},{\"@type\":\"WebPage\",\"@id\":\"https:\\\/\\\/tuttosprint.ch\\\/de\\\/audi-a2-e-tron-vorschau-2026\\\/\",\"url\":\"https:\\\/\\\/tuttosprint.ch\\\/de\\\/audi-a2-e-tron-vorschau-2026\\\/\",\"name\":\"Neuer Audi A2 e-tron elektrisch - Tuttosprint\",\"isPartOf\":{\"@id\":\"https:\\\/\\\/tuttosprint.ch\\\/#website\"},\"primaryImageOfPage\":{\"@id\":\"https:\\\/\\\/tuttosprint.ch\\\/de\\\/audi-a2-e-tron-vorschau-2026\\\/#primaryimage\"},\"image\":{\"@id\":\"https:\\\/\\\/tuttosprint.ch\\\/de\\\/audi-a2-e-tron-vorschau-2026\\\/#primaryimage\"},\"thumbnailUrl\":\"https:\\\/\\\/tuttosprint.ch\\\/wp-content\\\/uploads\\\/2026\\\/03\\\/A260486_medium.png\",\"datePublished\":\"2026-03-22T09:15:19+00:00\",\"dateModified\":\"2026-03-22T09:15:20+00:00\",\"description\":\"Audi stellt den A2 e-tron vor: kompakt, effizient und vollelektrisch. Produktion in Ingolstadt, Weltpremiere im Herbst 2026.\",\"inLanguage\":\"de-DE\",\"potentialAction\":[{\"@type\":\"ReadAction\",\"target\":[\"https:\\\/\\\/tuttosprint.ch\\\/de\\\/audi-a2-e-tron-vorschau-2026\\\/\"]}]},{\"@type\":\"ImageObject\",\"inLanguage\":\"de-DE\",\"@id\":\"https:\\\/\\\/tuttosprint.ch\\\/de\\\/audi-a2-e-tron-vorschau-2026\\\/#primaryimage\",\"url\":\"https:\\\/\\\/tuttosprint.ch\\\/wp-content\\\/uploads\\\/2026\\\/03\\\/A260486_medium.png\",\"contentUrl\":\"https:\\\/\\\/tuttosprint.ch\\\/wp-content\\\/uploads\\\/2026\\\/03\\\/A260486_medium.png\",\"width\":711,\"height\":400,\"caption\":\"(Copyright: AUDI AG)\"},{\"@type\":\"WebSite\",\"@id\":\"https:\\\/\\\/tuttosprint.ch\\\/#website\",\"url\":\"https:\\\/\\\/tuttosprint.ch\\\/\",\"name\":\"Tuttosprint\",\"description\":\"\",\"publisher\":{\"@id\":\"https:\\\/\\\/tuttosprint.ch\\\/#organization\"},\"potentialAction\":[{\"@type\":\"SearchAction\",\"target\":{\"@type\":\"EntryPoint\",\"urlTemplate\":\"https:\\\/\\\/tuttosprint.ch\\\/?s={search_term_string}\"},\"query-input\":{\"@type\":\"PropertyValueSpecification\",\"valueRequired\":true,\"valueName\":\"search_term_string\"}}],\"inLanguage\":\"de-DE\"},{\"@type\":\"Organization\",\"@id\":\"https:\\\/\\\/tuttosprint.ch\\\/#organization\",\"name\":\"Tuttosprint\",\"url\":\"https:\\\/\\\/tuttosprint.ch\\\/\",\"logo\":{\"@type\":\"ImageObject\",\"inLanguage\":\"de-DE\",\"@id\":\"https:\\\/\\\/tuttosprint.ch\\\/#\\\/schema\\\/logo\\\/image\\\/\",\"url\":\"https:\\\/\\\/tuttosprint.ch\\\/wp-content\\\/uploads\\\/2018\\\/05\\\/Logo_pos_Tuttosprint-2.png\",\"contentUrl\":\"https:\\\/\\\/tuttosprint.ch\\\/wp-content\\\/uploads\\\/2018\\\/05\\\/Logo_pos_Tuttosprint-2.png\",\"width\":350,\"height\":55,\"caption\":\"Tuttosprint\"},\"image\":{\"@id\":\"https:\\\/\\\/tuttosprint.ch\\\/#\\\/schema\\\/logo\\\/image\\\/\"}},{\"@type\":\"Person\",\"@id\":\"https:\\\/\\\/tuttosprint.ch\\\/#\\\/schema\\\/person\\\/90bb42ebb40e1ef2cd416a28d84cb4fd\",\"name\":\"Redaktion\",\"image\":{\"@type\":\"ImageObject\",\"inLanguage\":\"de-DE\",\"@id\":\"https:\\\/\\\/secure.gravatar.com\\\/avatar\\\/71b2e7d3e9a91348495de1f26b310134ef10a7a454f949b0f6065c3f20479297?s=96&d=mm&r=g\",\"url\":\"https:\\\/\\\/secure.gravatar.com\\\/avatar\\\/71b2e7d3e9a91348495de1f26b310134ef10a7a454f949b0f6065c3f20479297?s=96&d=mm&r=g\",\"contentUrl\":\"https:\\\/\\\/secure.gravatar.com\\\/avatar\\\/71b2e7d3e9a91348495de1f26b310134ef10a7a454f949b0f6065c3f20479297?s=96&d=mm&r=g\",\"caption\":\"Redaktion\"},\"url\":\"https:\\\/\\\/tuttosprint.ch\\\/de\\\/author\\\/redaktion-tsp\\\/\"}]}<\/script>\n<!-- \/ Yoast SEO plugin. -->","yoast_head_json":{"title":"Neuer Audi A2 e-tron elektrisch - Tuttosprint","description":"Audi stellt den A2 e-tron vor: kompakt, effizient und vollelektrisch. Produktion in Ingolstadt, Weltpremiere im Herbst 2026.","robots":{"index":"index","follow":"follow","max-snippet":"max-snippet:-1","max-image-preview":"max-image-preview:large","max-video-preview":"max-video-preview:-1"},"canonical":"https:\/\/tuttosprint.ch\/de\/audi-a2-e-tron-vorschau-2026\/","og_locale":"de_DE","og_type":"article","og_title":"Neuer Audi A2 e-tron elektrisch - Tuttosprint","og_description":"Audi stellt den A2 e-tron vor: kompakt, effizient und vollelektrisch. Produktion in Ingolstadt, Weltpremiere im Herbst 2026.","og_url":"https:\/\/tuttosprint.ch\/de\/audi-a2-e-tron-vorschau-2026\/","og_site_name":"Tuttosprint","article_published_time":"2026-03-22T09:15:19+00:00","article_modified_time":"2026-03-22T09:15:20+00:00","og_image":[{"width":711,"height":400,"url":"https:\/\/tuttosprint.ch\/wp-content\/uploads\/2026\/03\/A260486_medium.png","type":"image\/png"}],"author":"Redaktion","twitter_card":"summary_large_image","twitter_misc":{"Verfasst von":"Redaktion","Gesch\u00e4tzte Lesezeit":"3 Minuten"},"schema":{"@context":"https:\/\/schema.org","@graph":[{"@type":"Article","@id":"https:\/\/tuttosprint.ch\/de\/audi-a2-e-tron-vorschau-2026\/#article","isPartOf":{"@id":"https:\/\/tuttosprint.ch\/de\/audi-a2-e-tron-vorschau-2026\/"},"author":{"name":"Redaktion","@id":"https:\/\/tuttosprint.ch\/#\/schema\/person\/90bb42ebb40e1ef2cd416a28d84cb4fd"},"headline":"NEUE AUDI A2 E-TRON KOMMT 2026","datePublished":"2026-03-22T09:15:19+00:00","dateModified":"2026-03-22T09:15:20+00:00","mainEntityOfPage":{"@id":"https:\/\/tuttosprint.ch\/de\/audi-a2-e-tron-vorschau-2026\/"},"wordCount":389,"publisher":{"@id":"https:\/\/tuttosprint.ch\/#organization"},"image":{"@id":"https:\/\/tuttosprint.ch\/de\/audi-a2-e-tron-vorschau-2026\/#primaryimage"},"thumbnailUrl":"https:\/\/tuttosprint.ch\/wp-content\/uploads\/2026\/03\/A260486_medium.png","keywords":["a2 e-tron","audi","audi a2","audi a2 e-tron","audi design","audi neuheiten 2026","e-tron modellfamilie","effizienz","Elektroauto","Elektromobilit\u00e4t","ingolstadt","kompaktklasse","kompaktsegment","premium elektrofahrzeuge","urbane mobilit\u00e4t","weltpremiere audi"],"articleSection":["EmobilityTime","News"],"inLanguage":"de-DE"},{"@type":"WebPage","@id":"https:\/\/tuttosprint.ch\/de\/audi-a2-e-tron-vorschau-2026\/","url":"https:\/\/tuttosprint.ch\/de\/audi-a2-e-tron-vorschau-2026\/","name":"Neuer Audi A2 e-tron elektrisch - Tuttosprint","isPartOf":{"@id":"https:\/\/tuttosprint.ch\/#website"},"primaryImageOfPage":{"@id":"https:\/\/tuttosprint.ch\/de\/audi-a2-e-tron-vorschau-2026\/#primaryimage"},"image":{"@id":"https:\/\/tuttosprint.ch\/de\/audi-a2-e-tron-vorschau-2026\/#primaryimage"},"thumbnailUrl":"https:\/\/tuttosprint.ch\/wp-content\/uploads\/2026\/03\/A260486_medium.png","datePublished":"2026-03-22T09:15:19+00:00","dateModified":"2026-03-22T09:15:20+00:00","description":"Audi stellt den A2 e-tron vor: kompakt, effizient und vollelektrisch. Produktion in Ingolstadt, Weltpremiere im Herbst 2026.","inLanguage":"de-DE","potentialAction":[{"@type":"ReadAction","target":["https:\/\/tuttosprint.ch\/de\/audi-a2-e-tron-vorschau-2026\/"]}]},{"@type":"ImageObject","inLanguage":"de-DE","@id":"https:\/\/tuttosprint.ch\/de\/audi-a2-e-tron-vorschau-2026\/#primaryimage","url":"https:\/\/tuttosprint.ch\/wp-content\/uploads\/2026\/03\/A260486_medium.png","contentUrl":"https:\/\/tuttosprint.ch\/wp-content\/uploads\/2026\/03\/A260486_medium.png","width":711,"height":400,"caption":"(Copyright: AUDI AG)"},{"@type":"WebSite","@id":"https:\/\/tuttosprint.ch\/#website","url":"https:\/\/tuttosprint.ch\/","name":"Tuttosprint","description":"","publisher":{"@id":"https:\/\/tuttosprint.ch\/#organization"},"potentialAction":[{"@type":"SearchAction","target":{"@type":"EntryPoint","urlTemplate":"https:\/\/tuttosprint.ch\/?s={search_term_string}"},"query-input":{"@type":"PropertyValueSpecification","valueRequired":true,"valueName":"search_term_string"}}],"inLanguage":"de-DE"},{"@type":"Organization","@id":"https:\/\/tuttosprint.ch\/#organization","name":"Tuttosprint","url":"https:\/\/tuttosprint.ch\/","logo":{"@type":"ImageObject","inLanguage":"de-DE","@id":"https:\/\/tuttosprint.ch\/#\/schema\/logo\/image\/","url":"https:\/\/tuttosprint.ch\/wp-content\/uploads\/2018\/05\/Logo_pos_Tuttosprint-2.png","contentUrl":"https:\/\/tuttosprint.ch\/wp-content\/uploads\/2018\/05\/Logo_pos_Tuttosprint-2.png","width":350,"height":55,"caption":"Tuttosprint"},"image":{"@id":"https:\/\/tuttosprint.ch\/#\/schema\/logo\/image\/"}},{"@type":"Person","@id":"https:\/\/tuttosprint.ch\/#\/schema\/person\/90bb42ebb40e1ef2cd416a28d84cb4fd","name":"Redaktion","image":{"@type":"ImageObject","inLanguage":"de-DE","@id":"https:\/\/secure.gravatar.com\/avatar\/71b2e7d3e9a91348495de1f26b310134ef10a7a454f949b0f6065c3f20479297?s=96&d=mm&r=g","url":"https:\/\/secure.gravatar.com\/avatar\/71b2e7d3e9a91348495de1f26b310134ef10a7a454f949b0f6065c3f20479297?s=96&d=mm&r=g","contentUrl":"https:\/\/secure.gravatar.com\/avatar\/71b2e7d3e9a91348495de1f26b310134ef10a7a454f949b0f6065c3f20479297?s=96&d=mm&r=g","caption":"Redaktion"},"url":"https:\/\/tuttosprint.ch\/de\/author\/redaktion-tsp\/"}]}},"_links":{"self":[{"href":"https:\/\/tuttosprint.ch\/de\/wp-json\/wp\/v2\/posts\/53046","targetHints":{"allow":["GET"]}}],"collection":[{"href":"https:\/\/tuttosprint.ch\/de\/wp-json\/wp\/v2\/posts"}],"about":[{"href":"https:\/\/tuttosprint.ch\/de\/wp-json\/wp\/v2\/types\/post"}],"author":[{"embeddable":true,"href":"https:\/\/tuttosprint.ch\/de\/wp-json\/wp\/v2\/users\/8"}],"replies":[{"embeddable":true,"href":"https:\/\/tuttosprint.ch\/de\/wp-json\/wp\/v2\/comments?post=53046"}],"version-history":[{"count":1,"href":"https:\/\/tuttosprint.ch\/de\/wp-json\/wp\/v2\/posts\/53046\/revisions"}],"predecessor-version":[{"id":53047,"href":"https:\/\/tuttosprint.ch\/de\/wp-json\/wp\/v2\/posts\/53046\/revisions\/53047"}],"wp:featuredmedia":[{"embeddable":true,"href":"https:\/\/tuttosprint.ch\/de\/wp-json\/wp\/v2\/media\/53042"}],"wp:attachment":[{"href":"https:\/\/tuttosprint.ch\/de\/wp-json\/wp\/v2\/media?parent=53046"}],"wp:term":[{"taxonomy":"category","embeddable":true,"href":"https:\/\/tuttosprint.ch\/de\/wp-json\/wp\/v2\/categories?post=53046"},{"taxonomy":"post_tag","embeddable":true,"href":"https:\/\/tuttosprint.ch\/de\/wp-json\/wp\/v2\/tags?post=53046"}],"curies":[{"name":"wp","href":"https:\/\/api.w.org\/{rel}","templated":true}]}}