{"id":53208,"date":"2026-03-27T19:27:48","date_gmt":"2026-03-27T17:27:48","guid":{"rendered":"https:\/\/tuttosprint.ch\/?p=53208"},"modified":"2026-03-27T19:27:50","modified_gmt":"2026-03-27T17:27:50","slug":"kia-ev2-produktion-zilina","status":"publish","type":"post","link":"https:\/\/tuttosprint.ch\/de\/kia-ev2-produktion-zilina\/","title":{"rendered":"KIA EV2: PRODUKTIONSSTART IM WERK \u017dILINA"},"content":{"rendered":"\n<h4 class=\"wp-block-heading\">KOMPAKTER ELEKTRO\u2011SUV ERWEITERT DAS EUROP\u00c4ISCHE E\u2011PORTFOLIO DES HERSTELLERS.<\/h4>\n\n\n\n<p><\/p>\n\n\n\n<figure class=\"wp-block-gallery has-nested-images columns-default is-cropped wp-block-gallery-1 is-layout-flex wp-block-gallery-is-layout-flex\">\n<figure class=\"wp-block-image size-large\"><img loading=\"lazy\" decoding=\"async\" width=\"711\" height=\"400\" data-id=\"53194\" src=\"https:\/\/tuttosprint.ch\/wp-content\/uploads\/2026\/03\/kia-ev2-zilina-start-of-production-assembly-digital-1920x1080-010.jpg\" alt=\"kia-ev2-zilina-start-of-production-assembly-digital-1920x1080-010\" class=\"wp-image-53194\" srcset=\"https:\/\/tuttosprint.ch\/wp-content\/uploads\/2026\/03\/kia-ev2-zilina-start-of-production-assembly-digital-1920x1080-010.jpg 711w, https:\/\/tuttosprint.ch\/wp-content\/uploads\/2026\/03\/kia-ev2-zilina-start-of-production-assembly-digital-1920x1080-010-300x169.jpg 300w\" sizes=\"auto, (max-width: 711px) 100vw, 711px\" \/><figcaption class=\"wp-element-caption\">KIA EV2 Zilina start of production assembly &#8211; (Credit: Kia)<\/figcaption><\/figure>\n\n\n\n<figure class=\"wp-block-image size-large\"><img loading=\"lazy\" decoding=\"async\" width=\"711\" height=\"400\" data-id=\"53204\" src=\"https:\/\/tuttosprint.ch\/wp-content\/uploads\/2026\/03\/kia-ev2-zilina-start-of-production-testtrack-digital-1920x1080-002.jpg\" alt=\"kia-ev2-zilina-start-of-production-testtrack-digital-1920x1080-002\" class=\"wp-image-53204\" srcset=\"https:\/\/tuttosprint.ch\/wp-content\/uploads\/2026\/03\/kia-ev2-zilina-start-of-production-testtrack-digital-1920x1080-002.jpg 711w, https:\/\/tuttosprint.ch\/wp-content\/uploads\/2026\/03\/kia-ev2-zilina-start-of-production-testtrack-digital-1920x1080-002-300x169.jpg 300w\" sizes=\"auto, (max-width: 711px) 100vw, 711px\" \/><figcaption class=\"wp-element-caption\">KIA EV2 Zilina start of production assembly &#8211; (Credit: Kia)<\/figcaption><\/figure>\n<\/figure>\n\n\n\n<p>Kia baut seine europ\u00e4ische Elektrostrategie weiter aus und hat im Werk \u017dilina in der Slowakei die Produktion des neuen EV2 aufgenommen. Der kompakte Elektro\u2011SUV ist nach dem EV4 das zweite rein elektrische Modell, das in Europa gefertigt wird.<\/p>\n\n\n\n<p><strong>Das Werk wurde 2025 umfassend modernisiert<\/strong> und kann nun Elektrofahrzeuge, Hybridmodelle und Verbrenner parallel produzieren. Mit dem EV2 laufen erstmals Fahrzeuge auf den neuen, speziell f\u00fcr E\u2011Modelle ausgelegten Linien.<\/p>\n\n\n\n<p><strong>Ein B<\/strong><strong>\u2011SUV f<\/strong><strong>\u00fcr den europ<\/strong><strong>\u00e4ischen Alltag<\/strong><\/p>\n\n\n\n<p>Der EV2 bringt Kias Elektroplattform in das B\u2011Segment und wird mit zwei Batterieoptionen angeboten: 42,2 kWh und 61,0 kWh*, mit einer gesch\u00e4tzten Reichweite von bis zu 317 bzw. 453 Kilometern (WLTP ausstehend). Flexible Ladem\u00f6glichkeiten \u2013 darunter 400\u2011V\u2011DC\u2011Schnellladen und 22\u2011kW\u2011AC \u2013 unterst\u00fctzen sowohl Stadtverkehr als auch l\u00e4ngere Strecken. Digitale Dienste wie EV\u2011Routenplanung, Plug &amp; Charge und bidirektionales Laden erg\u00e4nzen das Angebot.<\/p>\n\n\n\n<p>Der Innenraum ist auf Alltagstauglichkeit ausgelegt: verschiebbare und neigbare R\u00fccksitze, bis zu 403 Liter Ladevolumen sowie ein dreifaches Display\u2011Layout mit OTA\u2011Updates. Die ADAS\u2011Ausstattung entspricht dem aktuellen Segmentstandard.<\/p>\n\n\n\n<p><strong>Bedeutung des Werks \u017dilina<\/strong><\/p>\n\n\n\n<figure class=\"wp-block-gallery has-nested-images columns-2 is-cropped wp-block-gallery-2 is-layout-flex wp-block-gallery-is-layout-flex\">\n<figure class=\"wp-block-image size-large\"><img loading=\"lazy\" decoding=\"async\" width=\"711\" height=\"400\" data-id=\"53200\" src=\"https:\/\/tuttosprint.ch\/wp-content\/uploads\/2026\/03\/kia-ev2-zilina-start-of-production-body-digital-1920x1080-005.jpg\" alt=\"kia-ev2-zilina-start-of-production-body-digital-1920x1080-005\" class=\"wp-image-53200\" srcset=\"https:\/\/tuttosprint.ch\/wp-content\/uploads\/2026\/03\/kia-ev2-zilina-start-of-production-body-digital-1920x1080-005.jpg 711w, https:\/\/tuttosprint.ch\/wp-content\/uploads\/2026\/03\/kia-ev2-zilina-start-of-production-body-digital-1920x1080-005-300x169.jpg 300w\" sizes=\"auto, (max-width: 711px) 100vw, 711px\" \/><figcaption class=\"wp-element-caption\">KIA EV2 Zilina start of production assembly &#8211; (Credit: Kia)<\/figcaption><\/figure>\n\n\n\n<figure class=\"wp-block-image size-large\"><img loading=\"lazy\" decoding=\"async\" width=\"711\" height=\"400\" data-id=\"53198\" src=\"https:\/\/tuttosprint.ch\/wp-content\/uploads\/2026\/03\/kia-ev2-zilina-start-of-production-assembly-digital-1920x1080-039.jpg\" alt=\"kia-ev2-zilina-start-of-production-assembly-digital-1920x1080-039\" class=\"wp-image-53198\" srcset=\"https:\/\/tuttosprint.ch\/wp-content\/uploads\/2026\/03\/kia-ev2-zilina-start-of-production-assembly-digital-1920x1080-039.jpg 711w, https:\/\/tuttosprint.ch\/wp-content\/uploads\/2026\/03\/kia-ev2-zilina-start-of-production-assembly-digital-1920x1080-039-300x169.jpg 300w\" sizes=\"auto, (max-width: 711px) 100vw, 711px\" \/><figcaption class=\"wp-element-caption\">KIA EV2 Zilina start of production assembly &#8211; (Credit: Kia)<\/figcaption><\/figure>\n\n\n\n<figure class=\"wp-block-image size-large\"><img loading=\"lazy\" decoding=\"async\" width=\"711\" height=\"400\" data-id=\"53202\" src=\"https:\/\/tuttosprint.ch\/wp-content\/uploads\/2026\/03\/kia-ev2-zilina-start-of-production-body-digital-1920x1080-025.jpg\" alt=\"kia-ev2-zilina-start-of-production-body-digital-1920x1080-025\" class=\"wp-image-53202\" srcset=\"https:\/\/tuttosprint.ch\/wp-content\/uploads\/2026\/03\/kia-ev2-zilina-start-of-production-body-digital-1920x1080-025.jpg 711w, https:\/\/tuttosprint.ch\/wp-content\/uploads\/2026\/03\/kia-ev2-zilina-start-of-production-body-digital-1920x1080-025-300x169.jpg 300w\" sizes=\"auto, (max-width: 711px) 100vw, 711px\" \/><figcaption class=\"wp-element-caption\">KIA EV2 Zilina start of production assembly &#8211; (Credit: Kia)<\/figcaption><\/figure>\n<\/figure>\n\n\n\n<p>Das 2004 er\u00f6ffnete Werk besch\u00e4ftigt rund 3.700 Mitarbeitende und setzt \u00fcber 600 hochmoderne Roboter ein. 2025 wurden rund 300.000 Fahrzeuge und 470.000 Motoren produziert und in 73 L\u00e4nder exportiert. Nachhaltigkeitsinitiativen wie eine neue Photovoltaikanlage, die ab dem zweiten Quartal 2026 bis zu 1,5 % des j\u00e4hrlichen Strombedarfs decken soll, sind Teil der Standortstrategie.<\/p>\n\n\n\n<p><strong>Die Standardversion des EV2<\/strong> ist bereits in Produktion, w\u00e4hrend die Long\u2011Range\u2011Variante und die GT\u2011Line ab Juni 2026 folgen.<\/p>\n","protected":false},"excerpt":{"rendered":"<p>Kia startet die Produktion des neuen EV2 im Werk \u017dilina. Der elektrische\u2026<\/p>\n","protected":false},"author":1,"featured_media":53196,"comment_status":"closed","ping_status":"closed","sticky":false,"template":"","format":"standard","meta":{"footnotes":""},"categories":[40,21],"tags":[717,98,178,718,714,710,712,713,715,716,711],"class_list":["post-53208","post","type-post","status-publish","format-standard","has-post-thumbnail","hentry","category-emobilitytime-de","category-news","tag-b-suv","tag-elektroauto","tag-elektromobilitaet","tag-ev2","tag-ev4","tag-kia","tag-kia-slovakia","tag-laden","tag-produktion-europa","tag-reichweite","tag-zilina"],"yoast_head":"<!-- This site is optimized with the Yoast SEO plugin v27.4 - https:\/\/yoast.com\/product\/yoast-seo-wordpress\/ -->\n<title>Kia startet die Produktion des neuen Elektro\u2011SUV EV2 in \u017dilina - Tuttosprint<\/title>\n<meta name=\"description\" content=\"Kia hat im Werk \u017dilina die Produktion des EV2 aufgenommen. Der neue Elektro\u2011SUV bietet zwei Batterien, bis zu 453 km gesch\u00e4tzte Reichweite und flexible Ladem\u00f6glichkeiten. Die Long\u2011Range\u2011Version folgt ab Juni 2026.\" \/>\n<meta name=\"robots\" content=\"index, follow, max-snippet:-1, max-image-preview:large, max-video-preview:-1\" \/>\n<link rel=\"canonical\" href=\"https:\/\/tuttosprint.ch\/de\/kia-ev2-produktion-zilina\/\" \/>\n<meta property=\"og:locale\" content=\"de_DE\" \/>\n<meta property=\"og:type\" content=\"article\" \/>\n<meta property=\"og:title\" content=\"Kia startet die Produktion des neuen Elektro\u2011SUV EV2 in \u017dilina - Tuttosprint\" \/>\n<meta property=\"og:description\" content=\"Kia hat im Werk \u017dilina die Produktion des EV2 aufgenommen. Der neue Elektro\u2011SUV bietet zwei Batterien, bis zu 453 km gesch\u00e4tzte Reichweite und flexible Ladem\u00f6glichkeiten. Die Long\u2011Range\u2011Version folgt ab Juni 2026.\" \/>\n<meta property=\"og:url\" content=\"https:\/\/tuttosprint.ch\/de\/kia-ev2-produktion-zilina\/\" \/>\n<meta property=\"og:site_name\" content=\"Tuttosprint\" \/>\n<meta property=\"article:published_time\" content=\"2026-03-27T17:27:48+00:00\" \/>\n<meta property=\"article:modified_time\" content=\"2026-03-27T17:27:50+00:00\" \/>\n<meta property=\"og:image\" content=\"https:\/\/tuttosprint.ch\/wp-content\/uploads\/2026\/03\/kia-ev2-zilina-start-of-production-assembly-digital-1920x1080-014.jpg\" \/>\n\t<meta property=\"og:image:width\" content=\"711\" \/>\n\t<meta property=\"og:image:height\" content=\"400\" \/>\n\t<meta property=\"og:image:type\" content=\"image\/jpeg\" \/>\n<meta name=\"author\" content=\"Red. TSP\" \/>\n<meta name=\"twitter:card\" content=\"summary_large_image\" \/>\n<meta name=\"twitter:label1\" content=\"Verfasst von\" \/>\n\t<meta name=\"twitter:data1\" content=\"Red. TSP\" \/>\n\t<meta name=\"twitter:label2\" content=\"Gesch\u00e4tzte Lesezeit\" \/>\n\t<meta name=\"twitter:data2\" content=\"3 Minuten\" \/>\n<script type=\"application\/ld+json\" class=\"yoast-schema-graph\">{\"@context\":\"https:\\\/\\\/schema.org\",\"@graph\":[{\"@type\":\"Article\",\"@id\":\"https:\\\/\\\/tuttosprint.ch\\\/de\\\/kia-ev2-produktion-zilina\\\/#article\",\"isPartOf\":{\"@id\":\"https:\\\/\\\/tuttosprint.ch\\\/de\\\/kia-ev2-produktion-zilina\\\/\"},\"author\":{\"name\":\"Red. TSP\",\"@id\":\"https:\\\/\\\/tuttosprint.ch\\\/#\\\/schema\\\/person\\\/84dfe95b43201d701bfdc5df5b4fa1f4\"},\"headline\":\"KIA EV2: PRODUKTIONSSTART IM WERK \u017dILINA\",\"datePublished\":\"2026-03-27T17:27:48+00:00\",\"dateModified\":\"2026-03-27T17:27:50+00:00\",\"mainEntityOfPage\":{\"@id\":\"https:\\\/\\\/tuttosprint.ch\\\/de\\\/kia-ev2-produktion-zilina\\\/\"},\"wordCount\":312,\"publisher\":{\"@id\":\"https:\\\/\\\/tuttosprint.ch\\\/#organization\"},\"image\":{\"@id\":\"https:\\\/\\\/tuttosprint.ch\\\/de\\\/kia-ev2-produktion-zilina\\\/#primaryimage\"},\"thumbnailUrl\":\"https:\\\/\\\/tuttosprint.ch\\\/wp-content\\\/uploads\\\/2026\\\/03\\\/kia-ev2-zilina-start-of-production-assembly-digital-1920x1080-014.jpg\",\"keywords\":[\"B\u2011SUV\",\"Elektroauto\",\"Elektromobilit\u00e4t\",\"EV2\",\"EV4\",\"Kia\",\"Kia Slovakia\",\"Laden\",\"Produktion Europa\",\"Reichweite\",\"\u017dilina\"],\"articleSection\":[\"EmobilityTime\",\"News\"],\"inLanguage\":\"de-DE\"},{\"@type\":\"WebPage\",\"@id\":\"https:\\\/\\\/tuttosprint.ch\\\/de\\\/kia-ev2-produktion-zilina\\\/\",\"url\":\"https:\\\/\\\/tuttosprint.ch\\\/de\\\/kia-ev2-produktion-zilina\\\/\",\"name\":\"Kia startet die Produktion des neuen Elektro\u2011SUV EV2 in \u017dilina - Tuttosprint\",\"isPartOf\":{\"@id\":\"https:\\\/\\\/tuttosprint.ch\\\/#website\"},\"primaryImageOfPage\":{\"@id\":\"https:\\\/\\\/tuttosprint.ch\\\/de\\\/kia-ev2-produktion-zilina\\\/#primaryimage\"},\"image\":{\"@id\":\"https:\\\/\\\/tuttosprint.ch\\\/de\\\/kia-ev2-produktion-zilina\\\/#primaryimage\"},\"thumbnailUrl\":\"https:\\\/\\\/tuttosprint.ch\\\/wp-content\\\/uploads\\\/2026\\\/03\\\/kia-ev2-zilina-start-of-production-assembly-digital-1920x1080-014.jpg\",\"datePublished\":\"2026-03-27T17:27:48+00:00\",\"dateModified\":\"2026-03-27T17:27:50+00:00\",\"description\":\"Kia hat im Werk \u017dilina die Produktion des EV2 aufgenommen. Der neue Elektro\u2011SUV bietet zwei Batterien, bis zu 453 km gesch\u00e4tzte Reichweite und flexible Ladem\u00f6glichkeiten. Die Long\u2011Range\u2011Version folgt ab Juni 2026.\",\"inLanguage\":\"de-DE\",\"potentialAction\":[{\"@type\":\"ReadAction\",\"target\":[\"https:\\\/\\\/tuttosprint.ch\\\/de\\\/kia-ev2-produktion-zilina\\\/\"]}]},{\"@type\":\"ImageObject\",\"inLanguage\":\"de-DE\",\"@id\":\"https:\\\/\\\/tuttosprint.ch\\\/de\\\/kia-ev2-produktion-zilina\\\/#primaryimage\",\"url\":\"https:\\\/\\\/tuttosprint.ch\\\/wp-content\\\/uploads\\\/2026\\\/03\\\/kia-ev2-zilina-start-of-production-assembly-digital-1920x1080-014.jpg\",\"contentUrl\":\"https:\\\/\\\/tuttosprint.ch\\\/wp-content\\\/uploads\\\/2026\\\/03\\\/kia-ev2-zilina-start-of-production-assembly-digital-1920x1080-014.jpg\",\"width\":711,\"height\":400,\"caption\":\"KIA EV2 Zilina start of production assembly - (Credit: Kia)\"},{\"@type\":\"WebSite\",\"@id\":\"https:\\\/\\\/tuttosprint.ch\\\/#website\",\"url\":\"https:\\\/\\\/tuttosprint.ch\\\/\",\"name\":\"Tuttosprint\",\"description\":\"\",\"publisher\":{\"@id\":\"https:\\\/\\\/tuttosprint.ch\\\/#organization\"},\"potentialAction\":[{\"@type\":\"SearchAction\",\"target\":{\"@type\":\"EntryPoint\",\"urlTemplate\":\"https:\\\/\\\/tuttosprint.ch\\\/?s={search_term_string}\"},\"query-input\":{\"@type\":\"PropertyValueSpecification\",\"valueRequired\":true,\"valueName\":\"search_term_string\"}}],\"inLanguage\":\"de-DE\"},{\"@type\":\"Organization\",\"@id\":\"https:\\\/\\\/tuttosprint.ch\\\/#organization\",\"name\":\"Tuttosprint\",\"url\":\"https:\\\/\\\/tuttosprint.ch\\\/\",\"logo\":{\"@type\":\"ImageObject\",\"inLanguage\":\"de-DE\",\"@id\":\"https:\\\/\\\/tuttosprint.ch\\\/#\\\/schema\\\/logo\\\/image\\\/\",\"url\":\"https:\\\/\\\/tuttosprint.ch\\\/wp-content\\\/uploads\\\/2018\\\/05\\\/Logo_pos_Tuttosprint-2.png\",\"contentUrl\":\"https:\\\/\\\/tuttosprint.ch\\\/wp-content\\\/uploads\\\/2018\\\/05\\\/Logo_pos_Tuttosprint-2.png\",\"width\":350,\"height\":55,\"caption\":\"Tuttosprint\"},\"image\":{\"@id\":\"https:\\\/\\\/tuttosprint.ch\\\/#\\\/schema\\\/logo\\\/image\\\/\"}},{\"@type\":\"Person\",\"@id\":\"https:\\\/\\\/tuttosprint.ch\\\/#\\\/schema\\\/person\\\/84dfe95b43201d701bfdc5df5b4fa1f4\",\"name\":\"Red. TSP\",\"image\":{\"@type\":\"ImageObject\",\"inLanguage\":\"de-DE\",\"@id\":\"https:\\\/\\\/secure.gravatar.com\\\/avatar\\\/cf0c9e614551eb65b068b8ae2042e0ec60c802bc0fb815d4ebbd1eff13a2e9ad?s=96&d=mm&r=g\",\"url\":\"https:\\\/\\\/secure.gravatar.com\\\/avatar\\\/cf0c9e614551eb65b068b8ae2042e0ec60c802bc0fb815d4ebbd1eff13a2e9ad?s=96&d=mm&r=g\",\"contentUrl\":\"https:\\\/\\\/secure.gravatar.com\\\/avatar\\\/cf0c9e614551eb65b068b8ae2042e0ec60c802bc0fb815d4ebbd1eff13a2e9ad?s=96&d=mm&r=g\",\"caption\":\"Red. TSP\"},\"url\":\"https:\\\/\\\/tuttosprint.ch\\\/de\\\/author\\\/info_vb03q6f2\\\/\"}]}<\/script>\n<!-- \/ Yoast SEO plugin. -->","yoast_head_json":{"title":"Kia startet die Produktion des neuen Elektro\u2011SUV EV2 in \u017dilina - Tuttosprint","description":"Kia hat im Werk \u017dilina die Produktion des EV2 aufgenommen. Der neue Elektro\u2011SUV bietet zwei Batterien, bis zu 453 km gesch\u00e4tzte Reichweite und flexible Ladem\u00f6glichkeiten. Die Long\u2011Range\u2011Version folgt ab Juni 2026.","robots":{"index":"index","follow":"follow","max-snippet":"max-snippet:-1","max-image-preview":"max-image-preview:large","max-video-preview":"max-video-preview:-1"},"canonical":"https:\/\/tuttosprint.ch\/de\/kia-ev2-produktion-zilina\/","og_locale":"de_DE","og_type":"article","og_title":"Kia startet die Produktion des neuen Elektro\u2011SUV EV2 in \u017dilina - Tuttosprint","og_description":"Kia hat im Werk \u017dilina die Produktion des EV2 aufgenommen. Der neue Elektro\u2011SUV bietet zwei Batterien, bis zu 453 km gesch\u00e4tzte Reichweite und flexible Ladem\u00f6glichkeiten. Die Long\u2011Range\u2011Version folgt ab Juni 2026.","og_url":"https:\/\/tuttosprint.ch\/de\/kia-ev2-produktion-zilina\/","og_site_name":"Tuttosprint","article_published_time":"2026-03-27T17:27:48+00:00","article_modified_time":"2026-03-27T17:27:50+00:00","og_image":[{"width":711,"height":400,"url":"https:\/\/tuttosprint.ch\/wp-content\/uploads\/2026\/03\/kia-ev2-zilina-start-of-production-assembly-digital-1920x1080-014.jpg","type":"image\/jpeg"}],"author":"Red. TSP","twitter_card":"summary_large_image","twitter_misc":{"Verfasst von":"Red. TSP","Gesch\u00e4tzte Lesezeit":"3 Minuten"},"schema":{"@context":"https:\/\/schema.org","@graph":[{"@type":"Article","@id":"https:\/\/tuttosprint.ch\/de\/kia-ev2-produktion-zilina\/#article","isPartOf":{"@id":"https:\/\/tuttosprint.ch\/de\/kia-ev2-produktion-zilina\/"},"author":{"name":"Red. TSP","@id":"https:\/\/tuttosprint.ch\/#\/schema\/person\/84dfe95b43201d701bfdc5df5b4fa1f4"},"headline":"KIA EV2: PRODUKTIONSSTART IM WERK \u017dILINA","datePublished":"2026-03-27T17:27:48+00:00","dateModified":"2026-03-27T17:27:50+00:00","mainEntityOfPage":{"@id":"https:\/\/tuttosprint.ch\/de\/kia-ev2-produktion-zilina\/"},"wordCount":312,"publisher":{"@id":"https:\/\/tuttosprint.ch\/#organization"},"image":{"@id":"https:\/\/tuttosprint.ch\/de\/kia-ev2-produktion-zilina\/#primaryimage"},"thumbnailUrl":"https:\/\/tuttosprint.ch\/wp-content\/uploads\/2026\/03\/kia-ev2-zilina-start-of-production-assembly-digital-1920x1080-014.jpg","keywords":["B\u2011SUV","Elektroauto","Elektromobilit\u00e4t","EV2","EV4","Kia","Kia Slovakia","Laden","Produktion Europa","Reichweite","\u017dilina"],"articleSection":["EmobilityTime","News"],"inLanguage":"de-DE"},{"@type":"WebPage","@id":"https:\/\/tuttosprint.ch\/de\/kia-ev2-produktion-zilina\/","url":"https:\/\/tuttosprint.ch\/de\/kia-ev2-produktion-zilina\/","name":"Kia startet die Produktion des neuen Elektro\u2011SUV EV2 in \u017dilina - Tuttosprint","isPartOf":{"@id":"https:\/\/tuttosprint.ch\/#website"},"primaryImageOfPage":{"@id":"https:\/\/tuttosprint.ch\/de\/kia-ev2-produktion-zilina\/#primaryimage"},"image":{"@id":"https:\/\/tuttosprint.ch\/de\/kia-ev2-produktion-zilina\/#primaryimage"},"thumbnailUrl":"https:\/\/tuttosprint.ch\/wp-content\/uploads\/2026\/03\/kia-ev2-zilina-start-of-production-assembly-digital-1920x1080-014.jpg","datePublished":"2026-03-27T17:27:48+00:00","dateModified":"2026-03-27T17:27:50+00:00","description":"Kia hat im Werk \u017dilina die Produktion des EV2 aufgenommen. Der neue Elektro\u2011SUV bietet zwei Batterien, bis zu 453 km gesch\u00e4tzte Reichweite und flexible Ladem\u00f6glichkeiten. Die Long\u2011Range\u2011Version folgt ab Juni 2026.","inLanguage":"de-DE","potentialAction":[{"@type":"ReadAction","target":["https:\/\/tuttosprint.ch\/de\/kia-ev2-produktion-zilina\/"]}]},{"@type":"ImageObject","inLanguage":"de-DE","@id":"https:\/\/tuttosprint.ch\/de\/kia-ev2-produktion-zilina\/#primaryimage","url":"https:\/\/tuttosprint.ch\/wp-content\/uploads\/2026\/03\/kia-ev2-zilina-start-of-production-assembly-digital-1920x1080-014.jpg","contentUrl":"https:\/\/tuttosprint.ch\/wp-content\/uploads\/2026\/03\/kia-ev2-zilina-start-of-production-assembly-digital-1920x1080-014.jpg","width":711,"height":400,"caption":"KIA EV2 Zilina start of production assembly - (Credit: Kia)"},{"@type":"WebSite","@id":"https:\/\/tuttosprint.ch\/#website","url":"https:\/\/tuttosprint.ch\/","name":"Tuttosprint","description":"","publisher":{"@id":"https:\/\/tuttosprint.ch\/#organization"},"potentialAction":[{"@type":"SearchAction","target":{"@type":"EntryPoint","urlTemplate":"https:\/\/tuttosprint.ch\/?s={search_term_string}"},"query-input":{"@type":"PropertyValueSpecification","valueRequired":true,"valueName":"search_term_string"}}],"inLanguage":"de-DE"},{"@type":"Organization","@id":"https:\/\/tuttosprint.ch\/#organization","name":"Tuttosprint","url":"https:\/\/tuttosprint.ch\/","logo":{"@type":"ImageObject","inLanguage":"de-DE","@id":"https:\/\/tuttosprint.ch\/#\/schema\/logo\/image\/","url":"https:\/\/tuttosprint.ch\/wp-content\/uploads\/2018\/05\/Logo_pos_Tuttosprint-2.png","contentUrl":"https:\/\/tuttosprint.ch\/wp-content\/uploads\/2018\/05\/Logo_pos_Tuttosprint-2.png","width":350,"height":55,"caption":"Tuttosprint"},"image":{"@id":"https:\/\/tuttosprint.ch\/#\/schema\/logo\/image\/"}},{"@type":"Person","@id":"https:\/\/tuttosprint.ch\/#\/schema\/person\/84dfe95b43201d701bfdc5df5b4fa1f4","name":"Red. TSP","image":{"@type":"ImageObject","inLanguage":"de-DE","@id":"https:\/\/secure.gravatar.com\/avatar\/cf0c9e614551eb65b068b8ae2042e0ec60c802bc0fb815d4ebbd1eff13a2e9ad?s=96&d=mm&r=g","url":"https:\/\/secure.gravatar.com\/avatar\/cf0c9e614551eb65b068b8ae2042e0ec60c802bc0fb815d4ebbd1eff13a2e9ad?s=96&d=mm&r=g","contentUrl":"https:\/\/secure.gravatar.com\/avatar\/cf0c9e614551eb65b068b8ae2042e0ec60c802bc0fb815d4ebbd1eff13a2e9ad?s=96&d=mm&r=g","caption":"Red. TSP"},"url":"https:\/\/tuttosprint.ch\/de\/author\/info_vb03q6f2\/"}]}},"_links":{"self":[{"href":"https:\/\/tuttosprint.ch\/de\/wp-json\/wp\/v2\/posts\/53208","targetHints":{"allow":["GET"]}}],"collection":[{"href":"https:\/\/tuttosprint.ch\/de\/wp-json\/wp\/v2\/posts"}],"about":[{"href":"https:\/\/tuttosprint.ch\/de\/wp-json\/wp\/v2\/types\/post"}],"author":[{"embeddable":true,"href":"https:\/\/tuttosprint.ch\/de\/wp-json\/wp\/v2\/users\/1"}],"replies":[{"embeddable":true,"href":"https:\/\/tuttosprint.ch\/de\/wp-json\/wp\/v2\/comments?post=53208"}],"version-history":[{"count":1,"href":"https:\/\/tuttosprint.ch\/de\/wp-json\/wp\/v2\/posts\/53208\/revisions"}],"predecessor-version":[{"id":53209,"href":"https:\/\/tuttosprint.ch\/de\/wp-json\/wp\/v2\/posts\/53208\/revisions\/53209"}],"wp:featuredmedia":[{"embeddable":true,"href":"https:\/\/tuttosprint.ch\/de\/wp-json\/wp\/v2\/media\/53196"}],"wp:attachment":[{"href":"https:\/\/tuttosprint.ch\/de\/wp-json\/wp\/v2\/media?parent=53208"}],"wp:term":[{"taxonomy":"category","embeddable":true,"href":"https:\/\/tuttosprint.ch\/de\/wp-json\/wp\/v2\/categories?post=53208"},{"taxonomy":"post_tag","embeddable":true,"href":"https:\/\/tuttosprint.ch\/de\/wp-json\/wp\/v2\/tags?post=53208"}],"curies":[{"name":"wp","href":"https:\/\/api.w.org\/{rel}","templated":true}]}}