{"id":54177,"date":"2026-05-02T23:59:19","date_gmt":"2026-05-02T21:59:19","guid":{"rendered":"https:\/\/tuttosprint.ch\/?p=54177"},"modified":"2026-05-03T01:33:54","modified_gmt":"2026-05-02T23:33:54","slug":"bmw-trauert-um-den-grossen-alex-zanardi","status":"publish","type":"post","link":"https:\/\/tuttosprint.ch\/de\/bmw-trauert-um-den-grossen-alex-zanardi\/","title":{"rendered":"BMW TRAUERT UM DEN GROSSEN ALEX ZANARDI"},"content":{"rendered":"\n<h4 class=\"wp-block-heading\">Die BMW Group und BMW M Motorsport trauern um Alessandro Zanardi: Fahrer, Markenbotschafter und Symbol f\u00fcr Mut und Inspiration. Sein Verm\u00e4chtnis bleibt &#8211;<\/h4>\n\n\n\n<p><\/p>\n\n\n\n<p><em>M\u00fcnchen.<\/em> Die BMW Group und BMW M Motorsport trauern um Alessandro Zanardi. Der Rennfahrer, langj\u00e4hrige Werkspilot und<br>Unternehmensbotschafter verstarb unerwartet am 1. Mai in Italien. Das teilte seine Familie mit.<\/p>\n\n\n\n<p><strong>\u201eAlex\u201c Zanardi wurde 59 Jahre alt.<\/strong> Die BMW Group ist in diesen schweren Stunden in Gedanken bei seiner Frau Daniela, seinem Sohn Niccol\u00f2 und allen Angeh\u00f6rigen und Freunden. \u201eAlex\u201c war ein wundervoller Mensch, unersch\u00fctterlicher Optimist und eine Inspiration f\u00fcr viele Menschen weltweit. Das Unternehmen verliert einen faszinierenden Menschenfreund als Repr\u00e4sentanten, BMW M Motorsport einen ehrgeizigen und erfolgreichen Sportler aus der Familie unserer Werksfahrer.<\/p>\n\n\n\n<p><strong>Franciscus van Meel, Vorsitzender der Gesch\u00e4ftsf\u00fchrung der BMW M GmbH, sagte:<\/strong> <em>\u201eAlex Zanardi war einer der au\u00dfergew\u00f6hnlichsten Menschen, denen ich je begegnen durfte. Sein Mut, seine Lebensfreude, seine positive Energie und seine Leidenschaft f\u00fcr den Motorsport haben uns alle bei BMW M tief beeindruckt und ber\u00fchrt. Alex war weit mehr als ein herausragender Sportler und Botschafter unserer Marke. Er war ein echter Teil unserer BMW M Motorsport Familie. Gemeinsam mit BMW M Motorsport hat Alex eine ganz besondere Geschichte geschrieben. Er hat gezeigt, was m\u00f6glich ist, wenn Talent, Entschlossenheit, Vertrauen und technisches Know-how zusammenkommen. Seine Erfolge im Rennwagen waren beeindruckend, doch noch gr\u00f6\u00dfer war die Wirkung, die er als Mensch hatte. Mit seiner unersch\u00fctterlichen Haltung und seinem Optimismus hat er Menschen auf der ganzen Welt inspiriert. Wir verlieren einen wunderbaren Menschen, einen gro\u00dfen K\u00e4mpfer und einen Freund. Unsere Gedanken sind bei seiner Frau Daniela, seinem Sohn Niccol\u00f2 und seiner Familie. Wir werden Alex sehr vermissen und ihm bei BMW M immer einen besonderen Platz in unserer Geschichte und in unseren Herzen bewahren.\u201c<\/em><\/p>\n\n\n\n<p><strong>Zanardi wurde am 23. Oktober 1966 in Bologna geboren.<\/strong> Nach seinem Engagement in der Formel 1 mit 41 Grand-Prix-Starts wechselte er in die USamerikanische CART-Serie und wurde 1997 und 1998 Champ Car-Meister. Bei einem dramatischen Renn-Unfall auf dem Lausitzring verlor er am 15. September 2001 beide Beine und musste mehrfach wiederbelebt werden. Doch Zanardi gab nie auf und feierte 2005 beidseitig beinamputiert als Werksfahrer f\u00fcr BMW Motorsport in der Tourenwagen-Weltmeisterschaft (WTCC) ein Comeback, das er am 29.August 2005 in Oschersleben mit einem Sieg kr\u00f6nte. Au\u00dferdem absolvierte er mehrere 24-Stunden-Rennen f\u00fcr BMW Motorsport, startete 2014 in der Blancpain Sprint Series und war Gaststarter in der DTM. Zanardi begann zudem neben dem Rennsport eine neue sportliche Karriere und zeigte einmal mehr, was mit Hingabe, Willensst\u00e4rke und Ehrgeiz im Leben m\u00f6glich ist. Auf dem Handbike holte er 2012 bei den Paralympics in London zwei Goldmedaillen. Vier Jahre sp\u00e4ter bei den Paralympics in Rio de Janeiro gewann er erneut zwei Goldmedaillen und eine Silbermedaille im Handbike. Dar\u00fcber hinaus absolvierte er mehrere Langstrecken-Triathlons, darunter auch den legend\u00e4ren Ironman auf Hawaii. 2007 belegte er beim New York Marathon Platz vier. Mit seiner Stiftung \u201eBimbingamba\u201c unterst\u00fctzte Zanardi Kinder und Jugendliche, die Opfer von Amputationen wurden und keine ausreichende Versorgung erhalten. Ihnen soll durch \u201eObiettivo 3\u201c auch der Weg in den Sport geebnet werden.<\/p>\n\n\n\n<p>Nach einem erneuten schweren Unfall bei einem Wettkampf auf seinem Handbike am 19. Juni 2020 nahe Pienza wurde es ruhig um Alex Zanardi. Liebevoll von seiner Familie umsorgt, pendelte er zwischen Krankenhaus, Rehabilitation und seinem Zuhause in Padua. <strong>Alex Zanardi sagte einmal:<\/strong> <em>\u201eViele m\u00f6gen sich fragen: Warum macht er das, warum will er den Berg besteigen? Dann sage ich: Weil er in meinem Weg steht.\u201c<\/em> Nun hat der \u00dcberlebensk\u00fcnstler doch seine letzte Reise angetreten. <strong>Ciao, Alex!<\/strong><\/p>\n","protected":false},"excerpt":{"rendered":"<p>Die BMW Group und BMW M Motorsport trauern um Alessandro Zanardi, Werksfahrer,\u2026<\/p>\n","protected":false},"author":1,"featured_media":54174,"comment_status":"closed","ping_status":"closed","sticky":false,"template":"","format":"standard","meta":{"footnotes":""},"categories":[23,21],"tags":[1361,1366,660,1365,1363,295,1364,1362,1360],"class_list":["post-54177","post","type-post","status-publish","format-standard","has-post-thumbnail","hentry","category-motorsport-de","category-news","tag-alessandro-zanardi","tag-bimbingamba","tag-bmw","tag-bmw-m-motorsport","tag-handbike","tag-motorsport","tag-obiettivo-3","tag-paralympics","tag-wtcc"],"yoast_head":"<!-- This site is optimized with the Yoast SEO plugin v27.4 - https:\/\/yoast.com\/product\/yoast-seo-wordpress\/ -->\n<title>BMW trauert um Alex Zanardi - Tuttosprint<\/title>\n<meta name=\"description\" content=\"Die BMW Group und BMW M Motorsport geben den Tod von Alessandro Zanardi bekannt. Ein au\u00dfergew\u00f6hnlicher Sportler und Mensch, der weltweit Millionen inspiriert hat.\" \/>\n<meta name=\"robots\" content=\"index, follow, max-snippet:-1, max-image-preview:large, max-video-preview:-1\" \/>\n<link rel=\"canonical\" href=\"https:\/\/tuttosprint.ch\/de\/bmw-trauert-um-den-grossen-alex-zanardi\/\" \/>\n<meta property=\"og:locale\" content=\"de_DE\" \/>\n<meta property=\"og:type\" content=\"article\" \/>\n<meta property=\"og:title\" content=\"BMW trauert um Alex Zanardi - Tuttosprint\" \/>\n<meta property=\"og:description\" content=\"Die BMW Group und BMW M Motorsport geben den Tod von Alessandro Zanardi bekannt. Ein au\u00dfergew\u00f6hnlicher Sportler und Mensch, der weltweit Millionen inspiriert hat.\" \/>\n<meta property=\"og:url\" content=\"https:\/\/tuttosprint.ch\/de\/bmw-trauert-um-den-grossen-alex-zanardi\/\" \/>\n<meta property=\"og:site_name\" content=\"Tuttosprint\" \/>\n<meta property=\"article:published_time\" content=\"2026-05-02T21:59:19+00:00\" \/>\n<meta property=\"article:modified_time\" content=\"2026-05-02T23:33:54+00:00\" \/>\n<meta property=\"og:image\" content=\"https:\/\/tuttosprint.ch\/wp-content\/uploads\/2026\/05\/P90639650_highRes_alessandro-zanardi.jpg\" \/>\n\t<meta property=\"og:image:width\" content=\"1920\" \/>\n\t<meta property=\"og:image:height\" content=\"1280\" \/>\n\t<meta property=\"og:image:type\" content=\"image\/jpeg\" \/>\n<meta name=\"author\" content=\"Red. TSP\" \/>\n<meta name=\"twitter:card\" content=\"summary_large_image\" \/>\n<meta name=\"twitter:label1\" content=\"Verfasst von\" \/>\n\t<meta name=\"twitter:data1\" content=\"Red. TSP\" \/>\n\t<meta name=\"twitter:label2\" content=\"Gesch\u00e4tzte Lesezeit\" \/>\n\t<meta name=\"twitter:data2\" content=\"4 Minuten\" \/>\n<script type=\"application\/ld+json\" class=\"yoast-schema-graph\">{\"@context\":\"https:\\\/\\\/schema.org\",\"@graph\":[{\"@type\":\"Article\",\"@id\":\"https:\\\/\\\/tuttosprint.ch\\\/de\\\/bmw-trauert-um-den-grossen-alex-zanardi\\\/#article\",\"isPartOf\":{\"@id\":\"https:\\\/\\\/tuttosprint.ch\\\/de\\\/bmw-trauert-um-den-grossen-alex-zanardi\\\/\"},\"author\":{\"name\":\"Red. TSP\",\"@id\":\"https:\\\/\\\/tuttosprint.ch\\\/#\\\/schema\\\/person\\\/84dfe95b43201d701bfdc5df5b4fa1f4\"},\"headline\":\"BMW TRAUERT UM DEN GROSSEN ALEX ZANARDI\",\"datePublished\":\"2026-05-02T21:59:19+00:00\",\"dateModified\":\"2026-05-02T23:33:54+00:00\",\"mainEntityOfPage\":{\"@id\":\"https:\\\/\\\/tuttosprint.ch\\\/de\\\/bmw-trauert-um-den-grossen-alex-zanardi\\\/\"},\"wordCount\":599,\"publisher\":{\"@id\":\"https:\\\/\\\/tuttosprint.ch\\\/#organization\"},\"image\":{\"@id\":\"https:\\\/\\\/tuttosprint.ch\\\/de\\\/bmw-trauert-um-den-grossen-alex-zanardi\\\/#primaryimage\"},\"thumbnailUrl\":\"https:\\\/\\\/tuttosprint.ch\\\/wp-content\\\/uploads\\\/2026\\\/05\\\/P90639650_highRes_alessandro-zanardi.jpg\",\"keywords\":[\"Alessandro Zanardi\",\"Bimbingamba\",\"bmw\",\"BMW M Motorsport\",\"Handbike\",\"motorsport\",\"Obiettivo 3\",\"Paralympics\",\"WTCC\"],\"articleSection\":[\"Motorsport\",\"News\"],\"inLanguage\":\"de-DE\"},{\"@type\":\"WebPage\",\"@id\":\"https:\\\/\\\/tuttosprint.ch\\\/de\\\/bmw-trauert-um-den-grossen-alex-zanardi\\\/\",\"url\":\"https:\\\/\\\/tuttosprint.ch\\\/de\\\/bmw-trauert-um-den-grossen-alex-zanardi\\\/\",\"name\":\"BMW trauert um Alex Zanardi - Tuttosprint\",\"isPartOf\":{\"@id\":\"https:\\\/\\\/tuttosprint.ch\\\/#website\"},\"primaryImageOfPage\":{\"@id\":\"https:\\\/\\\/tuttosprint.ch\\\/de\\\/bmw-trauert-um-den-grossen-alex-zanardi\\\/#primaryimage\"},\"image\":{\"@id\":\"https:\\\/\\\/tuttosprint.ch\\\/de\\\/bmw-trauert-um-den-grossen-alex-zanardi\\\/#primaryimage\"},\"thumbnailUrl\":\"https:\\\/\\\/tuttosprint.ch\\\/wp-content\\\/uploads\\\/2026\\\/05\\\/P90639650_highRes_alessandro-zanardi.jpg\",\"datePublished\":\"2026-05-02T21:59:19+00:00\",\"dateModified\":\"2026-05-02T23:33:54+00:00\",\"description\":\"Die BMW Group und BMW M Motorsport geben den Tod von Alessandro Zanardi bekannt. Ein au\u00dfergew\u00f6hnlicher Sportler und Mensch, der weltweit Millionen inspiriert hat.\",\"inLanguage\":\"de-DE\",\"potentialAction\":[{\"@type\":\"ReadAction\",\"target\":[\"https:\\\/\\\/tuttosprint.ch\\\/de\\\/bmw-trauert-um-den-grossen-alex-zanardi\\\/\"]}]},{\"@type\":\"ImageObject\",\"inLanguage\":\"de-DE\",\"@id\":\"https:\\\/\\\/tuttosprint.ch\\\/de\\\/bmw-trauert-um-den-grossen-alex-zanardi\\\/#primaryimage\",\"url\":\"https:\\\/\\\/tuttosprint.ch\\\/wp-content\\\/uploads\\\/2026\\\/05\\\/P90639650_highRes_alessandro-zanardi.jpg\",\"contentUrl\":\"https:\\\/\\\/tuttosprint.ch\\\/wp-content\\\/uploads\\\/2026\\\/05\\\/P90639650_highRes_alessandro-zanardi.jpg\",\"width\":1920,\"height\":1280,\"caption\":\"P90639650_highRes_alessandro-zanardi\"},{\"@type\":\"WebSite\",\"@id\":\"https:\\\/\\\/tuttosprint.ch\\\/#website\",\"url\":\"https:\\\/\\\/tuttosprint.ch\\\/\",\"name\":\"Tuttosprint\",\"description\":\"\",\"publisher\":{\"@id\":\"https:\\\/\\\/tuttosprint.ch\\\/#organization\"},\"potentialAction\":[{\"@type\":\"SearchAction\",\"target\":{\"@type\":\"EntryPoint\",\"urlTemplate\":\"https:\\\/\\\/tuttosprint.ch\\\/?s={search_term_string}\"},\"query-input\":{\"@type\":\"PropertyValueSpecification\",\"valueRequired\":true,\"valueName\":\"search_term_string\"}}],\"inLanguage\":\"de-DE\"},{\"@type\":\"Organization\",\"@id\":\"https:\\\/\\\/tuttosprint.ch\\\/#organization\",\"name\":\"Tuttosprint\",\"url\":\"https:\\\/\\\/tuttosprint.ch\\\/\",\"logo\":{\"@type\":\"ImageObject\",\"inLanguage\":\"de-DE\",\"@id\":\"https:\\\/\\\/tuttosprint.ch\\\/#\\\/schema\\\/logo\\\/image\\\/\",\"url\":\"https:\\\/\\\/tuttosprint.ch\\\/wp-content\\\/uploads\\\/2018\\\/05\\\/Logo_pos_Tuttosprint-2.png\",\"contentUrl\":\"https:\\\/\\\/tuttosprint.ch\\\/wp-content\\\/uploads\\\/2018\\\/05\\\/Logo_pos_Tuttosprint-2.png\",\"width\":350,\"height\":55,\"caption\":\"Tuttosprint\"},\"image\":{\"@id\":\"https:\\\/\\\/tuttosprint.ch\\\/#\\\/schema\\\/logo\\\/image\\\/\"}},{\"@type\":\"Person\",\"@id\":\"https:\\\/\\\/tuttosprint.ch\\\/#\\\/schema\\\/person\\\/84dfe95b43201d701bfdc5df5b4fa1f4\",\"name\":\"Red. TSP\",\"image\":{\"@type\":\"ImageObject\",\"inLanguage\":\"de-DE\",\"@id\":\"https:\\\/\\\/secure.gravatar.com\\\/avatar\\\/cf0c9e614551eb65b068b8ae2042e0ec60c802bc0fb815d4ebbd1eff13a2e9ad?s=96&d=mm&r=g\",\"url\":\"https:\\\/\\\/secure.gravatar.com\\\/avatar\\\/cf0c9e614551eb65b068b8ae2042e0ec60c802bc0fb815d4ebbd1eff13a2e9ad?s=96&d=mm&r=g\",\"contentUrl\":\"https:\\\/\\\/secure.gravatar.com\\\/avatar\\\/cf0c9e614551eb65b068b8ae2042e0ec60c802bc0fb815d4ebbd1eff13a2e9ad?s=96&d=mm&r=g\",\"caption\":\"Red. TSP\"},\"url\":\"https:\\\/\\\/tuttosprint.ch\\\/de\\\/author\\\/info_vb03q6f2\\\/\"}]}<\/script>\n<!-- \/ Yoast SEO plugin. -->","yoast_head_json":{"title":"BMW trauert um Alex Zanardi - Tuttosprint","description":"Die BMW Group und BMW M Motorsport geben den Tod von Alessandro Zanardi bekannt. Ein au\u00dfergew\u00f6hnlicher Sportler und Mensch, der weltweit Millionen inspiriert hat.","robots":{"index":"index","follow":"follow","max-snippet":"max-snippet:-1","max-image-preview":"max-image-preview:large","max-video-preview":"max-video-preview:-1"},"canonical":"https:\/\/tuttosprint.ch\/de\/bmw-trauert-um-den-grossen-alex-zanardi\/","og_locale":"de_DE","og_type":"article","og_title":"BMW trauert um Alex Zanardi - Tuttosprint","og_description":"Die BMW Group und BMW M Motorsport geben den Tod von Alessandro Zanardi bekannt. Ein au\u00dfergew\u00f6hnlicher Sportler und Mensch, der weltweit Millionen inspiriert hat.","og_url":"https:\/\/tuttosprint.ch\/de\/bmw-trauert-um-den-grossen-alex-zanardi\/","og_site_name":"Tuttosprint","article_published_time":"2026-05-02T21:59:19+00:00","article_modified_time":"2026-05-02T23:33:54+00:00","og_image":[{"width":1920,"height":1280,"url":"https:\/\/tuttosprint.ch\/wp-content\/uploads\/2026\/05\/P90639650_highRes_alessandro-zanardi.jpg","type":"image\/jpeg"}],"author":"Red. TSP","twitter_card":"summary_large_image","twitter_misc":{"Verfasst von":"Red. TSP","Gesch\u00e4tzte Lesezeit":"4 Minuten"},"schema":{"@context":"https:\/\/schema.org","@graph":[{"@type":"Article","@id":"https:\/\/tuttosprint.ch\/de\/bmw-trauert-um-den-grossen-alex-zanardi\/#article","isPartOf":{"@id":"https:\/\/tuttosprint.ch\/de\/bmw-trauert-um-den-grossen-alex-zanardi\/"},"author":{"name":"Red. TSP","@id":"https:\/\/tuttosprint.ch\/#\/schema\/person\/84dfe95b43201d701bfdc5df5b4fa1f4"},"headline":"BMW TRAUERT UM DEN GROSSEN ALEX ZANARDI","datePublished":"2026-05-02T21:59:19+00:00","dateModified":"2026-05-02T23:33:54+00:00","mainEntityOfPage":{"@id":"https:\/\/tuttosprint.ch\/de\/bmw-trauert-um-den-grossen-alex-zanardi\/"},"wordCount":599,"publisher":{"@id":"https:\/\/tuttosprint.ch\/#organization"},"image":{"@id":"https:\/\/tuttosprint.ch\/de\/bmw-trauert-um-den-grossen-alex-zanardi\/#primaryimage"},"thumbnailUrl":"https:\/\/tuttosprint.ch\/wp-content\/uploads\/2026\/05\/P90639650_highRes_alessandro-zanardi.jpg","keywords":["Alessandro Zanardi","Bimbingamba","bmw","BMW M Motorsport","Handbike","motorsport","Obiettivo 3","Paralympics","WTCC"],"articleSection":["Motorsport","News"],"inLanguage":"de-DE"},{"@type":"WebPage","@id":"https:\/\/tuttosprint.ch\/de\/bmw-trauert-um-den-grossen-alex-zanardi\/","url":"https:\/\/tuttosprint.ch\/de\/bmw-trauert-um-den-grossen-alex-zanardi\/","name":"BMW trauert um Alex Zanardi - Tuttosprint","isPartOf":{"@id":"https:\/\/tuttosprint.ch\/#website"},"primaryImageOfPage":{"@id":"https:\/\/tuttosprint.ch\/de\/bmw-trauert-um-den-grossen-alex-zanardi\/#primaryimage"},"image":{"@id":"https:\/\/tuttosprint.ch\/de\/bmw-trauert-um-den-grossen-alex-zanardi\/#primaryimage"},"thumbnailUrl":"https:\/\/tuttosprint.ch\/wp-content\/uploads\/2026\/05\/P90639650_highRes_alessandro-zanardi.jpg","datePublished":"2026-05-02T21:59:19+00:00","dateModified":"2026-05-02T23:33:54+00:00","description":"Die BMW Group und BMW M Motorsport geben den Tod von Alessandro Zanardi bekannt. Ein au\u00dfergew\u00f6hnlicher Sportler und Mensch, der weltweit Millionen inspiriert hat.","inLanguage":"de-DE","potentialAction":[{"@type":"ReadAction","target":["https:\/\/tuttosprint.ch\/de\/bmw-trauert-um-den-grossen-alex-zanardi\/"]}]},{"@type":"ImageObject","inLanguage":"de-DE","@id":"https:\/\/tuttosprint.ch\/de\/bmw-trauert-um-den-grossen-alex-zanardi\/#primaryimage","url":"https:\/\/tuttosprint.ch\/wp-content\/uploads\/2026\/05\/P90639650_highRes_alessandro-zanardi.jpg","contentUrl":"https:\/\/tuttosprint.ch\/wp-content\/uploads\/2026\/05\/P90639650_highRes_alessandro-zanardi.jpg","width":1920,"height":1280,"caption":"P90639650_highRes_alessandro-zanardi"},{"@type":"WebSite","@id":"https:\/\/tuttosprint.ch\/#website","url":"https:\/\/tuttosprint.ch\/","name":"Tuttosprint","description":"","publisher":{"@id":"https:\/\/tuttosprint.ch\/#organization"},"potentialAction":[{"@type":"SearchAction","target":{"@type":"EntryPoint","urlTemplate":"https:\/\/tuttosprint.ch\/?s={search_term_string}"},"query-input":{"@type":"PropertyValueSpecification","valueRequired":true,"valueName":"search_term_string"}}],"inLanguage":"de-DE"},{"@type":"Organization","@id":"https:\/\/tuttosprint.ch\/#organization","name":"Tuttosprint","url":"https:\/\/tuttosprint.ch\/","logo":{"@type":"ImageObject","inLanguage":"de-DE","@id":"https:\/\/tuttosprint.ch\/#\/schema\/logo\/image\/","url":"https:\/\/tuttosprint.ch\/wp-content\/uploads\/2018\/05\/Logo_pos_Tuttosprint-2.png","contentUrl":"https:\/\/tuttosprint.ch\/wp-content\/uploads\/2018\/05\/Logo_pos_Tuttosprint-2.png","width":350,"height":55,"caption":"Tuttosprint"},"image":{"@id":"https:\/\/tuttosprint.ch\/#\/schema\/logo\/image\/"}},{"@type":"Person","@id":"https:\/\/tuttosprint.ch\/#\/schema\/person\/84dfe95b43201d701bfdc5df5b4fa1f4","name":"Red. TSP","image":{"@type":"ImageObject","inLanguage":"de-DE","@id":"https:\/\/secure.gravatar.com\/avatar\/cf0c9e614551eb65b068b8ae2042e0ec60c802bc0fb815d4ebbd1eff13a2e9ad?s=96&d=mm&r=g","url":"https:\/\/secure.gravatar.com\/avatar\/cf0c9e614551eb65b068b8ae2042e0ec60c802bc0fb815d4ebbd1eff13a2e9ad?s=96&d=mm&r=g","contentUrl":"https:\/\/secure.gravatar.com\/avatar\/cf0c9e614551eb65b068b8ae2042e0ec60c802bc0fb815d4ebbd1eff13a2e9ad?s=96&d=mm&r=g","caption":"Red. TSP"},"url":"https:\/\/tuttosprint.ch\/de\/author\/info_vb03q6f2\/"}]}},"_links":{"self":[{"href":"https:\/\/tuttosprint.ch\/de\/wp-json\/wp\/v2\/posts\/54177","targetHints":{"allow":["GET"]}}],"collection":[{"href":"https:\/\/tuttosprint.ch\/de\/wp-json\/wp\/v2\/posts"}],"about":[{"href":"https:\/\/tuttosprint.ch\/de\/wp-json\/wp\/v2\/types\/post"}],"author":[{"embeddable":true,"href":"https:\/\/tuttosprint.ch\/de\/wp-json\/wp\/v2\/users\/1"}],"replies":[{"embeddable":true,"href":"https:\/\/tuttosprint.ch\/de\/wp-json\/wp\/v2\/comments?post=54177"}],"version-history":[{"count":1,"href":"https:\/\/tuttosprint.ch\/de\/wp-json\/wp\/v2\/posts\/54177\/revisions"}],"predecessor-version":[{"id":54178,"href":"https:\/\/tuttosprint.ch\/de\/wp-json\/wp\/v2\/posts\/54177\/revisions\/54178"}],"wp:featuredmedia":[{"embeddable":true,"href":"https:\/\/tuttosprint.ch\/de\/wp-json\/wp\/v2\/media\/54174"}],"wp:attachment":[{"href":"https:\/\/tuttosprint.ch\/de\/wp-json\/wp\/v2\/media?parent=54177"}],"wp:term":[{"taxonomy":"category","embeddable":true,"href":"https:\/\/tuttosprint.ch\/de\/wp-json\/wp\/v2\/categories?post=54177"},{"taxonomy":"post_tag","embeddable":true,"href":"https:\/\/tuttosprint.ch\/de\/wp-json\/wp\/v2\/tags?post=54177"}],"curies":[{"name":"wp","href":"https:\/\/api.w.org\/{rel}","templated":true}]}}