{"id":58387,"date":"2026-08-30T12:30:23","date_gmt":"2026-08-30T10:30:23","guid":{"rendered":"https:\/\/tuttosprint.ch\/?p=58387"},"modified":"2026-08-30T12:30:23","modified_gmt":"2026-08-30T10:30:23","slug":"neuigkeiten-in-kuerze-30-8-2026","status":"publish","type":"post","link":"https:\/\/tuttosprint.ch\/de\/neuigkeiten-in-kuerze-30-8-2026\/","title":{"rendered":"DIE WICHTIGSTEN NEUIGKEITEN AUS AUTO, MOTORRAD, SCOOTER UND ELEKTROMOBILIT\u00c4T &#8211; 30.8.2026"},"content":{"rendered":"\n<p class=\"wp-block-paragraph\"><strong><a href=\"https:\/\/tuttosprint.ch\/de\/mazda-cx60-diesel-254ps-test\/\" target=\"_blank\" rel=\"noreferrer noopener\">Mazda CX\u201160: neuer Sechszylinder-Diesel im Test<\/a><\/strong><\/p>\n\n\n\n<p class=\"wp-block-paragraph\">Mazda aktualisiert den CX\u201160 und testet den neuen 3.3\u2011Liter Skyactiv\u2011D mit 254 PS. Der Motor \u00fcberrascht mit hoher Effizienz: 5,2\u20135,4 Liter pro 100 km. Starke Fahrleistungen mit 7,4 Sekunden von 0 auf 100 km\/h; der i\u2011Activ AWD sorgt f\u00fcr pr\u00e4zises Handling. Verbesserte Sicht dank neu gestaltetem Vorderwagen und hoher Komfort durch das Driver Personalization System. Bei der Sicherheit sind alle modernen Assistenzsysteme an Bord.<\/p>\n\n\n\n<p class=\"wp-block-paragraph\"><strong><a href=\"https:\/\/tuttosprint.ch\/de\/mercedes-amg-gt-53-4-tuerer-coupe\/\" target=\"_blank\" rel=\"noreferrer noopener\">Mercedes\u2011AMG GT 53 4\u2011Door Coup\u00e9<\/a><\/strong><\/p>\n\n\n\n<p class=\"wp-block-paragraph\">Bis zu 544 PS, 106\u2011kWh\u2011Batterie und \u00fcber 800 km Reichweite. GT\u2011Performance kombiniert mit Langstreckenkomfort. In der Schweiz ab CHF 116\u2019900 erh\u00e4ltlich.<\/p>\n\n\n\n<p class=\"wp-block-paragraph\"><strong><a href=\"https:\/\/tuttosprint.ch\/de\/ferdinando-dapice-country-manager-byd-schweiz\/\" target=\"_blank\" rel=\"noreferrer noopener\">BYD Schweiz: neuer Country Manager<\/a><\/strong><\/p>\n\n\n\n<p class=\"wp-block-paragraph\">BYD Schweiz ernennt Ferdinando D\u2019Apice zum Country Manager. Er \u00fcbernimmt die Verantwortung f\u00fcr die Aktivit\u00e4ten des Unternehmens und f\u00fchrt BYD in die n\u00e4chste Entwicklungsphase.<\/p>\n\n\n\n<p class=\"wp-block-paragraph\"><strong><a href=\"https:\/\/tuttosprint.ch\/de\/denza-startet-in-der-schweiz-2\/\" target=\"_blank\" rel=\"noreferrer noopener\">Denza startet in der Schweiz<\/a><\/strong><\/p>\n\n\n\n<p class=\"wp-block-paragraph\">Die Modelle Z9GT, D9, Denza Z und BAO 5 sind ab sofort bestellbar, erste Auslieferungen folgen in den kommenden Wochen. Das H\u00e4ndlernetz w\u00e4chst bis Ende 2026 auf sechs Standorte; drei sind bereits in Z\u00fcrich, Genf und St. Gallen aktiv. \u00abWir bringen eine neue Premium\u2011Idee mit Technologie, Erlebnis, Komfort und Emotionen\u00bb, sagt Ferdinando D\u2019Apice, Country Manager BYD und Denza Schweiz.<\/p>\n\n\n\n<p class=\"wp-block-paragraph\"><strong><a href=\"https:\/\/tuttosprint.ch\/de\/volvo-ex60-wo-ist-volvo-schweiz-tour\/\" target=\"_blank\" rel=\"noreferrer noopener\">Volvo EX60: drei orangefarbene SUVs unterwegs in der Schweiz<\/a><\/strong><\/p>\n\n\n\n<p class=\"wp-block-paragraph\">Wer eines der Fahrzeuge entdeckt, kann einsteigen und den neuen Elektro\u2011SUV kennenlernen. Mit etwas Gl\u00fcck gewinnt man eine EX60 f\u00fcr ein Jahr.<\/p>\n\n\n\n<p class=\"wp-block-paragraph\"><strong><a href=\"https:\/\/tuttosprint.ch\/de\/suzuki-piz-sulai-2026\/\" target=\"_blank\" rel=\"noreferrer noopener\">Suzuki PIZ SULAI Sonderedition<\/a><\/strong><\/p>\n\n\n\n<p class=\"wp-block-paragraph\">Suzuki erneuert die Tradition der PIZ\u2011SULAI\u2011Serie, die seit 2008 alpine Optik und 4&#215;4\u2011Kompetenz verbindet. Vier Modelle f\u00fcr die Schweiz: SWIFT, VITARA, S\u2011Cross und die neue elektrische VITARA. Alle mit ALLGRIP\u2011Allrad, exklusivem Design und einem zus\u00e4tzlichen Satz kompletter Winterr\u00e4der.<\/p>\n\n\n\n<p class=\"wp-block-paragraph\"><strong>Comparis.ch: Parksch\u00e4den werden immer teurer<\/strong><\/p>\n\n\n\n<p class=\"wp-block-paragraph\">Ein scheinbar kleiner Schaden betrifft heute oft Elektronik, Sensoren oder Assistenzsysteme. Das erh\u00f6ht den Aufwand, erkl\u00e4rt Harry B\u00fcsser, Auto\u2011Versicherungsexperte bei Comparis \u2013 erkl\u00e4rt aber nicht die teils stark steigenden Reparaturkosten.<\/p>\n\n\n\n<p class=\"wp-block-paragraph\"><strong>Z\u00fcrich: Polizeikontrollen bei Reisebussen<\/strong><\/p>\n\n\n\n<p class=\"wp-block-paragraph\">Die Stadtpolizei Z\u00fcrich und die Kantonspolizei kontrollierten am Busbahnhof im Kreis 5 mehrere Reisebusse: 15 Fahrzeuge und 23 Fahrer. Ein Chauffeur wurde wegen Verst\u00f6\u00dfen gegen Arbeits\u2011 und Ruhezeiten angezeigt. Ein Bus erhielt wegen eines \u00d6lverlusts ein tempor\u00e4res Fahrverbot, ein weiterer wegen eines technischen Mangels eine Feststellungsmeldung.<\/p>\n\n\n\n<p class=\"wp-block-paragraph\"><strong><a href=\"https:\/\/tuttosprint.ch\/de\/rapperswil-rueti-sperrungen-herbst-2026\/\" target=\"_blank\" rel=\"noreferrer noopener\">SBB: Sperrungen zwischen Rapperswil und R\u00fcti<\/a><\/strong><\/p>\n\n\n\n<p class=\"wp-block-paragraph\">Zwischen September und November wird die Strecke mehrfach gesperrt: Sanierung des T\u00e4usi\u2011Tunnels, Arbeiten an Gleisen und Weichen in R\u00fcti sowie Unterhalt zwischen Rapperswil und Wetzikon. Ersatzbusse und Anpassungen auf den Linien S5, S14, S15 und SN5. Reisende zwischen Z\u00fcrich und Rapperswil k\u00f6nnen auf die S7 via Meilen ausweichen.<\/p>\n\n\n\n<p class=\"has-text-align-center has-accent-color has-base-background-color has-text-color has-background has-link-color has-small-font-size wp-elements-1 wp-block-paragraph\"><em>Red. TSP<br>Tuttosprint \u2013 Mobilit\u00e4t, Motoren, Reisen und Lifestyle.<\/em><\/p>\n","protected":false},"excerpt":{"rendered":"<p>Aktuelle Neuigkeiten aus Auto, Vans, Motorrad und Elektromobilit\u00e4t: Mazda CX 60 Diesel\u2026<\/p>\n","protected":false},"author":1,"featured_media":58388,"comment_status":"closed","ping_status":"closed","sticky":false,"template":"","format":"standard","meta":{"footnotes":""},"categories":[22,21],"tags":[1170,418,577,1227,97,99,346,3187],"class_list":["post-58387","post","type-post","status-publish","format-standard","has-post-thumbnail","hentry","category-auto-moto-de","category-news","tag-auto","tag-elektro","tag-mobilitaet","tag-motorrad","tag-neuheiten","tag-schweiz","tag-sicherheit","tag-vans"],"yoast_head":"<!-- This site is optimized with the Yoast SEO plugin v28.3 - https:\/\/yoast.com\/product\/yoast-seo-wordpress\/ -->\n<title>Auto, Moto, Mobilit\u00e4tsneuheiten in K\u00fcrze aus der Schweiz - 30.8.26 - Tuttosprint<\/title>\n<meta name=\"description\" content=\"Mazda, Mercedes, BYD, Denza, Volvo, Suzuki und SBB: die wichtigsten Auto , Mobilit\u00e4ts Neuigkeiten in Kuerze aus der Schweiz.\" \/>\n<meta name=\"robots\" content=\"index, follow, max-snippet:-1, max-image-preview:large, max-video-preview:-1\" \/>\n<link rel=\"canonical\" href=\"https:\/\/tuttosprint.ch\/de\/neuigkeiten-in-kuerze-30-8-2026\/\" \/>\n<meta property=\"og:locale\" content=\"de_DE\" \/>\n<meta property=\"og:type\" content=\"article\" \/>\n<meta property=\"og:title\" content=\"Auto, Moto, Mobilit\u00e4tsneuheiten in K\u00fcrze aus der Schweiz - 30.8.26 - Tuttosprint\" \/>\n<meta property=\"og:description\" content=\"Mazda, Mercedes, BYD, Denza, Volvo, Suzuki und SBB: die wichtigsten Auto , Mobilit\u00e4ts Neuigkeiten in Kuerze aus der Schweiz.\" \/>\n<meta property=\"og:url\" content=\"https:\/\/tuttosprint.ch\/de\/neuigkeiten-in-kuerze-30-8-2026\/\" \/>\n<meta property=\"og:site_name\" content=\"Tuttosprint\" \/>\n<meta property=\"article:published_time\" content=\"2026-08-30T10:30:23+00:00\" \/>\n<meta property=\"og:image\" content=\"https:\/\/tuttosprint.ch\/wp-content\/uploads\/2026\/08\/8-AUTO\u2011MOTO\u2011VANS-\u2013-NEUIGKEITEN-IN-KURZE.jpg\" \/>\n\t<meta property=\"og:image:width\" content=\"1350\" \/>\n\t<meta property=\"og:image:height\" content=\"900\" \/>\n\t<meta property=\"og:image:type\" content=\"image\/jpeg\" \/>\n<meta name=\"author\" content=\"Red. TSP\" \/>\n<meta name=\"twitter:card\" content=\"summary_large_image\" \/>\n<meta name=\"twitter:label1\" content=\"Verfasst von\" \/>\n\t<meta name=\"twitter:data1\" content=\"Red. TSP\" \/>\n\t<meta name=\"twitter:label2\" content=\"Gesch\u00e4tzte Lesezeit\" \/>\n\t<meta name=\"twitter:data2\" content=\"3 Minuten\" \/>\n<script type=\"application\/ld+json\" class=\"yoast-schema-graph\">{\"@context\":\"https:\\\/\\\/schema.org\",\"@graph\":[{\"@type\":\"Article\",\"@id\":\"https:\\\/\\\/tuttosprint.ch\\\/de\\\/neuigkeiten-in-kuerze-30-8-2026\\\/#article\",\"isPartOf\":{\"@id\":\"https:\\\/\\\/tuttosprint.ch\\\/de\\\/neuigkeiten-in-kuerze-30-8-2026\\\/\"},\"author\":{\"name\":\"Red. TSP\",\"@id\":\"https:\\\/\\\/tuttosprint.ch\\\/#\\\/schema\\\/person\\\/84dfe95b43201d701bfdc5df5b4fa1f4\"},\"headline\":\"DIE WICHTIGSTEN NEUIGKEITEN AUS AUTO, MOTORRAD, SCOOTER UND ELEKTROMOBILIT\u00c4T &#8211; 30.8.2026\",\"datePublished\":\"2026-08-30T10:30:23+00:00\",\"mainEntityOfPage\":{\"@id\":\"https:\\\/\\\/tuttosprint.ch\\\/de\\\/neuigkeiten-in-kuerze-30-8-2026\\\/\"},\"wordCount\":443,\"publisher\":{\"@id\":\"https:\\\/\\\/tuttosprint.ch\\\/#organization\"},\"image\":{\"@id\":\"https:\\\/\\\/tuttosprint.ch\\\/de\\\/neuigkeiten-in-kuerze-30-8-2026\\\/#primaryimage\"},\"thumbnailUrl\":\"https:\\\/\\\/tuttosprint.ch\\\/wp-content\\\/uploads\\\/2026\\\/08\\\/8-AUTO\u2011MOTO\u2011VANS-\u2013-NEUIGKEITEN-IN-KURZE.jpg\",\"keywords\":[\"Auto\",\"Elektro\",\"Mobilit\u00e4t\",\"motorrad\",\"Neuheiten\",\"Schweiz\",\"Sicherheit\",\"Vans\"],\"articleSection\":[\"AUTO\\\/MOTO-DE\",\"News\"],\"inLanguage\":\"de-DE\"},{\"@type\":\"WebPage\",\"@id\":\"https:\\\/\\\/tuttosprint.ch\\\/de\\\/neuigkeiten-in-kuerze-30-8-2026\\\/\",\"url\":\"https:\\\/\\\/tuttosprint.ch\\\/de\\\/neuigkeiten-in-kuerze-30-8-2026\\\/\",\"name\":\"Auto, Moto, Mobilit\u00e4tsneuheiten in K\u00fcrze aus der Schweiz - 30.8.26 - Tuttosprint\",\"isPartOf\":{\"@id\":\"https:\\\/\\\/tuttosprint.ch\\\/#website\"},\"primaryImageOfPage\":{\"@id\":\"https:\\\/\\\/tuttosprint.ch\\\/de\\\/neuigkeiten-in-kuerze-30-8-2026\\\/#primaryimage\"},\"image\":{\"@id\":\"https:\\\/\\\/tuttosprint.ch\\\/de\\\/neuigkeiten-in-kuerze-30-8-2026\\\/#primaryimage\"},\"thumbnailUrl\":\"https:\\\/\\\/tuttosprint.ch\\\/wp-content\\\/uploads\\\/2026\\\/08\\\/8-AUTO\u2011MOTO\u2011VANS-\u2013-NEUIGKEITEN-IN-KURZE.jpg\",\"datePublished\":\"2026-08-30T10:30:23+00:00\",\"description\":\"Mazda, Mercedes, BYD, Denza, Volvo, Suzuki und SBB: die wichtigsten Auto , Mobilit\u00e4ts Neuigkeiten in Kuerze aus der Schweiz.\",\"inLanguage\":\"de-DE\",\"potentialAction\":[{\"@type\":\"ReadAction\",\"target\":[\"https:\\\/\\\/tuttosprint.ch\\\/de\\\/neuigkeiten-in-kuerze-30-8-2026\\\/\"]}]},{\"@type\":\"ImageObject\",\"inLanguage\":\"de-DE\",\"@id\":\"https:\\\/\\\/tuttosprint.ch\\\/de\\\/neuigkeiten-in-kuerze-30-8-2026\\\/#primaryimage\",\"url\":\"https:\\\/\\\/tuttosprint.ch\\\/wp-content\\\/uploads\\\/2026\\\/08\\\/8-AUTO\u2011MOTO\u2011VANS-\u2013-NEUIGKEITEN-IN-KURZE.jpg\",\"contentUrl\":\"https:\\\/\\\/tuttosprint.ch\\\/wp-content\\\/uploads\\\/2026\\\/08\\\/8-AUTO\u2011MOTO\u2011VANS-\u2013-NEUIGKEITEN-IN-KURZE.jpg\",\"width\":1350,\"height\":900,\"caption\":\"Mazda CX-60 3.3 D Takumi Plus ym26 -ph-tsp\"},{\"@type\":\"WebSite\",\"@id\":\"https:\\\/\\\/tuttosprint.ch\\\/#website\",\"url\":\"https:\\\/\\\/tuttosprint.ch\\\/\",\"name\":\"Tuttosprint\",\"description\":\"\",\"publisher\":{\"@id\":\"https:\\\/\\\/tuttosprint.ch\\\/#organization\"},\"potentialAction\":[{\"@type\":\"SearchAction\",\"target\":{\"@type\":\"EntryPoint\",\"urlTemplate\":\"https:\\\/\\\/tuttosprint.ch\\\/?s={search_term_string}\"},\"query-input\":{\"@type\":\"PropertyValueSpecification\",\"valueRequired\":true,\"valueName\":\"search_term_string\"}}],\"inLanguage\":\"de-DE\"},{\"@type\":\"Organization\",\"@id\":\"https:\\\/\\\/tuttosprint.ch\\\/#organization\",\"name\":\"Tuttosprint\",\"url\":\"https:\\\/\\\/tuttosprint.ch\\\/\",\"logo\":{\"@type\":\"ImageObject\",\"inLanguage\":\"de-DE\",\"@id\":\"https:\\\/\\\/tuttosprint.ch\\\/#\\\/schema\\\/logo\\\/image\\\/\",\"url\":\"https:\\\/\\\/tuttosprint.ch\\\/wp-content\\\/uploads\\\/2018\\\/05\\\/Logo_pos_Tuttosprint-2.png\",\"contentUrl\":\"https:\\\/\\\/tuttosprint.ch\\\/wp-content\\\/uploads\\\/2018\\\/05\\\/Logo_pos_Tuttosprint-2.png\",\"width\":350,\"height\":55,\"caption\":\"Tuttosprint\"},\"image\":{\"@id\":\"https:\\\/\\\/tuttosprint.ch\\\/#\\\/schema\\\/logo\\\/image\\\/\"}},{\"@type\":\"Person\",\"@id\":\"https:\\\/\\\/tuttosprint.ch\\\/#\\\/schema\\\/person\\\/84dfe95b43201d701bfdc5df5b4fa1f4\",\"name\":\"Red. TSP\",\"image\":{\"@type\":\"ImageObject\",\"inLanguage\":\"de-DE\",\"@id\":\"https:\\\/\\\/secure.gravatar.com\\\/avatar\\\/cf0c9e614551eb65b068b8ae2042e0ec60c802bc0fb815d4ebbd1eff13a2e9ad?s=96&d=mm&r=g\",\"url\":\"https:\\\/\\\/secure.gravatar.com\\\/avatar\\\/cf0c9e614551eb65b068b8ae2042e0ec60c802bc0fb815d4ebbd1eff13a2e9ad?s=96&d=mm&r=g\",\"contentUrl\":\"https:\\\/\\\/secure.gravatar.com\\\/avatar\\\/cf0c9e614551eb65b068b8ae2042e0ec60c802bc0fb815d4ebbd1eff13a2e9ad?s=96&d=mm&r=g\",\"caption\":\"Red. TSP\"},\"url\":\"https:\\\/\\\/tuttosprint.ch\\\/de\\\/author\\\/info_vb03q6f2\\\/\"}]}<\/script>\n<!-- \/ Yoast SEO plugin. -->","yoast_head_json":{"title":"Auto, Moto, Mobilit\u00e4tsneuheiten in K\u00fcrze aus der Schweiz - 30.8.26 - Tuttosprint","description":"Mazda, Mercedes, BYD, Denza, Volvo, Suzuki und SBB: die wichtigsten Auto , Mobilit\u00e4ts Neuigkeiten in Kuerze aus der Schweiz.","robots":{"index":"index","follow":"follow","max-snippet":"max-snippet:-1","max-image-preview":"max-image-preview:large","max-video-preview":"max-video-preview:-1"},"canonical":"https:\/\/tuttosprint.ch\/de\/neuigkeiten-in-kuerze-30-8-2026\/","og_locale":"de_DE","og_type":"article","og_title":"Auto, Moto, Mobilit\u00e4tsneuheiten in K\u00fcrze aus der Schweiz - 30.8.26 - Tuttosprint","og_description":"Mazda, Mercedes, BYD, Denza, Volvo, Suzuki und SBB: die wichtigsten Auto , Mobilit\u00e4ts Neuigkeiten in Kuerze aus der Schweiz.","og_url":"https:\/\/tuttosprint.ch\/de\/neuigkeiten-in-kuerze-30-8-2026\/","og_site_name":"Tuttosprint","article_published_time":"2026-08-30T10:30:23+00:00","og_image":[{"width":1350,"height":900,"url":"https:\/\/tuttosprint.ch\/wp-content\/uploads\/2026\/08\/8-AUTO\u2011MOTO\u2011VANS-\u2013-NEUIGKEITEN-IN-KURZE.jpg","type":"image\/jpeg"}],"author":"Red. TSP","twitter_card":"summary_large_image","twitter_misc":{"Verfasst von":"Red. TSP","Gesch\u00e4tzte Lesezeit":"3 Minuten"},"schema":{"@context":"https:\/\/schema.org","@graph":[{"@type":"Article","@id":"https:\/\/tuttosprint.ch\/de\/neuigkeiten-in-kuerze-30-8-2026\/#article","isPartOf":{"@id":"https:\/\/tuttosprint.ch\/de\/neuigkeiten-in-kuerze-30-8-2026\/"},"author":{"name":"Red. TSP","@id":"https:\/\/tuttosprint.ch\/#\/schema\/person\/84dfe95b43201d701bfdc5df5b4fa1f4"},"headline":"DIE WICHTIGSTEN NEUIGKEITEN AUS AUTO, MOTORRAD, SCOOTER UND ELEKTROMOBILIT\u00c4T &#8211; 30.8.2026","datePublished":"2026-08-30T10:30:23+00:00","mainEntityOfPage":{"@id":"https:\/\/tuttosprint.ch\/de\/neuigkeiten-in-kuerze-30-8-2026\/"},"wordCount":443,"publisher":{"@id":"https:\/\/tuttosprint.ch\/#organization"},"image":{"@id":"https:\/\/tuttosprint.ch\/de\/neuigkeiten-in-kuerze-30-8-2026\/#primaryimage"},"thumbnailUrl":"https:\/\/tuttosprint.ch\/wp-content\/uploads\/2026\/08\/8-AUTO\u2011MOTO\u2011VANS-\u2013-NEUIGKEITEN-IN-KURZE.jpg","keywords":["Auto","Elektro","Mobilit\u00e4t","motorrad","Neuheiten","Schweiz","Sicherheit","Vans"],"articleSection":["AUTO\/MOTO-DE","News"],"inLanguage":"de-DE"},{"@type":"WebPage","@id":"https:\/\/tuttosprint.ch\/de\/neuigkeiten-in-kuerze-30-8-2026\/","url":"https:\/\/tuttosprint.ch\/de\/neuigkeiten-in-kuerze-30-8-2026\/","name":"Auto, Moto, Mobilit\u00e4tsneuheiten in K\u00fcrze aus der Schweiz - 30.8.26 - Tuttosprint","isPartOf":{"@id":"https:\/\/tuttosprint.ch\/#website"},"primaryImageOfPage":{"@id":"https:\/\/tuttosprint.ch\/de\/neuigkeiten-in-kuerze-30-8-2026\/#primaryimage"},"image":{"@id":"https:\/\/tuttosprint.ch\/de\/neuigkeiten-in-kuerze-30-8-2026\/#primaryimage"},"thumbnailUrl":"https:\/\/tuttosprint.ch\/wp-content\/uploads\/2026\/08\/8-AUTO\u2011MOTO\u2011VANS-\u2013-NEUIGKEITEN-IN-KURZE.jpg","datePublished":"2026-08-30T10:30:23+00:00","description":"Mazda, Mercedes, BYD, Denza, Volvo, Suzuki und SBB: die wichtigsten Auto , Mobilit\u00e4ts Neuigkeiten in Kuerze aus der Schweiz.","inLanguage":"de-DE","potentialAction":[{"@type":"ReadAction","target":["https:\/\/tuttosprint.ch\/de\/neuigkeiten-in-kuerze-30-8-2026\/"]}]},{"@type":"ImageObject","inLanguage":"de-DE","@id":"https:\/\/tuttosprint.ch\/de\/neuigkeiten-in-kuerze-30-8-2026\/#primaryimage","url":"https:\/\/tuttosprint.ch\/wp-content\/uploads\/2026\/08\/8-AUTO\u2011MOTO\u2011VANS-\u2013-NEUIGKEITEN-IN-KURZE.jpg","contentUrl":"https:\/\/tuttosprint.ch\/wp-content\/uploads\/2026\/08\/8-AUTO\u2011MOTO\u2011VANS-\u2013-NEUIGKEITEN-IN-KURZE.jpg","width":1350,"height":900,"caption":"Mazda CX-60 3.3 D Takumi Plus ym26 -ph-tsp"},{"@type":"WebSite","@id":"https:\/\/tuttosprint.ch\/#website","url":"https:\/\/tuttosprint.ch\/","name":"Tuttosprint","description":"","publisher":{"@id":"https:\/\/tuttosprint.ch\/#organization"},"potentialAction":[{"@type":"SearchAction","target":{"@type":"EntryPoint","urlTemplate":"https:\/\/tuttosprint.ch\/?s={search_term_string}"},"query-input":{"@type":"PropertyValueSpecification","valueRequired":true,"valueName":"search_term_string"}}],"inLanguage":"de-DE"},{"@type":"Organization","@id":"https:\/\/tuttosprint.ch\/#organization","name":"Tuttosprint","url":"https:\/\/tuttosprint.ch\/","logo":{"@type":"ImageObject","inLanguage":"de-DE","@id":"https:\/\/tuttosprint.ch\/#\/schema\/logo\/image\/","url":"https:\/\/tuttosprint.ch\/wp-content\/uploads\/2018\/05\/Logo_pos_Tuttosprint-2.png","contentUrl":"https:\/\/tuttosprint.ch\/wp-content\/uploads\/2018\/05\/Logo_pos_Tuttosprint-2.png","width":350,"height":55,"caption":"Tuttosprint"},"image":{"@id":"https:\/\/tuttosprint.ch\/#\/schema\/logo\/image\/"}},{"@type":"Person","@id":"https:\/\/tuttosprint.ch\/#\/schema\/person\/84dfe95b43201d701bfdc5df5b4fa1f4","name":"Red. TSP","image":{"@type":"ImageObject","inLanguage":"de-DE","@id":"https:\/\/secure.gravatar.com\/avatar\/cf0c9e614551eb65b068b8ae2042e0ec60c802bc0fb815d4ebbd1eff13a2e9ad?s=96&d=mm&r=g","url":"https:\/\/secure.gravatar.com\/avatar\/cf0c9e614551eb65b068b8ae2042e0ec60c802bc0fb815d4ebbd1eff13a2e9ad?s=96&d=mm&r=g","contentUrl":"https:\/\/secure.gravatar.com\/avatar\/cf0c9e614551eb65b068b8ae2042e0ec60c802bc0fb815d4ebbd1eff13a2e9ad?s=96&d=mm&r=g","caption":"Red. TSP"},"url":"https:\/\/tuttosprint.ch\/de\/author\/info_vb03q6f2\/"}]}},"_links":{"self":[{"href":"https:\/\/tuttosprint.ch\/de\/wp-json\/wp\/v2\/posts\/58387","targetHints":{"allow":["GET"]}}],"collection":[{"href":"https:\/\/tuttosprint.ch\/de\/wp-json\/wp\/v2\/posts"}],"about":[{"href":"https:\/\/tuttosprint.ch\/de\/wp-json\/wp\/v2\/types\/post"}],"author":[{"embeddable":true,"href":"https:\/\/tuttosprint.ch\/de\/wp-json\/wp\/v2\/users\/1"}],"replies":[{"embeddable":true,"href":"https:\/\/tuttosprint.ch\/de\/wp-json\/wp\/v2\/comments?post=58387"}],"version-history":[{"count":2,"href":"https:\/\/tuttosprint.ch\/de\/wp-json\/wp\/v2\/posts\/58387\/revisions"}],"predecessor-version":[{"id":58391,"href":"https:\/\/tuttosprint.ch\/de\/wp-json\/wp\/v2\/posts\/58387\/revisions\/58391"}],"wp:featuredmedia":[{"embeddable":true,"href":"https:\/\/tuttosprint.ch\/de\/wp-json\/wp\/v2\/media\/58388"}],"wp:attachment":[{"href":"https:\/\/tuttosprint.ch\/de\/wp-json\/wp\/v2\/media?parent=58387"}],"wp:term":[{"taxonomy":"category","embeddable":true,"href":"https:\/\/tuttosprint.ch\/de\/wp-json\/wp\/v2\/categories?post=58387"},{"taxonomy":"post_tag","embeddable":true,"href":"https:\/\/tuttosprint.ch\/de\/wp-json\/wp\/v2\/tags?post=58387"}],"curies":[{"name":"wp","href":"https:\/\/api.w.org\/{rel}","templated":true}]}}