{"id":58406,"date":"2026-08-30T19:11:25","date_gmt":"2026-08-30T17:11:25","guid":{"rendered":"https:\/\/tuttosprint.ch\/?p=58406"},"modified":"2026-08-30T19:11:26","modified_gmt":"2026-08-30T17:11:26","slug":"motogp-aragon-2026-moto2-und-moto3-aus-reifensicht","status":"publish","type":"post","link":"https:\/\/tuttosprint.ch\/de\/motogp-aragon-2026-moto2-und-moto3-aus-reifensicht\/","title":{"rendered":"MOTOGP ARAG\u00d3N 2026 \u2013 MOTO2 UND MOTO3 AUS REIFENSICHT"},"content":{"rendered":"\n<p class=\"wp-block-paragraph\"><strong>L\u00f3pez gewinnt von der Pole.<\/strong> Beim GP von Arag\u00f3n setzte sich Alonso L\u00f3pez nach 19 Runden in der Moto2 durch und verwies Izan Guevara und David Alonso auf die weiteren Podestpl\u00e4tze. Alle 29 Fahrer starteten hinten mit der Supersoft-Gamma SCX, w\u00e4hrend L\u00f3pez und Alonso vorne auf die Soft-Gamma SC1 setzten. Guevara w\u00e4hlte die neue Entwicklungs-Spezifikation E1089, die an diesem Wochenende ihr WM\u2011Deb\u00fct gab und ihm den zweiten Platz einbrachte. Sechs weitere Fahrer entschieden sich ebenfalls f\u00fcr den neuen Vorderreifen. Das Rennen fand bei 43 \u00b0C Asphalt- und 27 \u00b0C Lufttemperatur statt.<\/p>\n\n\n\n<p class=\"wp-block-paragraph\"><strong>Quiles holt den siebten Sieg.<\/strong> In der Moto3 vertraute fast das gesamte Feld auf die Medium-Gamma SC2 an beiden Achsen, nur zwei Fahrer starteten vorne mit der Soft SC1. M\u00e1ximo Quiles sicherte sich seinen siebten Saisonsieg vor David Almansa und Marco Morelli, alle auf KTM. Die 17 Rennrunden wurden bei 38 \u00b0C Asphalt- und 24 \u00b0C Lufttemperatur absolviert.<\/p>\n\n\n\n<p class=\"wp-block-paragraph\"><strong>Rennen mit hohem Tempo.<\/strong> Die Moto2 war \u00fcber acht Sekunden schneller als im Vorjahr, mit einem durchschnittlichen Fortschritt von 433 Tausendsteln pro Runde. Die schnellste Rennrunde stellte Ivan Ortola in 1:50.198 auf und verbesserte den bisherigen Wert um 129 Tausendstel. In der Moto3 fiel die Gesamtzeit um mehr als 18 Sekunden, mit einem Rundenschnitt, der um \u00fcber eine Sekunde zulegte. Marco Morelli setzte in 1:56.675 einen neuen Referenzwert f\u00fcr die schnellste Rennrunde.<\/p>\n\n\n\n<figure class=\"wp-block-gallery has-nested-images columns-2 is-cropped wp-block-gallery-1 is-layout-flex wp-block-gallery-is-layout-flex\">\n<figure class=\"wp-block-image size-full\"><img loading=\"lazy\" decoding=\"async\" width=\"600\" height=\"400\" data-id=\"58398\" src=\"https:\/\/tuttosprint.ch\/wp-content\/uploads\/2026\/08\/maximo-quiles-ktm.jpg\" alt=\"Maximo Quiles KTM\" class=\"wp-image-58398\" srcset=\"https:\/\/tuttosprint.ch\/wp-content\/uploads\/2026\/08\/maximo-quiles-ktm.jpg 600w, https:\/\/tuttosprint.ch\/wp-content\/uploads\/2026\/08\/maximo-quiles-ktm-300x200.jpg 300w\" sizes=\"auto, (max-width: 600px) 100vw, 600px\" \/><figcaption class=\"wp-element-caption\">Maximo Quiles KTM Moto3 &#8211; Credit: Pirelli<\/figcaption><\/figure>\n\n\n\n<figure class=\"wp-block-image size-full\"><img loading=\"lazy\" decoding=\"async\" width=\"600\" height=\"400\" data-id=\"58400\" src=\"https:\/\/tuttosprint.ch\/wp-content\/uploads\/2026\/08\/m-ximo-quiles-ktm-3.jpg\" alt=\"Maximo Quiles KTM\" class=\"wp-image-58400\" srcset=\"https:\/\/tuttosprint.ch\/wp-content\/uploads\/2026\/08\/m-ximo-quiles-ktm-3.jpg 600w, https:\/\/tuttosprint.ch\/wp-content\/uploads\/2026\/08\/m-ximo-quiles-ktm-3-300x200.jpg 300w\" sizes=\"auto, (max-width: 600px) 100vw, 600px\" \/><figcaption class=\"wp-element-caption\">Maximo Quiles KTM Moto3 &#8211; Credit: Pirelli<\/figcaption><\/figure>\n\n\n\n<figure class=\"wp-block-image size-full\"><img loading=\"lazy\" decoding=\"async\" width=\"600\" height=\"400\" data-id=\"58402\" src=\"https:\/\/tuttosprint.ch\/wp-content\/uploads\/2026\/08\/podium-moto2-1.jpg\" alt=\"Podium Moto2 Aragona 2026 \" class=\"wp-image-58402\" srcset=\"https:\/\/tuttosprint.ch\/wp-content\/uploads\/2026\/08\/podium-moto2-1.jpg 600w, https:\/\/tuttosprint.ch\/wp-content\/uploads\/2026\/08\/podium-moto2-1-300x200.jpg 300w\" sizes=\"auto, (max-width: 600px) 100vw, 600px\" \/><figcaption class=\"wp-element-caption\">Podium Moto2 Aragon 2026  1\u00b0 Alonso L\u00f3pez Kalex, 2\u00b0 Izan Guevara Coscoscuro \u00b0 David Alonso Kalex<\/figcaption><\/figure>\n<\/figure>\n\n\n\n<h4 class=\"wp-block-heading\"><em><strong>NEUE RENNREFERENZEN UND GELUNGENES DEB\u00dcT DES NEUEN VORDERREIFENS<\/strong> <\/em><\/h4>\n\n\n<div class=\"wp-block-image\">\n<figure class=\"aligncenter size-full\"><img loading=\"lazy\" decoding=\"async\" width=\"550\" height=\"131\" src=\"https:\/\/tuttosprint.ch\/wp-content\/uploads\/2026\/02\/GIORGIO-BARBIER-DIRETTORE-PIRELLI-RACING-MOTO.jpg\" alt=\"GIORGIO BARBIER DIRETTORE PIRELLI RACING MOTO\" class=\"wp-image-52301\" srcset=\"https:\/\/tuttosprint.ch\/wp-content\/uploads\/2026\/02\/GIORGIO-BARBIER-DIRETTORE-PIRELLI-RACING-MOTO.jpg 550w, https:\/\/tuttosprint.ch\/wp-content\/uploads\/2026\/02\/GIORGIO-BARBIER-DIRETTORE-PIRELLI-RACING-MOTO-300x71.jpg 300w\" sizes=\"auto, (max-width: 550px) 100vw, 550px\" \/><\/figure>\n<\/div>\n\n\n<p class=\"wp-block-paragraph\"><em>\u201eDer GP von Arag\u00f3n hat in beiden Kategorien die wichtigen Fortschritte best\u00e4tigt, die in den letzten Rennen sichtbar wurden. Die Gesamtleistung und die absoluten Zeiten haben auch auf einer Strecke, die die Reifen stark beansprucht, zu neuen Rekorden gef\u00fchrt. In der Moto2\u2122 war die Verbesserung sowohl bei den Rundenzeiten als auch \u00fcber die gesamte Renndistanz deutlich, mit einem neuen Rekord f\u00fcr die schnellste Rennrunde, der um vier Zehntel verbessert wurde, und einem Fortschritt von 8 Sekunden \u00fcber die gesamte Renndistanz. W\u00e4hrend die Wahl am Hinterrad einstimmig auf die Supersoft-Gamma SCX fiel, erwies sich die Entscheidung, bei diesem Rennen den neuen Entwicklungsreifen in der Spezifikation E1089 als m\u00f6gliche Alternative zur Soft-Gamma SC1 an der Vorderachse einzusetzen, als positiv. Das zeigt der zweite Platz von Guevara, der das Verhalten des Reifens bereits im freien Training sch\u00e4tzte. Dieses Ergebnis, zusammen mit den Platzierungen der anderen Fahrer, die sich entschieden haben, das Rennen mit dieser neuen Spezifikation zu bestreiten und in aussichtsreichen Positionen zu finishen, wird es uns erm\u00f6glichen, wichtige Daten f\u00fcr die Fortsetzung unserer Entwicklungsarbeit zu sammeln. Auch im Rennen der Moto3\u2122, in dem fast das gesamte Starterfeld auf die Medium-Gamma SC2-L\u00f6sung an beiden Achsen setzte, waren die Fortschritte deutlich. Das zeigt die Verbesserung von 18 Sekunden im Vergleich zur letztj\u00e4hrigen Renndistanz, mit einem Fortschritt von einer Sekunde beim Rundenschnitt und einem neuen Rekord f\u00fcr die schnellste Rennrunde, der um mehr als zwei Zehntel verbessert wurde.\u201c<\/em><\/p>\n\n\n<div class=\"wp-block-image\">\n<figure class=\"aligncenter size-full\"><img loading=\"lazy\" decoding=\"async\" width=\"549\" height=\"255\" src=\"https:\/\/tuttosprint.ch\/wp-content\/uploads\/2026\/08\/5501100.jpg\" alt=\"550,1100\" class=\"wp-image-58394\" srcset=\"https:\/\/tuttosprint.ch\/wp-content\/uploads\/2026\/08\/5501100.jpg 549w, https:\/\/tuttosprint.ch\/wp-content\/uploads\/2026\/08\/5501100-300x139.jpg 300w\" sizes=\"auto, (max-width: 549px) 100vw, 549px\" \/><\/figure>\n<\/div>\n\n\n<p class=\"has-text-align-center has-accent-color has-base-background-color has-text-color has-background has-link-color has-small-font-size wp-elements-1 wp-block-paragraph\"><em>Red. TSP<br>Tuttosprint \u2013 Mobilit\u00e4t, Motoren, Reisen und Lifestyle.<\/em><\/p>\n","protected":false},"excerpt":{"rendered":"<p>L\u00f3pez gewinnt von der Pole. Beim GP von Arag\u00f3n setzte sich Alonso\u2026<\/p>\n","protected":false},"author":1,"featured_media":58396,"comment_status":"closed","ping_status":"closed","sticky":false,"template":"","format":"standard","meta":{"footnotes":""},"categories":[19],"tags":[],"class_list":["post-58406","post","type-post","status-publish","format-standard","has-post-thumbnail","hentry","category-unkategorisiert"],"yoast_head":"<!-- This site is optimized with the Yoast SEO plugin v28.4 - https:\/\/yoast.com\/product\/yoast-seo-wordpress\/ -->\n<title>MOTOGP ARAG\u00d3N 2026 \u2013 MOTO2 UND MOTO3 AUS REIFENSICHT - Tuttosprint<\/title>\n<meta name=\"robots\" content=\"index, follow, max-snippet:-1, max-image-preview:large, max-video-preview:-1\" \/>\n<link rel=\"canonical\" href=\"https:\/\/tuttosprint.ch\/de\/motogp-aragon-2026-moto2-und-moto3-aus-reifensicht\/\" \/>\n<meta property=\"og:locale\" content=\"de_DE\" \/>\n<meta property=\"og:type\" content=\"article\" \/>\n<meta property=\"og:title\" content=\"MOTOGP ARAG\u00d3N 2026 \u2013 MOTO2 UND MOTO3 AUS REIFENSICHT - Tuttosprint\" \/>\n<meta property=\"og:description\" content=\"L\u00f3pez gewinnt von der Pole. Beim GP von Arag\u00f3n setzte sich Alonso\u2026\" \/>\n<meta property=\"og:url\" content=\"https:\/\/tuttosprint.ch\/de\/motogp-aragon-2026-moto2-und-moto3-aus-reifensicht\/\" \/>\n<meta property=\"og:site_name\" content=\"Tuttosprint\" \/>\n<meta property=\"article:published_time\" content=\"2026-08-30T17:11:25+00:00\" \/>\n<meta property=\"article:modified_time\" content=\"2026-08-30T17:11:26+00:00\" \/>\n<meta property=\"og:image\" content=\"https:\/\/tuttosprint.ch\/wp-content\/uploads\/2026\/08\/alonso-l-pez-kalex-.jpg\" \/>\n\t<meta property=\"og:image:width\" content=\"1920\" \/>\n\t<meta property=\"og:image:height\" content=\"1280\" \/>\n\t<meta property=\"og:image:type\" content=\"image\/jpeg\" \/>\n<meta name=\"author\" content=\"Red. TSP\" \/>\n<meta name=\"twitter:card\" content=\"summary_large_image\" \/>\n<meta name=\"twitter:label1\" content=\"Verfasst von\" \/>\n\t<meta name=\"twitter:data1\" content=\"Red. TSP\" \/>\n\t<meta name=\"twitter:label2\" content=\"Gesch\u00e4tzte Lesezeit\" \/>\n\t<meta name=\"twitter:data2\" content=\"4 Minuten\" \/>\n<script type=\"application\/ld+json\" class=\"yoast-schema-graph\">{\"@context\":\"https:\\\/\\\/schema.org\",\"@graph\":[{\"@type\":\"Article\",\"@id\":\"https:\\\/\\\/tuttosprint.ch\\\/de\\\/motogp-aragon-2026-moto2-und-moto3-aus-reifensicht\\\/#article\",\"isPartOf\":{\"@id\":\"https:\\\/\\\/tuttosprint.ch\\\/de\\\/motogp-aragon-2026-moto2-und-moto3-aus-reifensicht\\\/\"},\"author\":{\"name\":\"Red. TSP\",\"@id\":\"https:\\\/\\\/tuttosprint.ch\\\/#\\\/schema\\\/person\\\/84dfe95b43201d701bfdc5df5b4fa1f4\"},\"headline\":\"MOTOGP ARAG\u00d3N 2026 \u2013 MOTO2 UND MOTO3 AUS REIFENSICHT\",\"datePublished\":\"2026-08-30T17:11:25+00:00\",\"dateModified\":\"2026-08-30T17:11:26+00:00\",\"mainEntityOfPage\":{\"@id\":\"https:\\\/\\\/tuttosprint.ch\\\/de\\\/motogp-aragon-2026-moto2-und-moto3-aus-reifensicht\\\/\"},\"wordCount\":509,\"publisher\":{\"@id\":\"https:\\\/\\\/tuttosprint.ch\\\/#organization\"},\"image\":{\"@id\":\"https:\\\/\\\/tuttosprint.ch\\\/de\\\/motogp-aragon-2026-moto2-und-moto3-aus-reifensicht\\\/#primaryimage\"},\"thumbnailUrl\":\"https:\\\/\\\/tuttosprint.ch\\\/wp-content\\\/uploads\\\/2026\\\/08\\\/alonso-l-pez-kalex-.jpg\",\"articleSection\":[\"Unkategorisiert\"],\"inLanguage\":\"de-DE\"},{\"@type\":\"WebPage\",\"@id\":\"https:\\\/\\\/tuttosprint.ch\\\/de\\\/motogp-aragon-2026-moto2-und-moto3-aus-reifensicht\\\/\",\"url\":\"https:\\\/\\\/tuttosprint.ch\\\/de\\\/motogp-aragon-2026-moto2-und-moto3-aus-reifensicht\\\/\",\"name\":\"MOTOGP ARAG\u00d3N 2026 \u2013 MOTO2 UND MOTO3 AUS REIFENSICHT - Tuttosprint\",\"isPartOf\":{\"@id\":\"https:\\\/\\\/tuttosprint.ch\\\/#website\"},\"primaryImageOfPage\":{\"@id\":\"https:\\\/\\\/tuttosprint.ch\\\/de\\\/motogp-aragon-2026-moto2-und-moto3-aus-reifensicht\\\/#primaryimage\"},\"image\":{\"@id\":\"https:\\\/\\\/tuttosprint.ch\\\/de\\\/motogp-aragon-2026-moto2-und-moto3-aus-reifensicht\\\/#primaryimage\"},\"thumbnailUrl\":\"https:\\\/\\\/tuttosprint.ch\\\/wp-content\\\/uploads\\\/2026\\\/08\\\/alonso-l-pez-kalex-.jpg\",\"datePublished\":\"2026-08-30T17:11:25+00:00\",\"dateModified\":\"2026-08-30T17:11:26+00:00\",\"inLanguage\":\"de-DE\",\"potentialAction\":[{\"@type\":\"ReadAction\",\"target\":[\"https:\\\/\\\/tuttosprint.ch\\\/de\\\/motogp-aragon-2026-moto2-und-moto3-aus-reifensicht\\\/\"]}]},{\"@type\":\"ImageObject\",\"inLanguage\":\"de-DE\",\"@id\":\"https:\\\/\\\/tuttosprint.ch\\\/de\\\/motogp-aragon-2026-moto2-und-moto3-aus-reifensicht\\\/#primaryimage\",\"url\":\"https:\\\/\\\/tuttosprint.ch\\\/wp-content\\\/uploads\\\/2026\\\/08\\\/alonso-l-pez-kalex-.jpg\",\"contentUrl\":\"https:\\\/\\\/tuttosprint.ch\\\/wp-content\\\/uploads\\\/2026\\\/08\\\/alonso-l-pez-kalex-.jpg\",\"width\":1920,\"height\":1280,\"caption\":\"Alonso L\u00f3pez Kalex Moto2 - Credit: Pirelli\"},{\"@type\":\"WebSite\",\"@id\":\"https:\\\/\\\/tuttosprint.ch\\\/#website\",\"url\":\"https:\\\/\\\/tuttosprint.ch\\\/\",\"name\":\"Tuttosprint\",\"description\":\"\",\"publisher\":{\"@id\":\"https:\\\/\\\/tuttosprint.ch\\\/#organization\"},\"potentialAction\":[{\"@type\":\"SearchAction\",\"target\":{\"@type\":\"EntryPoint\",\"urlTemplate\":\"https:\\\/\\\/tuttosprint.ch\\\/?s={search_term_string}\"},\"query-input\":{\"@type\":\"PropertyValueSpecification\",\"valueRequired\":true,\"valueName\":\"search_term_string\"}}],\"inLanguage\":\"de-DE\"},{\"@type\":\"Organization\",\"@id\":\"https:\\\/\\\/tuttosprint.ch\\\/#organization\",\"name\":\"Tuttosprint\",\"url\":\"https:\\\/\\\/tuttosprint.ch\\\/\",\"logo\":{\"@type\":\"ImageObject\",\"inLanguage\":\"de-DE\",\"@id\":\"https:\\\/\\\/tuttosprint.ch\\\/#\\\/schema\\\/logo\\\/image\\\/\",\"url\":\"https:\\\/\\\/tuttosprint.ch\\\/wp-content\\\/uploads\\\/2018\\\/05\\\/Logo_pos_Tuttosprint-2.png\",\"contentUrl\":\"https:\\\/\\\/tuttosprint.ch\\\/wp-content\\\/uploads\\\/2018\\\/05\\\/Logo_pos_Tuttosprint-2.png\",\"width\":350,\"height\":55,\"caption\":\"Tuttosprint\"},\"image\":{\"@id\":\"https:\\\/\\\/tuttosprint.ch\\\/#\\\/schema\\\/logo\\\/image\\\/\"}},{\"@type\":\"Person\",\"@id\":\"https:\\\/\\\/tuttosprint.ch\\\/#\\\/schema\\\/person\\\/84dfe95b43201d701bfdc5df5b4fa1f4\",\"name\":\"Red. TSP\",\"image\":{\"@type\":\"ImageObject\",\"inLanguage\":\"de-DE\",\"@id\":\"https:\\\/\\\/secure.gravatar.com\\\/avatar\\\/cf0c9e614551eb65b068b8ae2042e0ec60c802bc0fb815d4ebbd1eff13a2e9ad?s=96&d=mm&r=g\",\"url\":\"https:\\\/\\\/secure.gravatar.com\\\/avatar\\\/cf0c9e614551eb65b068b8ae2042e0ec60c802bc0fb815d4ebbd1eff13a2e9ad?s=96&d=mm&r=g\",\"contentUrl\":\"https:\\\/\\\/secure.gravatar.com\\\/avatar\\\/cf0c9e614551eb65b068b8ae2042e0ec60c802bc0fb815d4ebbd1eff13a2e9ad?s=96&d=mm&r=g\",\"caption\":\"Red. TSP\"},\"url\":\"https:\\\/\\\/tuttosprint.ch\\\/de\\\/author\\\/info_vb03q6f2\\\/\"}]}<\/script>\n<!-- \/ Yoast SEO plugin. -->","yoast_head_json":{"title":"MOTOGP ARAG\u00d3N 2026 \u2013 MOTO2 UND MOTO3 AUS REIFENSICHT - Tuttosprint","robots":{"index":"index","follow":"follow","max-snippet":"max-snippet:-1","max-image-preview":"max-image-preview:large","max-video-preview":"max-video-preview:-1"},"canonical":"https:\/\/tuttosprint.ch\/de\/motogp-aragon-2026-moto2-und-moto3-aus-reifensicht\/","og_locale":"de_DE","og_type":"article","og_title":"MOTOGP ARAG\u00d3N 2026 \u2013 MOTO2 UND MOTO3 AUS REIFENSICHT - Tuttosprint","og_description":"L\u00f3pez gewinnt von der Pole. Beim GP von Arag\u00f3n setzte sich Alonso\u2026","og_url":"https:\/\/tuttosprint.ch\/de\/motogp-aragon-2026-moto2-und-moto3-aus-reifensicht\/","og_site_name":"Tuttosprint","article_published_time":"2026-08-30T17:11:25+00:00","article_modified_time":"2026-08-30T17:11:26+00:00","og_image":[{"width":1920,"height":1280,"url":"https:\/\/tuttosprint.ch\/wp-content\/uploads\/2026\/08\/alonso-l-pez-kalex-.jpg","type":"image\/jpeg"}],"author":"Red. TSP","twitter_card":"summary_large_image","twitter_misc":{"Verfasst von":"Red. TSP","Gesch\u00e4tzte Lesezeit":"4 Minuten"},"schema":{"@context":"https:\/\/schema.org","@graph":[{"@type":"Article","@id":"https:\/\/tuttosprint.ch\/de\/motogp-aragon-2026-moto2-und-moto3-aus-reifensicht\/#article","isPartOf":{"@id":"https:\/\/tuttosprint.ch\/de\/motogp-aragon-2026-moto2-und-moto3-aus-reifensicht\/"},"author":{"name":"Red. TSP","@id":"https:\/\/tuttosprint.ch\/#\/schema\/person\/84dfe95b43201d701bfdc5df5b4fa1f4"},"headline":"MOTOGP ARAG\u00d3N 2026 \u2013 MOTO2 UND MOTO3 AUS REIFENSICHT","datePublished":"2026-08-30T17:11:25+00:00","dateModified":"2026-08-30T17:11:26+00:00","mainEntityOfPage":{"@id":"https:\/\/tuttosprint.ch\/de\/motogp-aragon-2026-moto2-und-moto3-aus-reifensicht\/"},"wordCount":509,"publisher":{"@id":"https:\/\/tuttosprint.ch\/#organization"},"image":{"@id":"https:\/\/tuttosprint.ch\/de\/motogp-aragon-2026-moto2-und-moto3-aus-reifensicht\/#primaryimage"},"thumbnailUrl":"https:\/\/tuttosprint.ch\/wp-content\/uploads\/2026\/08\/alonso-l-pez-kalex-.jpg","articleSection":["Unkategorisiert"],"inLanguage":"de-DE"},{"@type":"WebPage","@id":"https:\/\/tuttosprint.ch\/de\/motogp-aragon-2026-moto2-und-moto3-aus-reifensicht\/","url":"https:\/\/tuttosprint.ch\/de\/motogp-aragon-2026-moto2-und-moto3-aus-reifensicht\/","name":"MOTOGP ARAG\u00d3N 2026 \u2013 MOTO2 UND MOTO3 AUS REIFENSICHT - Tuttosprint","isPartOf":{"@id":"https:\/\/tuttosprint.ch\/#website"},"primaryImageOfPage":{"@id":"https:\/\/tuttosprint.ch\/de\/motogp-aragon-2026-moto2-und-moto3-aus-reifensicht\/#primaryimage"},"image":{"@id":"https:\/\/tuttosprint.ch\/de\/motogp-aragon-2026-moto2-und-moto3-aus-reifensicht\/#primaryimage"},"thumbnailUrl":"https:\/\/tuttosprint.ch\/wp-content\/uploads\/2026\/08\/alonso-l-pez-kalex-.jpg","datePublished":"2026-08-30T17:11:25+00:00","dateModified":"2026-08-30T17:11:26+00:00","inLanguage":"de-DE","potentialAction":[{"@type":"ReadAction","target":["https:\/\/tuttosprint.ch\/de\/motogp-aragon-2026-moto2-und-moto3-aus-reifensicht\/"]}]},{"@type":"ImageObject","inLanguage":"de-DE","@id":"https:\/\/tuttosprint.ch\/de\/motogp-aragon-2026-moto2-und-moto3-aus-reifensicht\/#primaryimage","url":"https:\/\/tuttosprint.ch\/wp-content\/uploads\/2026\/08\/alonso-l-pez-kalex-.jpg","contentUrl":"https:\/\/tuttosprint.ch\/wp-content\/uploads\/2026\/08\/alonso-l-pez-kalex-.jpg","width":1920,"height":1280,"caption":"Alonso L\u00f3pez Kalex Moto2 - Credit: Pirelli"},{"@type":"WebSite","@id":"https:\/\/tuttosprint.ch\/#website","url":"https:\/\/tuttosprint.ch\/","name":"Tuttosprint","description":"","publisher":{"@id":"https:\/\/tuttosprint.ch\/#organization"},"potentialAction":[{"@type":"SearchAction","target":{"@type":"EntryPoint","urlTemplate":"https:\/\/tuttosprint.ch\/?s={search_term_string}"},"query-input":{"@type":"PropertyValueSpecification","valueRequired":true,"valueName":"search_term_string"}}],"inLanguage":"de-DE"},{"@type":"Organization","@id":"https:\/\/tuttosprint.ch\/#organization","name":"Tuttosprint","url":"https:\/\/tuttosprint.ch\/","logo":{"@type":"ImageObject","inLanguage":"de-DE","@id":"https:\/\/tuttosprint.ch\/#\/schema\/logo\/image\/","url":"https:\/\/tuttosprint.ch\/wp-content\/uploads\/2018\/05\/Logo_pos_Tuttosprint-2.png","contentUrl":"https:\/\/tuttosprint.ch\/wp-content\/uploads\/2018\/05\/Logo_pos_Tuttosprint-2.png","width":350,"height":55,"caption":"Tuttosprint"},"image":{"@id":"https:\/\/tuttosprint.ch\/#\/schema\/logo\/image\/"}},{"@type":"Person","@id":"https:\/\/tuttosprint.ch\/#\/schema\/person\/84dfe95b43201d701bfdc5df5b4fa1f4","name":"Red. TSP","image":{"@type":"ImageObject","inLanguage":"de-DE","@id":"https:\/\/secure.gravatar.com\/avatar\/cf0c9e614551eb65b068b8ae2042e0ec60c802bc0fb815d4ebbd1eff13a2e9ad?s=96&d=mm&r=g","url":"https:\/\/secure.gravatar.com\/avatar\/cf0c9e614551eb65b068b8ae2042e0ec60c802bc0fb815d4ebbd1eff13a2e9ad?s=96&d=mm&r=g","contentUrl":"https:\/\/secure.gravatar.com\/avatar\/cf0c9e614551eb65b068b8ae2042e0ec60c802bc0fb815d4ebbd1eff13a2e9ad?s=96&d=mm&r=g","caption":"Red. TSP"},"url":"https:\/\/tuttosprint.ch\/de\/author\/info_vb03q6f2\/"}]}},"_links":{"self":[{"href":"https:\/\/tuttosprint.ch\/de\/wp-json\/wp\/v2\/posts\/58406","targetHints":{"allow":["GET"]}}],"collection":[{"href":"https:\/\/tuttosprint.ch\/de\/wp-json\/wp\/v2\/posts"}],"about":[{"href":"https:\/\/tuttosprint.ch\/de\/wp-json\/wp\/v2\/types\/post"}],"author":[{"embeddable":true,"href":"https:\/\/tuttosprint.ch\/de\/wp-json\/wp\/v2\/users\/1"}],"replies":[{"embeddable":true,"href":"https:\/\/tuttosprint.ch\/de\/wp-json\/wp\/v2\/comments?post=58406"}],"version-history":[{"count":1,"href":"https:\/\/tuttosprint.ch\/de\/wp-json\/wp\/v2\/posts\/58406\/revisions"}],"predecessor-version":[{"id":58407,"href":"https:\/\/tuttosprint.ch\/de\/wp-json\/wp\/v2\/posts\/58406\/revisions\/58407"}],"wp:featuredmedia":[{"embeddable":true,"href":"https:\/\/tuttosprint.ch\/de\/wp-json\/wp\/v2\/media\/58396"}],"wp:attachment":[{"href":"https:\/\/tuttosprint.ch\/de\/wp-json\/wp\/v2\/media?parent=58406"}],"wp:term":[{"taxonomy":"category","embeddable":true,"href":"https:\/\/tuttosprint.ch\/de\/wp-json\/wp\/v2\/categories?post=58406"},{"taxonomy":"post_tag","embeddable":true,"href":"https:\/\/tuttosprint.ch\/de\/wp-json\/wp\/v2\/tags?post=58406"}],"curies":[{"name":"wp","href":"https:\/\/api.w.org\/{rel}","templated":true}]}}