{"id":7033,"date":"2019-03-08T17:36:35","date_gmt":"2019-03-08T17:36:35","guid":{"rendered":"https:\/\/tuttosprint.ch\/?p=7033"},"modified":"2019-03-08T17:36:35","modified_gmt":"2019-03-08T17:36:35","slug":"bertha-benz-die-reise-die-alles-veraenderte","status":"publish","type":"post","link":"https:\/\/tuttosprint.ch\/de\/bertha-benz-die-reise-die-alles-veraenderte\/","title":{"rendered":"Bertha Benz: Die Reise, die alles ver\u00e4nderte"},"content":{"rendered":"<p>Schlieren. Die Marke mit dem Stern richtet den Scheinwerfer auf die Frau, ohne die es das Unternehmen so vielleicht nie gegeben h\u00e4tte: Bertha Benz. Anl\u00e4sslich ihres 170. Geburtstags am 3. Mai erz\u00e4hlen die Stuttgarter Berthas historische Langstreckenfahrt in Spielfilmqualit\u00e4t nach und ermutigen damit Menschen auf der ganzen Welt, ihre Visionen mit Courage und Selbstvertrauen wahr werden zu lassen. Der Film \u201eBertha Benz: the journey that changed everything\u201c ist als Inspiration allen Frauen und M\u00e4nnern zum internationalen Weltfrauentag am 8. M\u00e4rz gewidmet.<\/p>\n<p><iframe loading=\"lazy\" title=\"Bertha Benz: The Journey That Changed Everything\" width=\"1200\" height=\"675\" src=\"https:\/\/www.youtube.com\/embed\/vsGrFYD5Nfs?feature=oembed\" frameborder=\"0\" allow=\"accelerometer; autoplay; clipboard-write; encrypted-media; gyroscope; picture-in-picture; web-share\" referrerpolicy=\"strict-origin-when-cross-origin\" allowfullscreen><\/iframe><\/p>\n<p>\u201eMeinem Team war es wichtig, Bertha Benz als starke Frau und zeitloses Vorbild zu zeigen\u201c, so Bettina Fetzer, Marketingchefin Mercedes-Benz Cars. \u201eBertha war eine Pionierin und unsere erste Testfahrerin. Ihr Mut und ihr Wille, nicht vorschnell aufzugeben, inspirieren mich sehr. Mit unserem Film wollen wir Menschen motivieren, mit einer \u00e4hnlich positiven, anpackenden Art durchs Leben zu gehen und Herausforderungen selbstbewusst anzugehen.\u201c<\/p>\n<p>Bertha Benz\u2018 Entschluss, der Erfindung ihres Mannes Carl durch die erste automobile Langstreckenfahrt ins knapp 100 Kilometer entfernte Pforzheim mehr Aufmerksamkeit zu verschaffen, liegt \u00fcber 130 Jahre zur\u00fcck. Dennoch ist ihre couragierte Tat aktueller denn je, denn auch in der heutigen mobilen Welt sind Visionen, Durchsetzungskraft und der Glaube an sich selbst wichtige Voraussetzungen f\u00fcr Erfolg. Und damit ist Bertha Benz das beste Vorbild f\u00fcr Pioniere der Gegenwart in allen Lebensbereichen.<\/p>\n<p>\u201eSie war wagemutiger als ich\u201c, sagte ihr Mann Carl Benz \u00fcber seine Frau. Er, der Erfinder, hatte mit seinem Automobil die Mobilit\u00e4t des 19. Jahrhunderts revolutioniert. Dieser Erfolg, der die Welt ver\u00e4ndert hat, ist ohne Bertha Benz und ohne ihren unersch\u00fctterlichen Optimismus sowie ihre F\u00e4higkeit, auch aus schwierigen Situationen einen Ausweg zu finden, kaum denkbar. Als die \u00d6ffentlichkeit der neuen, von \u201egeheimnisvollen\u201c Kr\u00e4ften bewegten, pferdelosen Kutsche noch skeptisch gegen\u00fcberstand, machte sie sich kurzerhand mit den beiden S\u00f6hnen Eugen und Richard auf den damals recht strapazi\u00f6sen Weg nach Pforzheim. Im Gep\u00e4ck: der feste Glaube an die Erfindung ihres Mannes und an sich selbst.<\/p>\n<p>Diese Geschichte erz\u00e4hlt Mercedes-Benz in einem viermin\u00fctigen Kurzfilm \u201eBertha Benz: the journey that changed everything\u201c emotional nach \u2013 in der auch die legend\u00e4re erste Tankstelle der Welt eine Rolle spielt. F\u00fcr die Kreation des Films zeichnet die europ\u00e4ische Lead-Kreativagentur antoni Garage verantwortlich. Die Produktionsfirma ist Anorak Film. Regie f\u00fchrte Sebastian Strasser und als Creative Director antoni wirkte Alice Bottaro mit.<\/p>\n<p><strong>Live miterleben: Das Leben der Mobilit\u00e4tspionierin als H\u00f6rspiel<\/strong><br \/>\nRund um den Geburtstag von Bertha Benz widmet sich das Mercedes-Benz Museum ebenfalls ihrem Leben und Wirken. Vom 3. bis 5. Mai 2019 gastiert das Live-H\u00f6rspiel \u201eMein Traum ist l\u00e4nger als die Nacht\u201c \u00fcber das Leben der Mobilit\u00e4tspionierin Bertha Benz im Casino des Mercedes-Benz Museums. Die Inszenierung nach dem Roman von Angela Elis ist mit zwei Abend- und zwei Familienvorstellungen sowohl am 170. Geburtstag (3. Mai) als auch am 75. Todestag von Bertha Benz (5. Mai) zu sehen. Mehr Informationen und Tickets sind unter <a href=\"http:\/\/www.mercedes-benz.com\/museum\">www.mercedes-benz.com\/museum<\/a> zu finden.<\/p>\n","protected":false},"excerpt":{"rendered":"<p>Schlieren. Die Marke mit dem Stern richtet den Scheinwerfer auf die Frau,\u2026<\/p>\n","protected":false},"author":1,"featured_media":7034,"comment_status":"open","ping_status":"open","sticky":false,"template":"","format":"image","meta":{"footnotes":""},"categories":[22,21],"tags":[],"class_list":["post-7033","post","type-post","status-publish","format-image","has-post-thumbnail","hentry","category-auto-moto-de","category-news","post_format-post-format-image"],"yoast_head":"<!-- This site is optimized with the Yoast SEO plugin v27.4 - https:\/\/yoast.com\/product\/yoast-seo-wordpress\/ -->\n<title>Bertha Benz: Die Reise, die alles ver\u00e4nderte - Tuttosprint<\/title>\n<meta name=\"robots\" content=\"index, follow, max-snippet:-1, max-image-preview:large, max-video-preview:-1\" \/>\n<link rel=\"canonical\" href=\"https:\/\/tuttosprint.ch\/de\/bertha-benz-die-reise-die-alles-veraenderte\/\" \/>\n<meta property=\"og:locale\" content=\"de_DE\" \/>\n<meta property=\"og:type\" content=\"article\" \/>\n<meta property=\"og:title\" content=\"Bertha Benz: Die Reise, die alles ver\u00e4nderte - Tuttosprint\" \/>\n<meta property=\"og:description\" content=\"Schlieren. Die Marke mit dem Stern richtet den Scheinwerfer auf die Frau,\u2026\" \/>\n<meta property=\"og:url\" content=\"https:\/\/tuttosprint.ch\/de\/bertha-benz-die-reise-die-alles-veraenderte\/\" \/>\n<meta property=\"og:site_name\" content=\"Tuttosprint\" \/>\n<meta property=\"article:published_time\" content=\"2019-03-08T17:36:35+00:00\" \/>\n<meta property=\"og:image\" content=\"https:\/\/tuttosprint.ch\/wp-content\/uploads\/2019\/03\/19C0177_007.jpg\" \/>\n\t<meta property=\"og:image:width\" content=\"1920\" \/>\n\t<meta property=\"og:image:height\" content=\"1080\" \/>\n\t<meta property=\"og:image:type\" content=\"image\/jpeg\" \/>\n<meta name=\"author\" content=\"Red. TSP\" \/>\n<meta name=\"twitter:card\" content=\"summary_large_image\" \/>\n<meta name=\"twitter:label1\" content=\"Verfasst von\" \/>\n\t<meta name=\"twitter:data1\" content=\"Red. TSP\" \/>\n\t<meta name=\"twitter:label2\" content=\"Gesch\u00e4tzte Lesezeit\" \/>\n\t<meta name=\"twitter:data2\" content=\"2 Minuten\" \/>\n<script type=\"application\/ld+json\" class=\"yoast-schema-graph\">{\"@context\":\"https:\\\/\\\/schema.org\",\"@graph\":[{\"@type\":\"Article\",\"@id\":\"https:\\\/\\\/tuttosprint.ch\\\/de\\\/bertha-benz-die-reise-die-alles-veraenderte\\\/#article\",\"isPartOf\":{\"@id\":\"https:\\\/\\\/tuttosprint.ch\\\/de\\\/bertha-benz-die-reise-die-alles-veraenderte\\\/\"},\"author\":{\"name\":\"Red. TSP\",\"@id\":\"https:\\\/\\\/tuttosprint.ch\\\/#\\\/schema\\\/person\\\/84dfe95b43201d701bfdc5df5b4fa1f4\"},\"headline\":\"Bertha Benz: Die Reise, die alles ver\u00e4nderte\",\"datePublished\":\"2019-03-08T17:36:35+00:00\",\"mainEntityOfPage\":{\"@id\":\"https:\\\/\\\/tuttosprint.ch\\\/de\\\/bertha-benz-die-reise-die-alles-veraenderte\\\/\"},\"wordCount\":501,\"commentCount\":0,\"publisher\":{\"@id\":\"https:\\\/\\\/tuttosprint.ch\\\/#organization\"},\"image\":{\"@id\":\"https:\\\/\\\/tuttosprint.ch\\\/de\\\/bertha-benz-die-reise-die-alles-veraenderte\\\/#primaryimage\"},\"thumbnailUrl\":\"https:\\\/\\\/tuttosprint.ch\\\/wp-content\\\/uploads\\\/2019\\\/03\\\/19C0177_007.jpg\",\"articleSection\":[\"Auto\\\/Moto\",\"News\"],\"inLanguage\":\"de-DE\"},{\"@type\":\"WebPage\",\"@id\":\"https:\\\/\\\/tuttosprint.ch\\\/de\\\/bertha-benz-die-reise-die-alles-veraenderte\\\/\",\"url\":\"https:\\\/\\\/tuttosprint.ch\\\/de\\\/bertha-benz-die-reise-die-alles-veraenderte\\\/\",\"name\":\"Bertha Benz: Die Reise, die alles ver\u00e4nderte - Tuttosprint\",\"isPartOf\":{\"@id\":\"https:\\\/\\\/tuttosprint.ch\\\/#website\"},\"primaryImageOfPage\":{\"@id\":\"https:\\\/\\\/tuttosprint.ch\\\/de\\\/bertha-benz-die-reise-die-alles-veraenderte\\\/#primaryimage\"},\"image\":{\"@id\":\"https:\\\/\\\/tuttosprint.ch\\\/de\\\/bertha-benz-die-reise-die-alles-veraenderte\\\/#primaryimage\"},\"thumbnailUrl\":\"https:\\\/\\\/tuttosprint.ch\\\/wp-content\\\/uploads\\\/2019\\\/03\\\/19C0177_007.jpg\",\"datePublished\":\"2019-03-08T17:36:35+00:00\",\"inLanguage\":\"de-DE\",\"potentialAction\":[{\"@type\":\"ReadAction\",\"target\":[\"https:\\\/\\\/tuttosprint.ch\\\/de\\\/bertha-benz-die-reise-die-alles-veraenderte\\\/\"]}]},{\"@type\":\"ImageObject\",\"inLanguage\":\"de-DE\",\"@id\":\"https:\\\/\\\/tuttosprint.ch\\\/de\\\/bertha-benz-die-reise-die-alles-veraenderte\\\/#primaryimage\",\"url\":\"https:\\\/\\\/tuttosprint.ch\\\/wp-content\\\/uploads\\\/2019\\\/03\\\/19C0177_007.jpg\",\"contentUrl\":\"https:\\\/\\\/tuttosprint.ch\\\/wp-content\\\/uploads\\\/2019\\\/03\\\/19C0177_007.jpg\",\"width\":1920,\"height\":1080,\"caption\":\"Ausschnitt aus dem Film: \\\"Bertha Benz: Die Reise, die alles ver\u00e4nderte\\\"\"},{\"@type\":\"WebSite\",\"@id\":\"https:\\\/\\\/tuttosprint.ch\\\/#website\",\"url\":\"https:\\\/\\\/tuttosprint.ch\\\/\",\"name\":\"Tuttosprint\",\"description\":\"\",\"publisher\":{\"@id\":\"https:\\\/\\\/tuttosprint.ch\\\/#organization\"},\"potentialAction\":[{\"@type\":\"SearchAction\",\"target\":{\"@type\":\"EntryPoint\",\"urlTemplate\":\"https:\\\/\\\/tuttosprint.ch\\\/?s={search_term_string}\"},\"query-input\":{\"@type\":\"PropertyValueSpecification\",\"valueRequired\":true,\"valueName\":\"search_term_string\"}}],\"inLanguage\":\"de-DE\"},{\"@type\":\"Organization\",\"@id\":\"https:\\\/\\\/tuttosprint.ch\\\/#organization\",\"name\":\"Tuttosprint\",\"url\":\"https:\\\/\\\/tuttosprint.ch\\\/\",\"logo\":{\"@type\":\"ImageObject\",\"inLanguage\":\"de-DE\",\"@id\":\"https:\\\/\\\/tuttosprint.ch\\\/#\\\/schema\\\/logo\\\/image\\\/\",\"url\":\"https:\\\/\\\/tuttosprint.ch\\\/wp-content\\\/uploads\\\/2018\\\/05\\\/Logo_pos_Tuttosprint-2.png\",\"contentUrl\":\"https:\\\/\\\/tuttosprint.ch\\\/wp-content\\\/uploads\\\/2018\\\/05\\\/Logo_pos_Tuttosprint-2.png\",\"width\":350,\"height\":55,\"caption\":\"Tuttosprint\"},\"image\":{\"@id\":\"https:\\\/\\\/tuttosprint.ch\\\/#\\\/schema\\\/logo\\\/image\\\/\"}},{\"@type\":\"Person\",\"@id\":\"https:\\\/\\\/tuttosprint.ch\\\/#\\\/schema\\\/person\\\/84dfe95b43201d701bfdc5df5b4fa1f4\",\"name\":\"Red. TSP\",\"image\":{\"@type\":\"ImageObject\",\"inLanguage\":\"de-DE\",\"@id\":\"https:\\\/\\\/secure.gravatar.com\\\/avatar\\\/cf0c9e614551eb65b068b8ae2042e0ec60c802bc0fb815d4ebbd1eff13a2e9ad?s=96&d=mm&r=g\",\"url\":\"https:\\\/\\\/secure.gravatar.com\\\/avatar\\\/cf0c9e614551eb65b068b8ae2042e0ec60c802bc0fb815d4ebbd1eff13a2e9ad?s=96&d=mm&r=g\",\"contentUrl\":\"https:\\\/\\\/secure.gravatar.com\\\/avatar\\\/cf0c9e614551eb65b068b8ae2042e0ec60c802bc0fb815d4ebbd1eff13a2e9ad?s=96&d=mm&r=g\",\"caption\":\"Red. TSP\"},\"url\":\"https:\\\/\\\/tuttosprint.ch\\\/de\\\/author\\\/info_vb03q6f2\\\/\"}]}<\/script>\n<!-- \/ Yoast SEO plugin. -->","yoast_head_json":{"title":"Bertha Benz: Die Reise, die alles ver\u00e4nderte - Tuttosprint","robots":{"index":"index","follow":"follow","max-snippet":"max-snippet:-1","max-image-preview":"max-image-preview:large","max-video-preview":"max-video-preview:-1"},"canonical":"https:\/\/tuttosprint.ch\/de\/bertha-benz-die-reise-die-alles-veraenderte\/","og_locale":"de_DE","og_type":"article","og_title":"Bertha Benz: Die Reise, die alles ver\u00e4nderte - Tuttosprint","og_description":"Schlieren. Die Marke mit dem Stern richtet den Scheinwerfer auf die Frau,\u2026","og_url":"https:\/\/tuttosprint.ch\/de\/bertha-benz-die-reise-die-alles-veraenderte\/","og_site_name":"Tuttosprint","article_published_time":"2019-03-08T17:36:35+00:00","og_image":[{"width":1920,"height":1080,"url":"https:\/\/tuttosprint.ch\/wp-content\/uploads\/2019\/03\/19C0177_007.jpg","type":"image\/jpeg"}],"author":"Red. TSP","twitter_card":"summary_large_image","twitter_misc":{"Verfasst von":"Red. TSP","Gesch\u00e4tzte Lesezeit":"2 Minuten"},"schema":{"@context":"https:\/\/schema.org","@graph":[{"@type":"Article","@id":"https:\/\/tuttosprint.ch\/de\/bertha-benz-die-reise-die-alles-veraenderte\/#article","isPartOf":{"@id":"https:\/\/tuttosprint.ch\/de\/bertha-benz-die-reise-die-alles-veraenderte\/"},"author":{"name":"Red. TSP","@id":"https:\/\/tuttosprint.ch\/#\/schema\/person\/84dfe95b43201d701bfdc5df5b4fa1f4"},"headline":"Bertha Benz: Die Reise, die alles ver\u00e4nderte","datePublished":"2019-03-08T17:36:35+00:00","mainEntityOfPage":{"@id":"https:\/\/tuttosprint.ch\/de\/bertha-benz-die-reise-die-alles-veraenderte\/"},"wordCount":501,"commentCount":0,"publisher":{"@id":"https:\/\/tuttosprint.ch\/#organization"},"image":{"@id":"https:\/\/tuttosprint.ch\/de\/bertha-benz-die-reise-die-alles-veraenderte\/#primaryimage"},"thumbnailUrl":"https:\/\/tuttosprint.ch\/wp-content\/uploads\/2019\/03\/19C0177_007.jpg","articleSection":["Auto\/Moto","News"],"inLanguage":"de-DE"},{"@type":"WebPage","@id":"https:\/\/tuttosprint.ch\/de\/bertha-benz-die-reise-die-alles-veraenderte\/","url":"https:\/\/tuttosprint.ch\/de\/bertha-benz-die-reise-die-alles-veraenderte\/","name":"Bertha Benz: Die Reise, die alles ver\u00e4nderte - Tuttosprint","isPartOf":{"@id":"https:\/\/tuttosprint.ch\/#website"},"primaryImageOfPage":{"@id":"https:\/\/tuttosprint.ch\/de\/bertha-benz-die-reise-die-alles-veraenderte\/#primaryimage"},"image":{"@id":"https:\/\/tuttosprint.ch\/de\/bertha-benz-die-reise-die-alles-veraenderte\/#primaryimage"},"thumbnailUrl":"https:\/\/tuttosprint.ch\/wp-content\/uploads\/2019\/03\/19C0177_007.jpg","datePublished":"2019-03-08T17:36:35+00:00","inLanguage":"de-DE","potentialAction":[{"@type":"ReadAction","target":["https:\/\/tuttosprint.ch\/de\/bertha-benz-die-reise-die-alles-veraenderte\/"]}]},{"@type":"ImageObject","inLanguage":"de-DE","@id":"https:\/\/tuttosprint.ch\/de\/bertha-benz-die-reise-die-alles-veraenderte\/#primaryimage","url":"https:\/\/tuttosprint.ch\/wp-content\/uploads\/2019\/03\/19C0177_007.jpg","contentUrl":"https:\/\/tuttosprint.ch\/wp-content\/uploads\/2019\/03\/19C0177_007.jpg","width":1920,"height":1080,"caption":"Ausschnitt aus dem Film: \"Bertha Benz: Die Reise, die alles ver\u00e4nderte\""},{"@type":"WebSite","@id":"https:\/\/tuttosprint.ch\/#website","url":"https:\/\/tuttosprint.ch\/","name":"Tuttosprint","description":"","publisher":{"@id":"https:\/\/tuttosprint.ch\/#organization"},"potentialAction":[{"@type":"SearchAction","target":{"@type":"EntryPoint","urlTemplate":"https:\/\/tuttosprint.ch\/?s={search_term_string}"},"query-input":{"@type":"PropertyValueSpecification","valueRequired":true,"valueName":"search_term_string"}}],"inLanguage":"de-DE"},{"@type":"Organization","@id":"https:\/\/tuttosprint.ch\/#organization","name":"Tuttosprint","url":"https:\/\/tuttosprint.ch\/","logo":{"@type":"ImageObject","inLanguage":"de-DE","@id":"https:\/\/tuttosprint.ch\/#\/schema\/logo\/image\/","url":"https:\/\/tuttosprint.ch\/wp-content\/uploads\/2018\/05\/Logo_pos_Tuttosprint-2.png","contentUrl":"https:\/\/tuttosprint.ch\/wp-content\/uploads\/2018\/05\/Logo_pos_Tuttosprint-2.png","width":350,"height":55,"caption":"Tuttosprint"},"image":{"@id":"https:\/\/tuttosprint.ch\/#\/schema\/logo\/image\/"}},{"@type":"Person","@id":"https:\/\/tuttosprint.ch\/#\/schema\/person\/84dfe95b43201d701bfdc5df5b4fa1f4","name":"Red. TSP","image":{"@type":"ImageObject","inLanguage":"de-DE","@id":"https:\/\/secure.gravatar.com\/avatar\/cf0c9e614551eb65b068b8ae2042e0ec60c802bc0fb815d4ebbd1eff13a2e9ad?s=96&d=mm&r=g","url":"https:\/\/secure.gravatar.com\/avatar\/cf0c9e614551eb65b068b8ae2042e0ec60c802bc0fb815d4ebbd1eff13a2e9ad?s=96&d=mm&r=g","contentUrl":"https:\/\/secure.gravatar.com\/avatar\/cf0c9e614551eb65b068b8ae2042e0ec60c802bc0fb815d4ebbd1eff13a2e9ad?s=96&d=mm&r=g","caption":"Red. TSP"},"url":"https:\/\/tuttosprint.ch\/de\/author\/info_vb03q6f2\/"}]}},"_links":{"self":[{"href":"https:\/\/tuttosprint.ch\/de\/wp-json\/wp\/v2\/posts\/7033","targetHints":{"allow":["GET"]}}],"collection":[{"href":"https:\/\/tuttosprint.ch\/de\/wp-json\/wp\/v2\/posts"}],"about":[{"href":"https:\/\/tuttosprint.ch\/de\/wp-json\/wp\/v2\/types\/post"}],"author":[{"embeddable":true,"href":"https:\/\/tuttosprint.ch\/de\/wp-json\/wp\/v2\/users\/1"}],"replies":[{"embeddable":true,"href":"https:\/\/tuttosprint.ch\/de\/wp-json\/wp\/v2\/comments?post=7033"}],"version-history":[{"count":1,"href":"https:\/\/tuttosprint.ch\/de\/wp-json\/wp\/v2\/posts\/7033\/revisions"}],"predecessor-version":[{"id":7037,"href":"https:\/\/tuttosprint.ch\/de\/wp-json\/wp\/v2\/posts\/7033\/revisions\/7037"}],"wp:featuredmedia":[{"embeddable":true,"href":"https:\/\/tuttosprint.ch\/de\/wp-json\/wp\/v2\/media\/7034"}],"wp:attachment":[{"href":"https:\/\/tuttosprint.ch\/de\/wp-json\/wp\/v2\/media?parent=7033"}],"wp:term":[{"taxonomy":"category","embeddable":true,"href":"https:\/\/tuttosprint.ch\/de\/wp-json\/wp\/v2\/categories?post=7033"},{"taxonomy":"post_tag","embeddable":true,"href":"https:\/\/tuttosprint.ch\/de\/wp-json\/wp\/v2\/tags?post=7033"}],"curies":[{"name":"wp","href":"https:\/\/api.w.org\/{rel}","templated":true}]}}