{"id":8694,"date":"2019-05-21T09:39:51","date_gmt":"2019-05-21T09:39:51","guid":{"rendered":"https:\/\/tuttosprint.ch\/?p=8694"},"modified":"2019-05-21T09:44:26","modified_gmt":"2019-05-21T09:44:26","slug":"erste-eindruecke-auf-die-neue-skoda-superb","status":"publish","type":"post","link":"https:\/\/tuttosprint.ch\/de\/erste-eindruecke-auf-die-neue-skoda-superb\/","title":{"rendered":"Erste Eindr\u00fccke auf die neue \u0160koda Superb"},"content":{"rendered":"<h3><span style=\"color: #000000; font-family: Calibri;\">\u0160KODA STELLT \u00dcBERARBEITETES FLAGGSCHIFF VOR, DAS ERSTMALS AUCH IN EINER ROBUSTEN SCOUT-VERSION ANGEBOTEN WIRD &#8211; OFFIZIELLE WELTPREMIERE FINDET IM RAHMEN DER IIHF-EISHOCKEY-WM IN BRATISLAVA STATT &#8211;<\/span><\/h3>\n<p><span style=\"color: #000000; font-family: Calibri;\">Mlad\u00e1 Boleslav, Mai 2019 \u2013 Der Countdown l\u00e4uft: In wenigen Tagen feiern der aufgewertete \u0160koda Superb sowie der neue Superb Scout ihre Weltpremiere. <\/span><\/p>\n<p><span style=\"color: #000000; font-family: Calibri;\">Am Tag der Viertelfinalspiele der diesj\u00e4hrigen IIHF-Eishockey-Weltmeisterschaft im slowakischen Bratislava pr\u00e4sentiert der tschechische Automobilhersteller die \u00fcberarbeitete Superb-Modellreihe der \u00d6ffentlichkeit. <\/span><\/p>\n<p><span style=\"color: #000000; font-family: Calibri;\">Als langj\u00e4hriger offizieller Hauptsponsor der WM nutzt \u0160koda den Sportevent erstmals als Rahmen f\u00fcr eine Fahrzeugpr\u00e4sentation. <\/span><\/p>\n<p><iframe loading=\"lazy\" title=\"\u0160KODA SUPERB TEASER\" src=\"https:\/\/player.vimeo.com\/video\/337200138?dnt=1&amp;app_id=122963\" width=\"1200\" height=\"660\" frameborder=\"0\" allow=\"autoplay; fullscreen; picture-in-picture; clipboard-write; encrypted-media; web-share\" referrerpolicy=\"strict-origin-when-cross-origin\"><\/iframe><\/p>\n<p><span style=\"margin: 0px; line-height: 107%; font-family: 'Calibri',sans-serif; font-size: 11pt;\"><span style=\"color: #000000;\">Mit einem Video gibt der tschechische Hersteller bereits kurz vor der Weltpremiere einen ersten Eindruck auf seine \u00fcberarbeitete SUPERB-Modellreihe. <\/span><\/span><span style=\"margin: 0px; color: black; line-height: 107%; font-family: 'Arial',sans-serif; font-size: 10.5pt;\">Quelle: \u0160KODA AUTO<\/span><\/p>\n","protected":false},"excerpt":{"rendered":"<p>\u0160KODA STELLT \u00dcBERARBEITETES FLAGGSCHIFF VOR, DAS ERSTMALS AUCH IN EINER ROBUSTEN SCOUT-VERSION\u2026<\/p>\n","protected":false},"author":1,"featured_media":8691,"comment_status":"open","ping_status":"open","sticky":false,"template":"","format":"video","meta":{"footnotes":""},"categories":[21],"tags":[],"class_list":["post-8694","post","type-post","status-publish","format-video","has-post-thumbnail","hentry","category-news","post_format-post-format-video"],"yoast_head":"<!-- This site is optimized with the Yoast SEO plugin v27.4 - https:\/\/yoast.com\/product\/yoast-seo-wordpress\/ -->\n<title>Erste Eindr\u00fccke auf die neue \u0160koda Superb - Tuttosprint<\/title>\n<meta name=\"robots\" content=\"index, follow, max-snippet:-1, max-image-preview:large, max-video-preview:-1\" \/>\n<link rel=\"canonical\" href=\"https:\/\/tuttosprint.ch\/de\/erste-eindruecke-auf-die-neue-skoda-superb\/\" \/>\n<meta property=\"og:locale\" content=\"de_DE\" \/>\n<meta property=\"og:type\" content=\"article\" \/>\n<meta property=\"og:title\" content=\"Erste Eindr\u00fccke auf die neue \u0160koda Superb - Tuttosprint\" \/>\n<meta property=\"og:description\" content=\"\u0160KODA STELLT \u00dcBERARBEITETES FLAGGSCHIFF VOR, DAS ERSTMALS AUCH IN EINER ROBUSTEN SCOUT-VERSION\u2026\" \/>\n<meta property=\"og:url\" content=\"https:\/\/tuttosprint.ch\/de\/erste-eindruecke-auf-die-neue-skoda-superb\/\" \/>\n<meta property=\"og:site_name\" content=\"Tuttosprint\" \/>\n<meta property=\"article:published_time\" content=\"2019-05-21T09:39:51+00:00\" \/>\n<meta property=\"article:modified_time\" content=\"2019-05-21T09:44:26+00:00\" \/>\n<meta property=\"og:image\" content=\"https:\/\/tuttosprint.ch\/wp-content\/uploads\/2019\/05\/SKODA-SUPERB-Facelift_Design.jpg\" \/>\n\t<meta property=\"og:image:width\" content=\"1100\" \/>\n\t<meta property=\"og:image:height\" content=\"731\" \/>\n\t<meta property=\"og:image:type\" content=\"image\/jpeg\" \/>\n<meta name=\"author\" content=\"Red. TSP\" \/>\n<meta name=\"twitter:card\" content=\"summary_large_image\" \/>\n<meta name=\"twitter:label1\" content=\"Verfasst von\" \/>\n\t<meta name=\"twitter:data1\" content=\"Red. TSP\" \/>\n\t<meta name=\"twitter:label2\" content=\"Gesch\u00e4tzte Lesezeit\" \/>\n\t<meta name=\"twitter:data2\" content=\"1 Minute\" \/>\n<script type=\"application\/ld+json\" class=\"yoast-schema-graph\">{\"@context\":\"https:\\\/\\\/schema.org\",\"@graph\":[{\"@type\":\"Article\",\"@id\":\"https:\\\/\\\/tuttosprint.ch\\\/de\\\/erste-eindruecke-auf-die-neue-skoda-superb\\\/#article\",\"isPartOf\":{\"@id\":\"https:\\\/\\\/tuttosprint.ch\\\/de\\\/erste-eindruecke-auf-die-neue-skoda-superb\\\/\"},\"author\":{\"name\":\"Red. TSP\",\"@id\":\"https:\\\/\\\/tuttosprint.ch\\\/#\\\/schema\\\/person\\\/84dfe95b43201d701bfdc5df5b4fa1f4\"},\"headline\":\"Erste Eindr\u00fccke auf die neue \u0160koda Superb\",\"datePublished\":\"2019-05-21T09:39:51+00:00\",\"dateModified\":\"2019-05-21T09:44:26+00:00\",\"mainEntityOfPage\":{\"@id\":\"https:\\\/\\\/tuttosprint.ch\\\/de\\\/erste-eindruecke-auf-die-neue-skoda-superb\\\/\"},\"wordCount\":121,\"commentCount\":0,\"publisher\":{\"@id\":\"https:\\\/\\\/tuttosprint.ch\\\/#organization\"},\"image\":{\"@id\":\"https:\\\/\\\/tuttosprint.ch\\\/de\\\/erste-eindruecke-auf-die-neue-skoda-superb\\\/#primaryimage\"},\"thumbnailUrl\":\"https:\\\/\\\/tuttosprint.ch\\\/wp-content\\\/uploads\\\/2019\\\/05\\\/SKODA-SUPERB-Facelift_Design.jpg\",\"articleSection\":[\"News\"],\"inLanguage\":\"de-DE\"},{\"@type\":\"WebPage\",\"@id\":\"https:\\\/\\\/tuttosprint.ch\\\/de\\\/erste-eindruecke-auf-die-neue-skoda-superb\\\/\",\"url\":\"https:\\\/\\\/tuttosprint.ch\\\/de\\\/erste-eindruecke-auf-die-neue-skoda-superb\\\/\",\"name\":\"Erste Eindr\u00fccke auf die neue \u0160koda Superb - Tuttosprint\",\"isPartOf\":{\"@id\":\"https:\\\/\\\/tuttosprint.ch\\\/#website\"},\"primaryImageOfPage\":{\"@id\":\"https:\\\/\\\/tuttosprint.ch\\\/de\\\/erste-eindruecke-auf-die-neue-skoda-superb\\\/#primaryimage\"},\"image\":{\"@id\":\"https:\\\/\\\/tuttosprint.ch\\\/de\\\/erste-eindruecke-auf-die-neue-skoda-superb\\\/#primaryimage\"},\"thumbnailUrl\":\"https:\\\/\\\/tuttosprint.ch\\\/wp-content\\\/uploads\\\/2019\\\/05\\\/SKODA-SUPERB-Facelift_Design.jpg\",\"datePublished\":\"2019-05-21T09:39:51+00:00\",\"dateModified\":\"2019-05-21T09:44:26+00:00\",\"inLanguage\":\"de-DE\",\"potentialAction\":[{\"@type\":\"ReadAction\",\"target\":[\"https:\\\/\\\/tuttosprint.ch\\\/de\\\/erste-eindruecke-auf-die-neue-skoda-superb\\\/\"]}]},{\"@type\":\"ImageObject\",\"inLanguage\":\"de-DE\",\"@id\":\"https:\\\/\\\/tuttosprint.ch\\\/de\\\/erste-eindruecke-auf-die-neue-skoda-superb\\\/#primaryimage\",\"url\":\"https:\\\/\\\/tuttosprint.ch\\\/wp-content\\\/uploads\\\/2019\\\/05\\\/SKODA-SUPERB-Facelift_Design.jpg\",\"contentUrl\":\"https:\\\/\\\/tuttosprint.ch\\\/wp-content\\\/uploads\\\/2019\\\/05\\\/SKODA-SUPERB-Facelift_Design.jpg\",\"width\":1100,\"height\":731},{\"@type\":\"WebSite\",\"@id\":\"https:\\\/\\\/tuttosprint.ch\\\/#website\",\"url\":\"https:\\\/\\\/tuttosprint.ch\\\/\",\"name\":\"Tuttosprint\",\"description\":\"\",\"publisher\":{\"@id\":\"https:\\\/\\\/tuttosprint.ch\\\/#organization\"},\"potentialAction\":[{\"@type\":\"SearchAction\",\"target\":{\"@type\":\"EntryPoint\",\"urlTemplate\":\"https:\\\/\\\/tuttosprint.ch\\\/?s={search_term_string}\"},\"query-input\":{\"@type\":\"PropertyValueSpecification\",\"valueRequired\":true,\"valueName\":\"search_term_string\"}}],\"inLanguage\":\"de-DE\"},{\"@type\":\"Organization\",\"@id\":\"https:\\\/\\\/tuttosprint.ch\\\/#organization\",\"name\":\"Tuttosprint\",\"url\":\"https:\\\/\\\/tuttosprint.ch\\\/\",\"logo\":{\"@type\":\"ImageObject\",\"inLanguage\":\"de-DE\",\"@id\":\"https:\\\/\\\/tuttosprint.ch\\\/#\\\/schema\\\/logo\\\/image\\\/\",\"url\":\"https:\\\/\\\/tuttosprint.ch\\\/wp-content\\\/uploads\\\/2018\\\/05\\\/Logo_pos_Tuttosprint-2.png\",\"contentUrl\":\"https:\\\/\\\/tuttosprint.ch\\\/wp-content\\\/uploads\\\/2018\\\/05\\\/Logo_pos_Tuttosprint-2.png\",\"width\":350,\"height\":55,\"caption\":\"Tuttosprint\"},\"image\":{\"@id\":\"https:\\\/\\\/tuttosprint.ch\\\/#\\\/schema\\\/logo\\\/image\\\/\"}},{\"@type\":\"Person\",\"@id\":\"https:\\\/\\\/tuttosprint.ch\\\/#\\\/schema\\\/person\\\/84dfe95b43201d701bfdc5df5b4fa1f4\",\"name\":\"Red. TSP\",\"image\":{\"@type\":\"ImageObject\",\"inLanguage\":\"de-DE\",\"@id\":\"https:\\\/\\\/secure.gravatar.com\\\/avatar\\\/cf0c9e614551eb65b068b8ae2042e0ec60c802bc0fb815d4ebbd1eff13a2e9ad?s=96&d=mm&r=g\",\"url\":\"https:\\\/\\\/secure.gravatar.com\\\/avatar\\\/cf0c9e614551eb65b068b8ae2042e0ec60c802bc0fb815d4ebbd1eff13a2e9ad?s=96&d=mm&r=g\",\"contentUrl\":\"https:\\\/\\\/secure.gravatar.com\\\/avatar\\\/cf0c9e614551eb65b068b8ae2042e0ec60c802bc0fb815d4ebbd1eff13a2e9ad?s=96&d=mm&r=g\",\"caption\":\"Red. TSP\"},\"url\":\"https:\\\/\\\/tuttosprint.ch\\\/de\\\/author\\\/info_vb03q6f2\\\/\"}]}<\/script>\n<!-- \/ Yoast SEO plugin. -->","yoast_head_json":{"title":"Erste Eindr\u00fccke auf die neue \u0160koda Superb - Tuttosprint","robots":{"index":"index","follow":"follow","max-snippet":"max-snippet:-1","max-image-preview":"max-image-preview:large","max-video-preview":"max-video-preview:-1"},"canonical":"https:\/\/tuttosprint.ch\/de\/erste-eindruecke-auf-die-neue-skoda-superb\/","og_locale":"de_DE","og_type":"article","og_title":"Erste Eindr\u00fccke auf die neue \u0160koda Superb - Tuttosprint","og_description":"\u0160KODA STELLT \u00dcBERARBEITETES FLAGGSCHIFF VOR, DAS ERSTMALS AUCH IN EINER ROBUSTEN SCOUT-VERSION\u2026","og_url":"https:\/\/tuttosprint.ch\/de\/erste-eindruecke-auf-die-neue-skoda-superb\/","og_site_name":"Tuttosprint","article_published_time":"2019-05-21T09:39:51+00:00","article_modified_time":"2019-05-21T09:44:26+00:00","og_image":[{"width":1100,"height":731,"url":"https:\/\/tuttosprint.ch\/wp-content\/uploads\/2019\/05\/SKODA-SUPERB-Facelift_Design.jpg","type":"image\/jpeg"}],"author":"Red. TSP","twitter_card":"summary_large_image","twitter_misc":{"Verfasst von":"Red. TSP","Gesch\u00e4tzte Lesezeit":"1 Minute"},"schema":{"@context":"https:\/\/schema.org","@graph":[{"@type":"Article","@id":"https:\/\/tuttosprint.ch\/de\/erste-eindruecke-auf-die-neue-skoda-superb\/#article","isPartOf":{"@id":"https:\/\/tuttosprint.ch\/de\/erste-eindruecke-auf-die-neue-skoda-superb\/"},"author":{"name":"Red. TSP","@id":"https:\/\/tuttosprint.ch\/#\/schema\/person\/84dfe95b43201d701bfdc5df5b4fa1f4"},"headline":"Erste Eindr\u00fccke auf die neue \u0160koda Superb","datePublished":"2019-05-21T09:39:51+00:00","dateModified":"2019-05-21T09:44:26+00:00","mainEntityOfPage":{"@id":"https:\/\/tuttosprint.ch\/de\/erste-eindruecke-auf-die-neue-skoda-superb\/"},"wordCount":121,"commentCount":0,"publisher":{"@id":"https:\/\/tuttosprint.ch\/#organization"},"image":{"@id":"https:\/\/tuttosprint.ch\/de\/erste-eindruecke-auf-die-neue-skoda-superb\/#primaryimage"},"thumbnailUrl":"https:\/\/tuttosprint.ch\/wp-content\/uploads\/2019\/05\/SKODA-SUPERB-Facelift_Design.jpg","articleSection":["News"],"inLanguage":"de-DE"},{"@type":"WebPage","@id":"https:\/\/tuttosprint.ch\/de\/erste-eindruecke-auf-die-neue-skoda-superb\/","url":"https:\/\/tuttosprint.ch\/de\/erste-eindruecke-auf-die-neue-skoda-superb\/","name":"Erste Eindr\u00fccke auf die neue \u0160koda Superb - Tuttosprint","isPartOf":{"@id":"https:\/\/tuttosprint.ch\/#website"},"primaryImageOfPage":{"@id":"https:\/\/tuttosprint.ch\/de\/erste-eindruecke-auf-die-neue-skoda-superb\/#primaryimage"},"image":{"@id":"https:\/\/tuttosprint.ch\/de\/erste-eindruecke-auf-die-neue-skoda-superb\/#primaryimage"},"thumbnailUrl":"https:\/\/tuttosprint.ch\/wp-content\/uploads\/2019\/05\/SKODA-SUPERB-Facelift_Design.jpg","datePublished":"2019-05-21T09:39:51+00:00","dateModified":"2019-05-21T09:44:26+00:00","inLanguage":"de-DE","potentialAction":[{"@type":"ReadAction","target":["https:\/\/tuttosprint.ch\/de\/erste-eindruecke-auf-die-neue-skoda-superb\/"]}]},{"@type":"ImageObject","inLanguage":"de-DE","@id":"https:\/\/tuttosprint.ch\/de\/erste-eindruecke-auf-die-neue-skoda-superb\/#primaryimage","url":"https:\/\/tuttosprint.ch\/wp-content\/uploads\/2019\/05\/SKODA-SUPERB-Facelift_Design.jpg","contentUrl":"https:\/\/tuttosprint.ch\/wp-content\/uploads\/2019\/05\/SKODA-SUPERB-Facelift_Design.jpg","width":1100,"height":731},{"@type":"WebSite","@id":"https:\/\/tuttosprint.ch\/#website","url":"https:\/\/tuttosprint.ch\/","name":"Tuttosprint","description":"","publisher":{"@id":"https:\/\/tuttosprint.ch\/#organization"},"potentialAction":[{"@type":"SearchAction","target":{"@type":"EntryPoint","urlTemplate":"https:\/\/tuttosprint.ch\/?s={search_term_string}"},"query-input":{"@type":"PropertyValueSpecification","valueRequired":true,"valueName":"search_term_string"}}],"inLanguage":"de-DE"},{"@type":"Organization","@id":"https:\/\/tuttosprint.ch\/#organization","name":"Tuttosprint","url":"https:\/\/tuttosprint.ch\/","logo":{"@type":"ImageObject","inLanguage":"de-DE","@id":"https:\/\/tuttosprint.ch\/#\/schema\/logo\/image\/","url":"https:\/\/tuttosprint.ch\/wp-content\/uploads\/2018\/05\/Logo_pos_Tuttosprint-2.png","contentUrl":"https:\/\/tuttosprint.ch\/wp-content\/uploads\/2018\/05\/Logo_pos_Tuttosprint-2.png","width":350,"height":55,"caption":"Tuttosprint"},"image":{"@id":"https:\/\/tuttosprint.ch\/#\/schema\/logo\/image\/"}},{"@type":"Person","@id":"https:\/\/tuttosprint.ch\/#\/schema\/person\/84dfe95b43201d701bfdc5df5b4fa1f4","name":"Red. TSP","image":{"@type":"ImageObject","inLanguage":"de-DE","@id":"https:\/\/secure.gravatar.com\/avatar\/cf0c9e614551eb65b068b8ae2042e0ec60c802bc0fb815d4ebbd1eff13a2e9ad?s=96&d=mm&r=g","url":"https:\/\/secure.gravatar.com\/avatar\/cf0c9e614551eb65b068b8ae2042e0ec60c802bc0fb815d4ebbd1eff13a2e9ad?s=96&d=mm&r=g","contentUrl":"https:\/\/secure.gravatar.com\/avatar\/cf0c9e614551eb65b068b8ae2042e0ec60c802bc0fb815d4ebbd1eff13a2e9ad?s=96&d=mm&r=g","caption":"Red. TSP"},"url":"https:\/\/tuttosprint.ch\/de\/author\/info_vb03q6f2\/"}]}},"_links":{"self":[{"href":"https:\/\/tuttosprint.ch\/de\/wp-json\/wp\/v2\/posts\/8694","targetHints":{"allow":["GET"]}}],"collection":[{"href":"https:\/\/tuttosprint.ch\/de\/wp-json\/wp\/v2\/posts"}],"about":[{"href":"https:\/\/tuttosprint.ch\/de\/wp-json\/wp\/v2\/types\/post"}],"author":[{"embeddable":true,"href":"https:\/\/tuttosprint.ch\/de\/wp-json\/wp\/v2\/users\/1"}],"replies":[{"embeddable":true,"href":"https:\/\/tuttosprint.ch\/de\/wp-json\/wp\/v2\/comments?post=8694"}],"version-history":[{"count":4,"href":"https:\/\/tuttosprint.ch\/de\/wp-json\/wp\/v2\/posts\/8694\/revisions"}],"predecessor-version":[{"id":8699,"href":"https:\/\/tuttosprint.ch\/de\/wp-json\/wp\/v2\/posts\/8694\/revisions\/8699"}],"wp:featuredmedia":[{"embeddable":true,"href":"https:\/\/tuttosprint.ch\/de\/wp-json\/wp\/v2\/media\/8691"}],"wp:attachment":[{"href":"https:\/\/tuttosprint.ch\/de\/wp-json\/wp\/v2\/media?parent=8694"}],"wp:term":[{"taxonomy":"category","embeddable":true,"href":"https:\/\/tuttosprint.ch\/de\/wp-json\/wp\/v2\/categories?post=8694"},{"taxonomy":"post_tag","embeddable":true,"href":"https:\/\/tuttosprint.ch\/de\/wp-json\/wp\/v2\/tags?post=8694"}],"curies":[{"name":"wp","href":"https:\/\/api.w.org\/{rel}","templated":true}]}}